{"id":38096,"date":"2025-04-20T05:27:12","date_gmt":"2025-04-20T05:27:12","guid":{"rendered":"https:\/\/www.europesays.com\/fr\/38096\/"},"modified":"2025-04-20T05:27:12","modified_gmt":"2025-04-20T05:27:12","slug":"quand-monet-decouvrait-sa-vocation-grace-a-boudin","status":"publish","type":"post","link":"https:\/\/www.europesays.com\/fr\/38096\/","title":{"rendered":"quand Monet d\u00e9couvrait sa vocation gr\u00e2ce \u00e0 Boudin"},"content":{"rendered":"<p data-module=\"fig-standfirst\" data-context=\"@media (min-width:48em)\"><strong>R\u00c9CIT &#8211;<\/strong> \u00abJe consid\u00e8re Eug\u00e8ne Boudin comme mon ma\u00eetre\u00bb, \u00e9crivit Claude Monet \u00e0 la fin de sa vie. Sans Boudin, Monet serait-il Monet\u00a0?<\/p>\n<p class=\"fig-paragraph\">\u00ab Cet article est issu du Figaro Hors-S\u00e9rie \u00ab Eug\u00e8ne Boudin, le p\u00e8re de l\u2019impressionnisme\u00a0\u00bb. D\u00e9couvrez la vie, l\u2019\u0153uvre et l\u2019art de celui que Corot surnommait \u00ab le roi des ciels\u00a0\u00bb,\u00a0<a href=\"https:\/\/boutique.lefigaro.fr\/produit\/140068-eugene-boudin-le-pere-de-l-impressionnisme\" target=\"_blank\" rel=\"noopener\" data-gtm-custom-categorie=\"navigation\" data-gtm-custom-action=\"crossclick\" data-gtm-custom-label=\"Contextuel\" data-gtm-event=\"customEventSPE\">en un num\u00e9ro de 160 pages, magnifiquement illustr\u00e9<\/a> .<\/p>\n<p>    \u00ab Eug\u00e8ne Boudin, le p\u00e8re de l\u2019impressionnisme\u00a0\u00bb.<br \/>\n                Le Figaro Hors-s\u00e9rie.<\/p>\n<p class=\"fig-paragraph fig-paragraph--dropped\">Revenir \u00e0 la gen\u00e8se. \u00c0 l\u2019origine de la\u00a0<a href=\"http:\/\/www.lefigaro.fr\/arts-expositions\/dossier\/eugene-boudin-neuf-journees-de-la-vie-d-un-peintre\" target=\"_blank\" data-fig-type=\"Topic\" rel=\"noopener\" data-gtm-custom-categorie=\"navigation\" data-gtm-custom-action=\"crossclick\" data-gtm-custom-label=\"Contextuel\" data-gtm-event=\"customEventSPE\" data-fig-domain=\"LEFIGARO\">rencontre entre Eug\u00e8ne Boudin et Claude Monet<\/a>, il y a Gravier, un encadreur du\u00a0Havre, chez qui Monet expose ses portraits-charges et Boudin, ses paysages. Le jeune Monet, qui a quinze ans, d\u00e9daigne Boudin de seize ans son a\u00een\u00e9. Boudin, le sociable, qui a l\u2019\u0153il ouvert sur tout ce qui l\u2019entoure, fait le premier pas\u00a0: \u00ab\u00a0\u00c9tudiez, apprenez \u00e0 voir et \u00e0 peindre, dessinez, faites du paysage.\u00a0\u00bb Lente approche\u00a0: Monet, qui reconna\u00eet \u00eatre alors \u00ab\u00a0impr\u00e9gn\u00e9 des principes acad\u00e9miques\u00a0\u00bb, ne cache pas avoir partag\u00e9 le d\u00e9go\u00fbt du public havrais\u00a0<a href=\"http:\/\/www.lefigaro.fr\/arts-expositions\/1847-entre-le-havre-et-paris-le-peintre-eugene-boudin-a-l-ecole-des-maitres-20250415\" target=\"_blank\" data-fig-type=\"Article\" rel=\"noopener\" data-gtm-custom-categorie=\"navigation\" data-gtm-custom-action=\"crossclick\" data-gtm-custom-label=\"Contextuel\" data-gtm-event=\"customEventSPE\" data-fig-domain=\"LEFIGARO\">pour les paysages de Boudin<\/a>.<\/p>\n<p class=\"fig-paragraph fig-paragraph--dropped\">Il se laisse pourtant convaincre de l\u2019accompagner sur le motif. Il \u00e9voquera, pour Gustave Geffroy, le basculement dans la peinture\u00a0: \u00ab\u00a0Je\u2026<\/p>\n<p class=\"fig-premium-paywall__infos\">\n        Cet article est r\u00e9serv\u00e9 aux abonn\u00e9s.        Il vous reste 89% \u00e0 d\u00e9couvrir.\n    <\/p>\n<p>                <img  data- alt=\"Le Figaro\" class=\"fig-img--complete fig-img\"\/><\/p>\n<p class=\"fig-premium-paywall__title\">Vous avez envie de lire la suite ?<\/p>\n<p class=\"fig-premium-paywall__subtitle\">D\u00e9bloquez tous les articles imm\u00e9diatement.<\/p>\n<p class=\"fig-premium-paywall__connect\">\n                D\u00e9j\u00e0 abonn\u00e9\u00a0?                <a class=\"fig-premium-paywall__connect-link\" href=\"https:\/\/connect.lefigaro.fr\/login?client=horizon_web&amp;type=main&amp;redirect_uri=https%3A%2F%2Fwww.lefigaro.fr%2Farts-expositions%2Fce-fut-comme-un-voile-qui-se-dechire-quand-monet-decouvrait-sa-vocation-grace-a-boudin-20250419\" data-js-gtm=\"{&quot;customCategorie&quot;: &quot;conversion&quot;, &quot;customAction&quot;: &quot;before_Landing_Connexion_paywall_auto&quot;, &quot;customLabel&quot;: &quot;bGVmaWdhcm8uZnJfXzFmMDE5ZTdmLTRlNWItNmQ0Mi1iYmM1LWE5ODE3ZTRhNjUxN19fQXJ0aWNsZQ==_\u00abCe fut comme un voile qui se d\u00e9chire\u00bb\u00a0: quand Monet d\u00e9couvrait sa vocation gr\u00e2ce \u00e0 Boudin_138&quot;, &quot;customIDSPE&quot;: &quot;bGVmaWdhcm8uZnJfXzFmMDE5ZTdmLTRlNWItNmQ0Mi1iYmM1LWE5ODE3ZTRhNjUxN19fQXJ0aWNsZQ==&quot;, &quot;event&quot;: &quot;customEventSPE&quot;}\" target=\"_blank\" rel=\"noopener\"><br \/>\n                    Connectez-vous<br \/>\n                <\/a>\n            <\/p>\n","protected":false},"excerpt":{"rendered":"R\u00c9CIT &#8211; \u00abJe consid\u00e8re Eug\u00e8ne Boudin comme mon ma\u00eetre\u00bb, \u00e9crivit Claude Monet \u00e0 la fin de sa vie.&hellip;\n","protected":false},"author":2,"featured_media":38097,"comment_status":"","ping_status":"","sticky":false,"template":"","format":"standard","meta":{"footnotes":""},"categories":[1358],"tags":[1348,1384,1385,12046,1386,58,59,2087,1349,638,10449,1011,27,4463,11949,9692,7107,626,1585,510],"class_list":{"0":"post-38096","1":"post","2":"type-post","3":"status-publish","4":"format-standard","5":"has-post-thumbnail","7":"category-arts-et-design","8":"tag-arts","9":"tag-arts-and-design","10":"tag-arts-et-design","11":"tag-claude-monet","12":"tag-design","13":"tag-divertissement","14":"tag-entertainment","15":"tag-evenement","16":"tag-expositions","17":"tag-figaro","18":"tag-figaroscope","19":"tag-fr","20":"tag-france","21":"tag-guide","22":"tag-impressionnisme","23":"tag-lieux","24":"tag-musees","25":"tag-paris","26":"tag-peinture","27":"tag-visite"},"share_on_mastodon":{"url":"https:\/\/pubeurope.com\/@fr\/114368639360988148","error":""},"_links":{"self":[{"href":"https:\/\/www.europesays.com\/fr\/wp-json\/wp\/v2\/posts\/38096","targetHints":{"allow":["GET"]}}],"collection":[{"href":"https:\/\/www.europesays.com\/fr\/wp-json\/wp\/v2\/posts"}],"about":[{"href":"https:\/\/www.europesays.com\/fr\/wp-json\/wp\/v2\/types\/post"}],"author":[{"embeddable":true,"href":"https:\/\/www.europesays.com\/fr\/wp-json\/wp\/v2\/users\/2"}],"replies":[{"embeddable":true,"href":"https:\/\/www.europesays.com\/fr\/wp-json\/wp\/v2\/comments?post=38096"}],"version-history":[{"count":0,"href":"https:\/\/www.europesays.com\/fr\/wp-json\/wp\/v2\/posts\/38096\/revisions"}],"wp:featuredmedia":[{"embeddable":true,"href":"https:\/\/www.europesays.com\/fr\/wp-json\/wp\/v2\/media\/38097"}],"wp:attachment":[{"href":"https:\/\/www.europesays.com\/fr\/wp-json\/wp\/v2\/media?parent=38096"}],"wp:term":[{"taxonomy":"category","embeddable":true,"href":"https:\/\/www.europesays.com\/fr\/wp-json\/wp\/v2\/categories?post=38096"},{"taxonomy":"post_tag","embeddable":true,"href":"https:\/\/www.europesays.com\/fr\/wp-json\/wp\/v2\/tags?post=38096"}],"curies":[{"name":"wp","href":"https:\/\/api.w.org\/{rel}","templated":true}]}}