{"id":380963,"date":"2025-09-10T19:17:23","date_gmt":"2025-09-10T19:17:23","guid":{"rendered":"https:\/\/www.europesays.com\/fr\/380963\/"},"modified":"2025-09-10T19:17:23","modified_gmt":"2025-09-10T19:17:23","slug":"nancy-dix-bonnes-raisons-daller-au-livre-sur-la-place-lest-republicain","status":"publish","type":"post","link":"https:\/\/www.europesays.com\/fr\/380963\/","title":{"rendered":"Nancy. Dix bonnes raisons d\u2019aller au Livre sur la Place &#8211; L&#039;Est R\u00e9publicain"},"content":{"rendered":"<ol>\n<li><a href=\"https:\/\/news.google.com\/rss\/articles\/CBMiqAFBVV95cUxPQlMxVkpDdVpVdzF2MjNiYmNIWFFKNF9Mck1rTVotblQ4cm80WnRwMHYtUXBBbkdOQ1RhS25LeG9zem9kNWlHdEJzd2l5Zk5QV2Q2SUM5R0M3am1tTTgxMXdjbGk1YmRoUktibHNYSHQ1clI4ajBHeXdjNDhhdElyc1dxeVVZb3NkRmYzTFZ0UkZOLWJkUGtuSS1sdlpUelBsSk9uMXhzT2s?oc=5\" target=\"_blank\" rel=\"noopener\">Nancy. Dix bonnes raisons d\u2019aller au Livre sur la Place<\/a>&nbsp;&nbsp;L&rsquo;Est R\u00e9publicain<\/li>\n<li><a href=\"https:\/\/news.google.com\/rss\/articles\/CBMilgFBVV95cUxNUmx3LWc1MUNqNm1JMG9OUXZzajFiUVJEal9ENC1QQkUwRFp4UXJ1ZjRZSEJIMzNwemRDMHd4bmNKN2tINVRkc3JDQnFOVkpTYjNocTFqdThZcUxsTGdnLXkwVkZxdm5FT2x2WkZfN1c5OFFxbWhXQUVjUW16bG5ZRzhBSllFUDVsWkZIcllDbGVzUE5STmc?oc=5\" target=\"_blank\" rel=\"noopener\">Rentr\u00e9e litt\u00e9raire : 5 primo-romanciers \u00e0 d\u00e9couvrir<\/a>&nbsp;&nbsp;La Croix<\/li>\n<li><a href=\"https:\/\/news.google.com\/rss\/articles\/CBMi7wFBVV95cUxOb2JVR0M0SkhpM0JCQXBPZFpfQmJ5Ri0wOGRhNVhlcGpkWmRyVU9jdExBd1E3VVY4NVZadEwyRFVnRy14Rld2WmllS3BjTVdGcEpFeG9nUm12VGR4ZTNCWEdpdElHNGJfT3FPLUg1enVJRmpiRG10MzF3TE9sX0NDanNsX1dHMV9VNHIzNmVUNjJrVGE5bFoxdF8xajZTTFBjOVFSTUgzd1BpbTlFdUxnZUFPNUJuNjdlbFQ1aWxZR1FSU1BwOTYyYl96aVNQUFh4dnV3ZmlnbWh0UzUwdFc2NnJ1UTJsLTFHSUJ4UHg4TQ?oc=5\" target=\"_blank\" rel=\"noopener\">Emmanuel Carr\u00e8re, Natacha Appanah, Guillaume Galienne&#8230; Rendez-vous \u00e0 Nancy pour le festival \u00ab\u00a0Le livre sur la place\u00a0\u00bb<\/a>&nbsp;&nbsp;ELLE<\/li>\n<li><a href=\"https:\/\/news.google.com\/rss\/articles\/CBMiqwFBVV95cUxPd0Z3aUR2TlhRSVhQQ0ZKSWVGZnZhWHU4MVdnLUVCbEhtUzRqN09yQVJzaWY2UFhHckdXTV9Mckc0bXprNGpCR3VqdVl0U01HVVY2ZnVIQXFZUnNra3pDN2xNeEtlV1Z4WE9kMW8wcWVfdFlGdFRkZnJZOE9WVFoxOWhxY0pKWmZ6WXJXM0hFcThTcV9uTlNzSlhoQU5CSG5mVDRCYTNMLWlvZUE?oc=5\" target=\"_blank\" rel=\"noopener\">Le billet de Pierre Taribo. La s\u00e9quence de l\u2019auteur et du lecteur<\/a>&nbsp;&nbsp;La Semaine<\/li>\n<li><a href=\"https:\/\/news.google.com\/rss\/articles\/CBMiywFBVV95cUxNaEFjcDU3T2puekpQMUw0N0NMc1ZGQXNFTmNoWllqalhOT3dXSkY4WnJyMlBWR2M2OFdxanlIblVWalNoUU1LOGpZR2ZQOVJYMmZreUZLZ0xmUjVTTFBzdmx5YlFlb1BCX05ESXhhc2RYcm1mS09VbklQUGF3Ym9zenJwaGg5NklHMWNWaU1YQTk1QlFWeVl4dXg3S1dSZC1OZmpWODZUZzU4QWltYnR5RFRjQkNwQmlaNEtxSWdBelN6NmZ3M2RFdjJqSQ?oc=5\" target=\"_blank\" rel=\"noopener\">On fait quoi ce week-end \u00e0 Nancy ? 5 id\u00e9es du 12 au 14 septembre 2025<\/a>&nbsp;&nbsp;jds.fr<\/li>\n<\/ol>\n","protected":false},"excerpt":{"rendered":"Nancy. Dix bonnes raisons d\u2019aller au Livre sur la Place&nbsp;&nbsp;L&rsquo;Est R\u00e9publicain Rentr\u00e9e litt\u00e9raire : 5 primo-romanciers \u00e0 d\u00e9couvrir&nbsp;&nbsp;La&hellip;\n","protected":false},"author":2,"featured_media":380964,"comment_status":"","ping_status":"","sticky":false,"template":"","format":"standard","meta":{"footnotes":""},"categories":[1357],"tags":[1379,1687,58,1704,59,1685,1011,27,22382,1380,2410,22383,873,1702,1703,11058,3456],"class_list":{"0":"post-380963","1":"post","2":"type-post","3":"status-publish","4":"format-standard","5":"has-post-thumbnail","7":"category-livres","8":"tag-books","9":"tag-culture-loisirs","10":"tag-divertissement","11":"tag-edition-nancy-et-agglomeration","12":"tag-entertainment","13":"tag-foire-et-salon","14":"tag-fr","15":"tag-france","16":"tag-le-livre-sur-la-place","17":"tag-livres","18":"tag-livres-bd","19":"tag-livres-dans-la-boucle","20":"tag-musique","21":"tag-nancy","22":"tag-nancy-ville-54b","23":"tag-region-franche-comte","24":"tag-region-lorraine"},"share_on_mastodon":{"url":"https:\/\/pubeurope.com\/@fr\/115181613509530462","error":""},"_links":{"self":[{"href":"https:\/\/www.europesays.com\/fr\/wp-json\/wp\/v2\/posts\/380963","targetHints":{"allow":["GET"]}}],"collection":[{"href":"https:\/\/www.europesays.com\/fr\/wp-json\/wp\/v2\/posts"}],"about":[{"href":"https:\/\/www.europesays.com\/fr\/wp-json\/wp\/v2\/types\/post"}],"author":[{"embeddable":true,"href":"https:\/\/www.europesays.com\/fr\/wp-json\/wp\/v2\/users\/2"}],"replies":[{"embeddable":true,"href":"https:\/\/www.europesays.com\/fr\/wp-json\/wp\/v2\/comments?post=380963"}],"version-history":[{"count":0,"href":"https:\/\/www.europesays.com\/fr\/wp-json\/wp\/v2\/posts\/380963\/revisions"}],"wp:featuredmedia":[{"embeddable":true,"href":"https:\/\/www.europesays.com\/fr\/wp-json\/wp\/v2\/media\/380964"}],"wp:attachment":[{"href":"https:\/\/www.europesays.com\/fr\/wp-json\/wp\/v2\/media?parent=380963"}],"wp:term":[{"taxonomy":"category","embeddable":true,"href":"https:\/\/www.europesays.com\/fr\/wp-json\/wp\/v2\/categories?post=380963"},{"taxonomy":"post_tag","embeddable":true,"href":"https:\/\/www.europesays.com\/fr\/wp-json\/wp\/v2\/tags?post=380963"}],"curies":[{"name":"wp","href":"https:\/\/api.w.org\/{rel}","templated":true}]}}