{"id":380969,"date":"2025-09-10T19:20:22","date_gmt":"2025-09-10T19:20:22","guid":{"rendered":"https:\/\/www.europesays.com\/fr\/380969\/"},"modified":"2025-09-10T19:20:22","modified_gmt":"2025-09-10T19:20:22","slug":"cinema-miroirs-no-3-une-ballade-cinematographique-signee-christian-petzold","status":"publish","type":"post","link":"https:\/\/www.europesays.com\/fr\/380969\/","title":{"rendered":"[CIN\u00c9MA] Miroirs No.3, une ballade cin\u00e9matographique sign\u00e9e Christian Petzold"},"content":{"rendered":"<p>Pianiste et \u00e9tudiante \u00e0 l\u2019Universit\u00e9 des arts de Berlin, Laura part en excursion, un weekend, avec son compagnon Jakob et les amis de celui-ci. Absente au groupe, incapable de ressentir l\u2019enthousiasme collectif, la jeune femme d\u00e9cide inopin\u00e9ment de rentrer chez elle et se fait raccompagner en voiture par Jakob. Col\u00e9rique, celui-ci perd son contr\u00f4le et provoque un accident de la route qui lui sera fatal. Pr\u00e9sente sur les lieux, Betty, la soixantaine, pr\u00e9vient les secours et emm\u00e8ne Laura chez elle qui, miraculeusement, s\u2019en est sortie indemne. Cette derni\u00e8re lui demande alors de rester quelques jours \u00e0 ses c\u00f4t\u00e9s. D\u2019abord surprise, Betty accepte chaleureusement de recueillir la jeune femme et de lui faire partager son quotidien dans cette maison de campagne de la r\u00e9gion d\u2019Uckermark.<\/p>\n<p>Au fil des jours, Laura fait la connaissance de Richard et Max, l\u2019\u00e9poux et le fils de Betty, qui tiennent un atelier de r\u00e9paration automobile \u00e0 quelques kilom\u00e8tres de l\u00e0, et masquent difficilement leur r\u00e9ticence \u00e0 son \u00e9gard. Laura l\u2019ignore encore, mais une trag\u00e9die a r\u00e9cemment frapp\u00e9 cette famille, laissant Betty dans un \u00e9tat de souffrance qui confinait \u00e0 la d\u00e9mence. Ensemble, les deux femmes ont un bout de chemin \u00e0 faire.<\/p>\n<p>Un conte sur le deuil<\/p>\n<p>R\u00e9cit en miroirs de deux renaissances qui vont pouvoir se nourrir l\u2019une de l\u2019autre \u2013 celle d\u2019une jeune miracul\u00e9e et d\u2019une famille touch\u00e9e par le deuil \u2013, Miroirs No.3, en r\u00e9f\u00e9rence \u00e0 la pi\u00e8ce pour piano de Maurice Ravel, marque la quatri\u00e8me collaboration de Christian Petzold avec l\u2019actrice Paula Beer, qu\u2019il avait d\u00e9j\u00e0 dirig\u00e9e dans Transit (2018), dans Ondine (2020) et dans Le Ciel Rouge (2023).<\/p>\n<p>Comme \u00e0 son habitude, le cin\u00e9aste allemand choisit l\u2019\u00e9pure, le silence et la d\u00e9licatesse pour sublimer avec retenue et dignit\u00e9 les sentiments les plus affectueux et la dynamique du cocon familial. Abordant \u00e0 nouveau le th\u00e8me de la perte d\u2019un enfant, apr\u00e8s L\u2019Ombre de l\u2019enfant (2003) et Fant\u00f4mes (2005), Christian Petzold emprunte au conte sa tonalit\u00e9 g\u00e9n\u00e9rale, hors du temps, et certains motifs qui \u00e9voquent les histoires de princesses.<\/p>\n<p>Des liens \u00e9ph\u00e9m\u00e8res<\/p>\n<p>Plut\u00f4t mineur dans la filmographie du cin\u00e9aste, Miroirs No.3 est \u00e0 appr\u00e9hender comme une ballade cin\u00e9matographique o\u00f9 tout repose sur le non-dit et le hors-champ, et o\u00f9 la fugacit\u00e9 d\u2019une expression de visage en dit souvent plus long qu\u2019une r\u00e9plique. Touchant, le r\u00e9cit de cette famille en pleine convalescence risque d\u2019en frustrer plus d\u2019un\u00a0: ceux d\u2019abord que ce type de film contemplatif ennuie habituellement, et ceux qui esp\u00e9raient une fin plus joyeuse. C\u2019est pourtant l\u00e0, \u00e0 travers cette issue d\u00e9chirante que Christian Petzold articule l\u2019essentiel de son propos\u00a0: certaines rencontres ne sont pas faites pour durer mais suffisent \u00e0 marquer les esprits, voire m\u00eame \u00e0 changer le cours de l\u2019existence. Rien ne sert de trop en demander.<\/p>\n<p>\u00a0<\/p>\n<p>3 \u00e9toiles sur 5<\/p>\n<p>\u00a0<\/p>\n<\/p>\n<p>                    <a href=\"#\" rel=\"nofollow\" onclick=\"window.print(); pfTrackEvent('[CIN\u00c9MA] &lt;i&gt;Miroirs No.3&lt;\/i&gt;, une ballade cin\u00e9matographique sign\u00e9e Christian Petzold'); return false;\" title=\"Printer Friendly, PDF &amp; Email\"><br \/>\n                    <img decoding=\"async\" src=\"https:\/\/www.europesays.com\/fr\/wp-content\/uploads\/2025\/04\/printfriendly-icon-sm.png\" alt=\"Print Friendly, PDF &amp; Email\" class=\"pf-button-img\" style=\"width: 17px;height: 17px;\"\/>Imprimer, enregistrer en PDF cet article<br \/>\n                    <\/a><\/p>\n","protected":false},"excerpt":{"rendered":"Pianiste et \u00e9tudiante \u00e0 l\u2019Universit\u00e9 des arts de Berlin, Laura part en excursion, un weekend, avec son compagnon&hellip;\n","protected":false},"author":2,"featured_media":380970,"comment_status":"","ping_status":"","sticky":false,"template":"","format":"standard","meta":{"footnotes":""},"categories":[1354],"tags":[58,59,1346,1011,27,1360],"class_list":{"0":"post-380969","1":"post","2":"type-post","3":"status-publish","4":"format-standard","5":"has-post-thumbnail","7":"category-films","8":"tag-divertissement","9":"tag-entertainment","10":"tag-films","11":"tag-fr","12":"tag-france","13":"tag-movies"},"share_on_mastodon":{"url":"https:\/\/pubeurope.com\/@fr\/115181625554744396","error":""},"_links":{"self":[{"href":"https:\/\/www.europesays.com\/fr\/wp-json\/wp\/v2\/posts\/380969","targetHints":{"allow":["GET"]}}],"collection":[{"href":"https:\/\/www.europesays.com\/fr\/wp-json\/wp\/v2\/posts"}],"about":[{"href":"https:\/\/www.europesays.com\/fr\/wp-json\/wp\/v2\/types\/post"}],"author":[{"embeddable":true,"href":"https:\/\/www.europesays.com\/fr\/wp-json\/wp\/v2\/users\/2"}],"replies":[{"embeddable":true,"href":"https:\/\/www.europesays.com\/fr\/wp-json\/wp\/v2\/comments?post=380969"}],"version-history":[{"count":0,"href":"https:\/\/www.europesays.com\/fr\/wp-json\/wp\/v2\/posts\/380969\/revisions"}],"wp:featuredmedia":[{"embeddable":true,"href":"https:\/\/www.europesays.com\/fr\/wp-json\/wp\/v2\/media\/380970"}],"wp:attachment":[{"href":"https:\/\/www.europesays.com\/fr\/wp-json\/wp\/v2\/media?parent=380969"}],"wp:term":[{"taxonomy":"category","embeddable":true,"href":"https:\/\/www.europesays.com\/fr\/wp-json\/wp\/v2\/categories?post=380969"},{"taxonomy":"post_tag","embeddable":true,"href":"https:\/\/www.europesays.com\/fr\/wp-json\/wp\/v2\/tags?post=380969"}],"curies":[{"name":"wp","href":"https:\/\/api.w.org\/{rel}","templated":true}]}}