{"id":380971,"date":"2025-09-10T19:21:12","date_gmt":"2025-09-10T19:21:12","guid":{"rendered":"https:\/\/www.europesays.com\/fr\/380971\/"},"modified":"2025-09-10T19:21:12","modified_gmt":"2025-09-10T19:21:12","slug":"je-gagne-42-000e-par-semaine-en-vendant-de-la-nourriture-premachee-a-des-hommes-sans-dents","status":"publish","type":"post","link":"https:\/\/www.europesays.com\/fr\/380971\/","title":{"rendered":"Je gagne 42.000\u20ac par semaine en vendant de la nourriture pr\u00e9m\u00e2ch\u00e9e \u00e0 des hommes sans dents"},"content":{"rendered":"<p>Il y a ceux qui lancent des startups tech, et il y a<br \/>\n<strong>Stephanie Matto<\/strong>. L\u2019ancienne star de t\u00e9l\u00e9r\u00e9alit\u00e9<br \/>\ndevenue influenceuse multiplie les id\u00e9es de business provocateurs.<br \/>\nSon dernier concept en date\u202f? Vendre de la <strong>nourriture<br \/>\npr\u00e9m\u00e2ch\u00e9e<\/strong> \u00e0 des hommes \u00e9dent\u00e9s, via un service qu\u2019elle<br \/>\nappelle elle-m\u00eame \u201cmama birding\u201d.<\/p>\n<p>Quand on pense avoir tout vu sur internet, <strong>Stephanie<br \/>\nMatto<\/strong> trouve encore le moyen de surprendre. Cette<br \/>\ninfluenceuse am\u00e9ricaine, d\u00e9j\u00e0 connue pour ses <a href=\"https:\/\/www.mariefrance.fr\/insolite\/elle-vend-pets-bocaux-internet-termine-a-lhopital-597099.html\" rel=\"nofollow noopener\" target=\"_blank\"><br \/>\n<strong>pots \u00e0 pets<\/strong><\/a> ou sa <a href=\"https:\/\/www.mariefrance.fr\/actualite\/apres-avoir-vendu-ses-pets-elle-gagne-5000e-par-jour-en-vendant-la-sueur-de-ses-seins-622216.html\" target=\"_blank\" rel=\"noopener nofollow\"><strong>sueur de poitrine en<br \/>\nflacon<\/strong><\/a>, revient avec une nouvelle activit\u00e9 virale\u202f:<br \/>\nvendre de la <strong>nourriture pr\u00e9m\u00e2ch\u00e9e<\/strong>. Selon ses<br \/>\nd\u00e9clarations, cette pratique lui rapporterait jusqu\u2019\u00e0 <strong>50<br \/>\n000 dollars par semaine<\/strong>.<\/p>\n<p>Tout commence dans une vid\u00e9o Instagram o\u00f9 <strong>Stephanie<br \/>\nMatto<\/strong> d\u00e9taille son quotidien professionnel. Elle y d\u00e9crit<br \/>\navec s\u00e9rieux sa m\u00e9thode de travail, les soins apport\u00e9s \u00e0 l\u2019hygi\u00e8ne,<br \/>\net l\u2019importance de son geste pour certains clients fid\u00e8les. \u00ab<br \/>\nCes deux derni\u00e8res ann\u00e9es, il ne pouvait manger que du guacamole.<br \/>\nJe suis donc vraiment reconnaissante de pouvoir faire une<br \/>\ndiff\u00e9rence dans sa vie maintenant \u00bb, explique-t-elle en<br \/>\npr\u00e9parant une commande sp\u00e9ciale.<\/p>\n<p>Une activit\u00e9 insolite autour de la <strong>nourriture<br \/>\npr\u00e9m\u00e2ch\u00e9e<\/strong>, mais pas absurde<\/p>\n<p>Aussi \u00e9trange que cela puisse para\u00eetre, le besoin auquel r\u00e9pond<br \/>\n<strong>Stephanie Matto<\/strong> avec sa <strong>nourriture<br \/>\npr\u00e9m\u00e2ch\u00e9e<\/strong> existe r\u00e9ellement. Selon les donn\u00e9es du<br \/>\n<strong>R\u00e9seau Lucioles<\/strong>, les <strong>troubles de la<br \/>\nmastication<\/strong> concernent de nombreuses personnes \u00e2g\u00e9es ou en<br \/>\nsituation de <strong>handicap neuro-moteur<\/strong>. Ces troubles<br \/>\nprovoquent des difficult\u00e9s \u00e0 mastiquer, voire \u00e0 avaler, et<br \/>\naugmentent consid\u00e9rablement les risques de <a href=\"https:\/\/www.mariefrance.fr\/minceur\/8-reflexes-alimentaires-a-adopter-lorsquon-ballonne-e-540340.html\" rel=\"nofollow noopener\" target=\"_blank\"><br \/>\nfausses routes ou de d\u00e9nutrition<\/a>.<\/p>\n<p>La <strong>mastication<\/strong> joue un r\u00f4le fondamental. Elle<br \/>\ntransforme l\u2019aliment en bol alimentaire digestible et stimule la<br \/>\nsalivation, essentielle \u00e0 la digestion. Comme l\u2019explique la<br \/>\nprofesseure <a href=\"https:\/\/dumas.ccsd.cnrs.fr\/dumas-03633568v1\/file\/THESE%20Anai%CC%88s%20Calmelly%20finale.pdf\" target=\"_blank\" rel=\"noopener nofollow\"><strong>Martine<br \/>\nHennequin<\/strong><\/a>, \u00ab la fragmentation de l\u2019aliment et son<br \/>\ninsalivation permettent de potentialiser le r\u00f4le des enzymes<br \/>\nsalivaires \u00bb. Sans mastication, l\u2019assimilation des nutriments<br \/>\nse trouve compromise, ce qui affecte la sant\u00e9 globale.<\/p>\n<blockquote class=\"twitter-tweet\"><p><a class=\"twitter-link\" rel=\"noindex, nofollow noopener\" href=\"https:\/\/twitter.com\/Alphafox78\/status\/1958257983860756670\" target=\"_blank\"><\/p><\/blockquote>\n<p><strong>Nourriture pr\u00e9m\u00e2ch\u00e9e<\/strong> : une r\u00e9ponse artisanale<br \/>\n\u00e0 un vrai besoin m\u00e9dical<\/p>\n<p>Face \u00e0 ces contraintes, certains patients ne peuvent pas se<br \/>\ntourner vers les <strong>proth\u00e8ses dentaires<\/strong> ou des<br \/>\nsolutions m\u00e9dicalis\u00e9es comme la <strong>gastrostomie<\/strong>. Pour<br \/>\neux, la <strong>nourriture pr\u00e9m\u00e2ch\u00e9e<\/strong>, m\u00eame si elle vient<br \/>\nd&rsquo;une influenceuse, devient une solution tangible.<br \/>\n<strong>Stephanie Matto<\/strong>, en se positionnant sur ce<br \/>\ncr\u00e9neau, s\u2019adresse \u00e0 un public souvent ignor\u00e9.<\/p>\n<p>Elle affirme prendre toutes les pr\u00e9cautions n\u00e9cessaires. \u00ab<br \/>\nJe prends \u00e9galement la s\u00e9curit\u00e9 alimentaire tr\u00e8s au s\u00e9rieux. Je<br \/>\nveille donc \u00e0 placer chaque colis dans un bloc r\u00e9frig\u00e9rant et \u00e0 y<br \/>\napposer une \u00e9tiquette \u2018\u00e0 conserver au r\u00e9frig\u00e9rateur d\u00e8s r\u00e9ception\u2019.<br \/>\nUne fois mes envois quotidiens termin\u00e9s, j\u2019aime envoyer un message<br \/>\n\u00e0 mes fans. Derni\u00e8rement, la r\u00e9ponse a \u00e9t\u00e9 si enthousiaste que j\u2019ai<br \/>\nd\u00fb acheter deux ordinateurs \u00bb, confie-t-elle.<\/p>\n<p>M\u00eame si sa m\u00e9thode para\u00eet artisanale, elle r\u00e9pond \u00e0 des r\u00e9alit\u00e9s<br \/>\nbien document\u00e9es. Le <strong>d\u00e9ficit masticatoire<\/strong> peut<br \/>\nconduire \u00e0 des d\u00e9s\u00e9quilibres nutritionnels importants, notamment<br \/>\nune baisse de la consommation de fibres, de calcium ou de prot\u00e9ines<br \/>\nanimales. En ce sens, la <strong>nourriture pr\u00e9m\u00e2ch\u00e9e<\/strong> peut<br \/>\napporter un soutien alimentaire compl\u00e9mentaire \u00e0 certaines<br \/>\npersonnes marginalis\u00e9es.<\/p>\n<p><strong>Stephanie Matto<\/strong>, une<br \/>\ninitiative controvers\u00e9e mais r\u00e9v\u00e9latrice<\/p>\n<p>Ce nouveau business de <strong>Stephanie Matto<\/strong>, qui<br \/>\ntourne autour de la <strong>nourriture pr\u00e9m\u00e2ch\u00e9e<\/strong>, divise<br \/>\nles internautes. La vid\u00e9o cumulait plus d\u2019un million de vues<br \/>\nquelques jours apr\u00e8s sa publication. Les commentaires oscillent<br \/>\nentre scepticisme et fascination. \u00ab Une journ\u00e9e dans ma vie<br \/>\navec mon travail un peu controvers\u00e9 ! Qu\u2019en pensez-vous honn\u00eatement<br \/>\n? \u00bb, \u00e9crit-elle en l\u00e9gende.<\/p>\n<p>Les critiques fusent. Certains internautes s\u2019interrogent sur le<br \/>\ns\u00e9rieux de l\u2019initiative, d\u2019autres ironisent sur le prix pay\u00e9 pour<br \/>\nun service aussi singulier. Pourtant, en filigrane, cette<br \/>\ninitiative soul\u00e8ve une probl\u00e9matique plus large\u202f: celle de l\u2019acc\u00e8s<br \/>\n\u00e0 une <strong>alimentation adapt\u00e9e<\/strong> pour les personnes en<br \/>\nsituation de <strong>perte de dentition<\/strong>, de<br \/>\n<strong>handicap<\/strong> ou de<br \/>\n<strong>vieillissement<\/strong>.<\/p>\n<p><script async src=\"https:\/\/platform.twitter.com\/widgets.js\" charset=\"utf-8\"><\/script><\/p>\n","protected":false},"excerpt":{"rendered":"Il y a ceux qui lancent des startups tech, et il y a Stephanie Matto. L\u2019ancienne star de&hellip;\n","protected":false},"author":2,"featured_media":380972,"comment_status":"","ping_status":"","sticky":false,"template":"","format":"standard","meta":{"footnotes":""},"categories":[10],"tags":[21303,1011,27,43274,72,71],"class_list":{"0":"post-380971","1":"post","2":"type-post","3":"status-publish","4":"format-standard","5":"has-post-thumbnail","7":"category-sante","8":"tag-buzz_nonli","9":"tag-fr","10":"tag-france","11":"tag-ga1","12":"tag-health","13":"tag-sante"},"share_on_mastodon":{"url":"https:\/\/pubeurope.com\/@fr\/115181629300068766","error":""},"_links":{"self":[{"href":"https:\/\/www.europesays.com\/fr\/wp-json\/wp\/v2\/posts\/380971","targetHints":{"allow":["GET"]}}],"collection":[{"href":"https:\/\/www.europesays.com\/fr\/wp-json\/wp\/v2\/posts"}],"about":[{"href":"https:\/\/www.europesays.com\/fr\/wp-json\/wp\/v2\/types\/post"}],"author":[{"embeddable":true,"href":"https:\/\/www.europesays.com\/fr\/wp-json\/wp\/v2\/users\/2"}],"replies":[{"embeddable":true,"href":"https:\/\/www.europesays.com\/fr\/wp-json\/wp\/v2\/comments?post=380971"}],"version-history":[{"count":0,"href":"https:\/\/www.europesays.com\/fr\/wp-json\/wp\/v2\/posts\/380971\/revisions"}],"wp:featuredmedia":[{"embeddable":true,"href":"https:\/\/www.europesays.com\/fr\/wp-json\/wp\/v2\/media\/380972"}],"wp:attachment":[{"href":"https:\/\/www.europesays.com\/fr\/wp-json\/wp\/v2\/media?parent=380971"}],"wp:term":[{"taxonomy":"category","embeddable":true,"href":"https:\/\/www.europesays.com\/fr\/wp-json\/wp\/v2\/categories?post=380971"},{"taxonomy":"post_tag","embeddable":true,"href":"https:\/\/www.europesays.com\/fr\/wp-json\/wp\/v2\/tags?post=380971"}],"curies":[{"name":"wp","href":"https:\/\/api.w.org\/{rel}","templated":true}]}}