{"id":380975,"date":"2025-09-10T19:23:14","date_gmt":"2025-09-10T19:23:14","guid":{"rendered":"https:\/\/www.europesays.com\/fr\/380975\/"},"modified":"2025-09-10T19:23:14","modified_gmt":"2025-09-10T19:23:14","slug":"mauvaise-nouvelle-pour-the-voice-kids-pas-de-finale-a-la-date-prevue-a-cause-de-soprano","status":"publish","type":"post","link":"https:\/\/www.europesays.com\/fr\/380975\/","title":{"rendered":"Mauvaise nouvelle pour \u00ab\u00a0The Voice Kids\u00a0\u00bb : pas de finale \u00e0 la date pr\u00e9vue, \u00e0 cause de Soprano"},"content":{"rendered":"<p>Les fans de <strong>The Voice Kids<\/strong> vont devoir patienter pour assister \u00e0 la grande finale. En effet, le num\u00e9ro pr\u00e9vu le 27 septembre 2025 va \u00eatre report\u00e9 et ainsi d\u00e9caler la date de la grande finale. En effet, le t\u00e9l\u00e9crochet de TF1 n\u2019aura pas lieu ce jour comme l\u2019a r\u00e9v\u00e9l\u00e9 T\u00e9l\u00e9-Loisirs. La Une ayant fait le choix de programmer une autre \u00e9mission \u00e0 cause de l\u2019absence <a href=\"https:\/\/www.public.fr\/alexia-la-femme-de-soprano-quon-ne-voit-jamais-se-revele\" rel=\"nofollow noopener\" target=\"_blank\">de Soprano.<\/a><\/p>\n<p>Pour rappel, cette nouvelle saison de <strong>The Voice Kids<\/strong> r\u00e9unit M. <a href=\"https:\/\/www.public.fr\/calme-toi-le-ton-monte-entre-patrick-fiori-et-m-pokora-dans-the-voice-kids-santa-obligee-de-calmer-le-jeu\" rel=\"nofollow noopener\" target=\"_blank\">Pokora, Patrick Fiori<\/a>, Soprano, et la <a href=\"https:\/\/vsd.fr\/63347-jadorerais-ecrire-des-morceaux-pour-elle-santa-revele-le-nom-de-la-star-avec-qui-elle-reve-de-collaborer\/\" rel=\"nofollow noopener\" target=\"_blank\">petite nouvelle Santa<\/a>. Les t\u00e9l\u00e9spectateurs ont d\u00e9j\u00e0 pu assister \u00e0 deux sessions d\u2019auditions \u00e0 l\u2019aveugle et ont eu droit \u00e0 de nombreux moments \u00e9mouvants comme <a href=\"https:\/\/www.public.fr\/the-voice-kids-ninon-sourde-de-naissance-va-chambouler-les-coachs-du-programme\" rel=\"nofollow noopener\" target=\"_blank\">la venue de Ninon<\/a> par exemple.\u00a0<\/p>\n<p>Vives \u00e9motions dans \u00ab\u00a0The Voice Kids\u00a0\u00bb<\/p>\n<p>\u00ab\u00a0Je m&rsquo;appelle Ninon, j&rsquo;ai 14 ans et j&rsquo;habite dans la Somme.\u00a0<strong>Je suis sourde de naissance<\/strong>\u00ab\u00a0, a-t-elle r\u00e9v\u00e9l\u00e9 dans son portrait lors de l\u2019\u00e9mission du 6 septembre, avant d\u2019expliquer : \u00ab\u00a0Ensuite, environ\u00a0<strong>\u00e0 l&rsquo;\u00e2ge de mes 4 ans, j&rsquo;ai \u00e9t\u00e9 appareill\u00e9e<\/strong>\u00a0et j&rsquo;ai appris \u00e0 parler gr\u00e2ce \u00e0 mon orthophoniste\u00a0\u00bb.\u00a0<\/p>\n<p>\u00ab\u00a0Pour les auditions \u00e0 l&rsquo;aveugle, je vais chanter Fais-moi signe d&rsquo;Hoshi. Parce qu&rsquo;en fait Hoshi commence \u00e0 devenir sourde. Et en fait, cette chanson parle vraiment de moi\u00a0\u00bb, a finalement pr\u00e9venu la jeune candidate de <strong>The Voice Kids<\/strong>.\u00a0<\/p>\n<p>Un choix payant car par sa sinc\u00e9rit\u00e9 et son talent, elle a r\u00e9ussi \u00e0 charmer Soprano, d\u00e8s le d\u00e9but de son interpr\u00e9tation, avant que Santa ne se retourne sur le gong, \u00e0 la toute fin de la chanson de Hoshi, <strong>Fais-moi signe.<\/strong><\/p>\n<p>Soprano en plein concert le 27 septembre prochain<\/p>\n<p>Reste \u00e0 savoir si Ninon va se rendre jusqu\u2019en finale. Pour le savoir, il va falloir s\u2019armer de patience. Etant donn\u00e9 que, dans un premier temps, une troisi\u00e8me session d\u2019auditions \u00e0 l\u2019aveugle arrive samedi prochain. Mais aussi parce que toute cette saison de <strong>The Voice Kids<\/strong> va \u00eatre d\u00e9cal\u00e9e.<\/p>\n<p>En effet, le 27 septembre prochain, alors qu\u2019un \u00e9pisode du t\u00e9l\u00e9crochet de la Une devait \u00eatre diffus\u00e9, c\u2019est finalement le <strong>\u00ab\u00a0Grand concours\u00a0\u00bb<\/strong> sp\u00e9cial Restos du Coeur, afin de c\u00e9l\u00e9brer les 40 ans de l&rsquo;association cr\u00e9\u00e9e par Coluche, qui se verra diffus\u00e9. Les t\u00e9l\u00e9spectateurs pourront notamment retrouver Mich\u00e8le Laroque, <a href=\"https:\/\/www.public.fr\/tag\/kad-merad\" rel=\"nofollow noopener\" target=\"_blank\">Kad Merad<\/a>, G\u00e9rard Jugnot ou encore Mimie Mathy.\u00a0<\/p>\n<p>Mais pour quelle raison l\u2019\u00e9pisode de <strong>The Voice Kids,<\/strong> pr\u00e9vu le 27 septembre, n\u2019aura pas lieu ? Comme le relaient nos confr\u00e8res de Purecharts, cela serait <strong>la \u00ab\u00a0faute\u00a0\u00bb de Soprano<\/strong>. Le rappeur marseillais ne pourra pas faire acte de pr\u00e9sence ce jour, car<strong> il se trouvera au Z\u00e9nith de Rouen<\/strong> pour un grand concert.<\/p>\n<p>      Mentionn\u00e9s dans cet article<\/p>\n<p>      Sur le m\u00eame sujet<\/p>\n","protected":false},"excerpt":{"rendered":"Les fans de The Voice Kids vont devoir patienter pour assister \u00e0 la grande finale. En effet, le&hellip;\n","protected":false},"author":2,"featured_media":380976,"comment_status":"","ping_status":"","sticky":false,"template":"","format":"standard","meta":{"footnotes":""},"categories":[8],"tags":[1697,58,59,1011,27,10824,9644,44726,10826,199,10828],"class_list":{"0":"post-380975","1":"post","2":"type-post","3":"status-publish","4":"format-standard","5":"has-post-thumbnail","7":"category-divertissement","8":"tag-concert","9":"tag-divertissement","10":"tag-entertainment","11":"tag-fr","12":"tag-france","13":"tag-m-pokora","14":"tag-patrick-fiori","15":"tag-santa","16":"tag-soprano","17":"tag-tf1","18":"tag-the-voice-kids"},"share_on_mastodon":{"url":"https:\/\/pubeurope.com\/@fr\/115181637232527288","error":""},"_links":{"self":[{"href":"https:\/\/www.europesays.com\/fr\/wp-json\/wp\/v2\/posts\/380975","targetHints":{"allow":["GET"]}}],"collection":[{"href":"https:\/\/www.europesays.com\/fr\/wp-json\/wp\/v2\/posts"}],"about":[{"href":"https:\/\/www.europesays.com\/fr\/wp-json\/wp\/v2\/types\/post"}],"author":[{"embeddable":true,"href":"https:\/\/www.europesays.com\/fr\/wp-json\/wp\/v2\/users\/2"}],"replies":[{"embeddable":true,"href":"https:\/\/www.europesays.com\/fr\/wp-json\/wp\/v2\/comments?post=380975"}],"version-history":[{"count":0,"href":"https:\/\/www.europesays.com\/fr\/wp-json\/wp\/v2\/posts\/380975\/revisions"}],"wp:featuredmedia":[{"embeddable":true,"href":"https:\/\/www.europesays.com\/fr\/wp-json\/wp\/v2\/media\/380976"}],"wp:attachment":[{"href":"https:\/\/www.europesays.com\/fr\/wp-json\/wp\/v2\/media?parent=380975"}],"wp:term":[{"taxonomy":"category","embeddable":true,"href":"https:\/\/www.europesays.com\/fr\/wp-json\/wp\/v2\/categories?post=380975"},{"taxonomy":"post_tag","embeddable":true,"href":"https:\/\/www.europesays.com\/fr\/wp-json\/wp\/v2\/tags?post=380975"}],"curies":[{"name":"wp","href":"https:\/\/api.w.org\/{rel}","templated":true}]}}