{"id":380977,"date":"2025-09-10T19:24:14","date_gmt":"2025-09-10T19:24:14","guid":{"rendered":"https:\/\/www.europesays.com\/fr\/380977\/"},"modified":"2025-09-10T19:24:14","modified_gmt":"2025-09-10T19:24:14","slug":"la-decouverte-des-scientifiques-qui-pourrait-enfin-sauver-les-oceans","status":"publish","type":"post","link":"https:\/\/www.europesays.com\/fr\/380977\/","title":{"rendered":"la d\u00e9couverte des scientifiques qui pourrait enfin sauver les oc\u00e9ans"},"content":{"rendered":"<blockquote class=\"wp-block-quote\">\n<p><strong>Apr\u00e8s plus de dix ans de myst\u00e8re, des biologistes ont identifi\u00e9 le coupable derri\u00e8re la disparition de milliards d\u2019\u00e9toiles de mer dans le Pacifique Nord. Une bact\u00e9rie proche du chol\u00e9ra, favoris\u00e9e par le r\u00e9chauffement des oc\u00e9ans, serait \u00e0 l\u2019origine de l\u2019une des plus grandes h\u00e9catombes animales connues. Cette d\u00e9couverte ouvre enfin des pistes concr\u00e8tes pour sauver un maillon essentiel de la biodiversit\u00e9 marine.<\/strong><\/p>\n<\/blockquote>\n<p><img fetchpriority=\"high\" decoding=\"async\" width=\"1024\" height=\"682\" src=\"https:\/\/www.europesays.com\/fr\/wp-content\/uploads\/2025\/09\/etoile-de-mer-en-vie-et-etoile-de-mer-morte-1024x682.webp.webp\" alt=\"Comparaison entre une \u00e9toile de mer vivante aux couleurs \u00e9clatantes et une \u00e9toile de mer morte d\u00e9color\u00e9e.\" class=\"wp-image-989808\"  \/>Les \u00e9toiles de mer sont essentielles aux \u00e9cosyst\u00e8mes marins, mais leur survie est menac\u00e9e par la pollution et le r\u00e9chauffement climatique \u2013 DailyGeekShow.com\/Wikipedia<\/p>\n<p>Les chercheurs ont identifi\u00e9 <strong>Vibrio pectenicida<\/strong> comme l\u2019assassin des \u00e9toiles de mer<\/p>\n<p>Pendant des ann\u00e9es, plusieurs <strong>hypoth\u00e8ses<\/strong> circulaient : <strong>virus<\/strong>, <strong>pollution chimique<\/strong> ou <strong>pr\u00e9dateur invasif<\/strong>. Mais aucune ne tenait face aux observations. D\u00e9sormais, une \u00e9tude publi\u00e9e dans <strong>Nature Ecology and Evolution<\/strong> r\u00e9v\u00e8le que le <strong>responsable<\/strong> est une <strong>bact\u00e9rie<\/strong> de la famille du <strong>chol\u00e9ra<\/strong> : <strong>Vibrio pectenicida<\/strong>.<\/p>\n<p>Cette <strong>bact\u00e9rie<\/strong> p\u00e9n\u00e8tre dans l\u2019<strong>\u00e9toile de mer<\/strong>, d\u00e9truit ses <strong>tissus<\/strong> et provoque la chute de ses <strong>bras<\/strong>. Elle m\u00e8ne ainsi \u00e0 une <strong>mort rapide<\/strong>. Le ph\u00e9nom\u00e8ne a d\u00e9j\u00e0 caus\u00e9 la disparition de plus de <strong>5,8 milliards d\u2019individus<\/strong> en dix ans. <\/p>\n<p>Lire aussi <a href=\"https:\/\/dailygeekshow.com\/un-moment-exceptionnel-un-jaguar-noir-filme-en-train-de-saccoupler-dans-la-jungle-pour-la-toute-premiere-fois\/\" rel=\"nofollow noopener\" target=\"_blank\">Un moment exceptionnel : un jaguar noir film\u00e9 en train de s\u2019accoupler dans la jungle pour la toute premi\u00e8re fois<\/a><\/p>\n<p>Il a transform\u00e9 une \u00e9nigme \u00e9cologique en <strong>catastrophe confirm\u00e9e<\/strong>. Les survivantes observ\u00e9es affichaient des <strong>corps mutil\u00e9s<\/strong>, incapables de se r\u00e9g\u00e9n\u00e9rer comme elles le font habituellement.<\/p>\n<p>Le <strong>r\u00e9chauffement climatique<\/strong> a favoris\u00e9 la prolif\u00e9ration de la bact\u00e9rie<\/p>\n<p>Les <strong>scientifiques<\/strong> insistent : le <strong>r\u00e9chauffement des <a href=\"https:\/\/dailygeekshow.com\/un-mur-deau-qui-surgit-de-nulle-part-les-vagues-scelerates-mettent-a-lepreuve-notre-comprehension-des-oceans-et-restent-invisibles-jusqua-limpact\/\" rel=\"nofollow noopener\" target=\"_blank\">oc\u00e9ans<\/a><\/strong> n\u2019est pas la cause directe, mais il a agi comme un <strong>complice<\/strong>. Dans certaines zones du <strong>Pacifique<\/strong>, l\u2019eau est mont\u00e9e de <strong>quatre degr\u00e9s<\/strong> en quelques ann\u00e9es. Ces <strong>conditions chaudes<\/strong> permettent \u00e0 <strong>Vibrio pectenicida<\/strong> de se multiplier plus vite et d\u2019affaiblir les <strong>\u00e9toiles de mer<\/strong>.<\/p>\n<p>Ainsi, le <strong>changement climatique<\/strong> a cr\u00e9\u00e9 un environnement propice \u00e0 un v\u00e9ritable <strong>tueur en s\u00e9rie<\/strong>. Sans ces <strong>temp\u00e9ratures anormalement \u00e9lev\u00e9es<\/strong>, l\u2019\u00e9pid\u00e9mie n\u2019aurait pas pris une telle ampleur. Cette <strong>synergie<\/strong> entre r\u00e9chauffement et bact\u00e9ries illustre \u00e0 quel point les bouleversements climatiques aggravent les <strong>crises sanitaires<\/strong> dans le <strong>monde marin<\/strong>.<\/p>\n<p>Lire aussi <a href=\"https:\/\/dailygeekshow.com\/dents-front-poisson\/\" rel=\"nofollow noopener\" target=\"_blank\">Ce poisson \u00e9trange utilise les dents qui poussent sur son front pour s\u2019accoupler<\/a><\/p>\n<p>Des pistes de solutions pour sauver les <strong>\u00e9toiles de mer<\/strong><\/p>\n<p>Les <strong>biologistes<\/strong> affirment qu\u2019il n\u2019existe pas de <strong>vaccin<\/strong>, car la maladie n\u2019est pas <strong>virale<\/strong>. Toutefois, plusieurs pistes sont explor\u00e9es. Certains <strong><a href=\"https:\/\/dailygeekshow.com\/des-chercheurs-donnent-vie-aux-plantes-davatar-dans-un-labo-chinois-mais-les-ecologistes-sinquietent-de-leurs-impact-environnemental\/\" rel=\"nofollow noopener\" target=\"_blank\">laboratoires<\/a><\/strong> testent la <strong>r\u00e9introduction d\u2019\u00e9toiles r\u00e9sistantes<\/strong> \u00e0 la <strong>bact\u00e9rie<\/strong>. <\/p>\n<p>D\u2019autres \u00e9tudient le r\u00f4le du <strong>microbiote marin<\/strong> pour renforcer l\u2019<strong>immunit\u00e9 naturelle<\/strong> des \u00e9toiles. Des <strong>essais<\/strong> portent aussi sur des m\u00e9thodes de <strong>s\u00e9lection naturelle acc\u00e9l\u00e9r\u00e9e<\/strong>, afin de favoriser les <strong>individus r\u00e9sistants<\/strong>.<\/p>\n<p>Ces <strong>solutions<\/strong> pourraient freiner la <strong>crise<\/strong>. Mais elles n\u00e9cessitent encore des ann\u00e9es de <strong>recherche<\/strong> et une <strong>coop\u00e9ration internationale<\/strong>. En attendant, les <strong>populations d\u2019\u00e9toiles de mer<\/strong> d\u00e9clinent encore, mena\u00e7ant l\u2019<strong>\u00e9quilibre \u00e9cologique<\/strong> de vastes zones marines et la <strong>sant\u00e9 des oc\u00e9ans<\/strong>.<\/p>\n<p>Lire aussi <a href=\"https:\/\/dailygeekshow.com\/une-decouverte-magnifique-sous-le-pacifique-pourrait-reecrire-lhistoire-de-la-terre-de-la-vie-et-de-notre-avenir-energetique\/\" rel=\"nofollow noopener\" target=\"_blank\">Une d\u00e9couverte magnifique sous le Pacifique pourrait r\u00e9\u00e9crire l\u2019histoire de la Terre, de la vie\u2026 et de notre avenir \u00e9nerg\u00e9tique<\/a><\/p>\n<p>Les <strong>\u00e9toiles de mer<\/strong>, v\u00e9ritables gardiennes de l\u2019\u00e9cosyst\u00e8me marin<\/p>\n<p>Les <strong>\u00e9toiles de mer<\/strong> ne sont pas de simples <strong>cr\u00e9atures passives<\/strong>. Ce sont des <strong>pr\u00e9dateurs cl\u00e9s<\/strong> qui r\u00e9gulent la <strong>population des oursins<\/strong>. Quand les <strong>\u00e9toiles<\/strong> disparaissent, les <strong>oursins<\/strong> prolif\u00e8rent. Ils d\u00e9vorent alors les <strong>for\u00eats de kelp<\/strong>, v\u00e9ritables <strong>poumons marins<\/strong> abritant une <strong>biodiversit\u00e9 immense<\/strong>.<\/p>\n<p>La disparition du <strong>kelp<\/strong> provoque une <strong>r\u00e9action en cha\u00eene<\/strong> : perte d\u2019<strong>abris<\/strong> pour les <strong>poissons<\/strong>, rar\u00e9faction des <strong>ressources<\/strong> et effondrement de certaines <strong>p\u00eacheries<\/strong> comme celles du <strong>colin <a href=\"https:\/\/dailygeekshow.com\/grenouille-alaska-congelation\/\" rel=\"nofollow noopener\" target=\"_blank\">d\u2019Alaska<\/a><\/strong> ou du <strong>saumon du Pacifique<\/strong>. En d\u2019autres termes, la survie des <strong>\u00e9toiles de mer<\/strong> conditionne aussi nos <strong>assiettes<\/strong>.<\/p>\n<p>Prot\u00e9ger ces <strong>animaux<\/strong> revient donc \u00e0 prot\u00e9ger l\u2019ensemble de l\u2019<strong>\u00e9cosyst\u00e8me marin<\/strong>. Maintenant que leur <strong>assassin<\/strong> est identifi\u00e9, les efforts de <strong>conservation<\/strong> peuvent cibler la bonne menace. C\u2019est une \u00e9tape d\u00e9cisive pour esp\u00e9rer un jour voir revenir ces <strong>cr\u00e9atures fascinantes<\/strong> qui, dans le <strong>silence des oc\u00e9ans<\/strong>, jouent un r\u00f4le <strong>vital<\/strong> pour la <strong><a href=\"https:\/\/dailygeekshow.com\/un-vrai-spectacle-dans-lespace-ces-anneaux-brillants-qui-revelent-la-naissance-dune-planete-lointaine-emerveillent-les-scientifiques\/\" rel=\"nofollow noopener\" target=\"_blank\">plan\u00e8te<\/a><\/strong>.<\/p>\n<p>Lire aussi <a href=\"https:\/\/dailygeekshow.com\/fourmi-deux-especes\/\" rel=\"nofollow noopener\" target=\"_blank\">Inimaginable : des reines fourmis engendrent des m\u00e2les de deux esp\u00e8ces diff\u00e9rentes<\/a><\/p>\n","protected":false},"excerpt":{"rendered":"Apr\u00e8s plus de dix ans de myst\u00e8re, des biologistes ont identifi\u00e9 le coupable derri\u00e8re la disparition de milliards&hellip;\n","protected":false},"author":2,"featured_media":380978,"comment_status":"","ping_status":"","sticky":false,"template":"","format":"standard","meta":{"footnotes":""},"categories":[7],"tags":[1011,27,43,40,41,39,42,44],"class_list":{"0":"post-380977","1":"post","2":"type-post","3":"status-publish","4":"format-standard","5":"has-post-thumbnail","7":"category-sciences-et-technologies","8":"tag-fr","9":"tag-france","10":"tag-science","11":"tag-science-and-technology","12":"tag-sciences","13":"tag-sciences-et-technologies","14":"tag-technologies","15":"tag-technology"},"share_on_mastodon":{"url":"https:\/\/pubeurope.com\/@fr\/115181641687025568","error":""},"_links":{"self":[{"href":"https:\/\/www.europesays.com\/fr\/wp-json\/wp\/v2\/posts\/380977","targetHints":{"allow":["GET"]}}],"collection":[{"href":"https:\/\/www.europesays.com\/fr\/wp-json\/wp\/v2\/posts"}],"about":[{"href":"https:\/\/www.europesays.com\/fr\/wp-json\/wp\/v2\/types\/post"}],"author":[{"embeddable":true,"href":"https:\/\/www.europesays.com\/fr\/wp-json\/wp\/v2\/users\/2"}],"replies":[{"embeddable":true,"href":"https:\/\/www.europesays.com\/fr\/wp-json\/wp\/v2\/comments?post=380977"}],"version-history":[{"count":0,"href":"https:\/\/www.europesays.com\/fr\/wp-json\/wp\/v2\/posts\/380977\/revisions"}],"wp:featuredmedia":[{"embeddable":true,"href":"https:\/\/www.europesays.com\/fr\/wp-json\/wp\/v2\/media\/380978"}],"wp:attachment":[{"href":"https:\/\/www.europesays.com\/fr\/wp-json\/wp\/v2\/media?parent=380977"}],"wp:term":[{"taxonomy":"category","embeddable":true,"href":"https:\/\/www.europesays.com\/fr\/wp-json\/wp\/v2\/categories?post=380977"},{"taxonomy":"post_tag","embeddable":true,"href":"https:\/\/www.europesays.com\/fr\/wp-json\/wp\/v2\/tags?post=380977"}],"curies":[{"name":"wp","href":"https:\/\/api.w.org\/{rel}","templated":true}]}}