{"id":380982,"date":"2025-09-10T19:27:12","date_gmt":"2025-09-10T19:27:12","guid":{"rendered":"https:\/\/www.europesays.com\/fr\/380982\/"},"modified":"2025-09-10T19:27:12","modified_gmt":"2025-09-10T19:27:12","slug":"blocages-incendie-dun-immeuble-retour-sur-la-journee-bloquons-tout-du-10-septembre-a-paris","status":"publish","type":"post","link":"https:\/\/www.europesays.com\/fr\/380982\/","title":{"rendered":"Blocages, incendie d&rsquo;un immeuble&#8230; Retour sur la journ\u00e9e Bloquons tout du 10 septembre \u00e0 Paris"},"content":{"rendered":"<p>            Par<br \/>\n        <strong><br \/>\n            <a href=\"https:\/\/actu.fr\/auteur\/ines-cussac-actu-fr\" title=\"Consulter tous les articles de In\u00e8s Cussac\" target=\"_blank\" rel=\"noopener\">In\u00e8s Cussac<\/a><br \/>\n        <\/strong><\/p>\n<p>        Publi\u00e9 le<\/p>\n<p>            10 sept. 2025 \u00e0 10h24<br \/>\n        ; mis \u00e0 jour le 10 sept. 2025 \u00e0 21h03    <\/p>\n<p>Dans le sillage du <a href=\"https:\/\/actu.fr\/societe\/le-mouvement-bloquons-tout-du-10-septembre-est-il-vraiment-comparable-aux-gilets-jaunes_63115518.html\" target=\"_blank\" rel=\"noopener\">mouvement national \u00ab\u2009Bloquons tout\u2009\u00bb<\/a>, la journ\u00e9e de ce mercredi 10\u00a0septembre 2025 est agit\u00e9e \u00e0 <a href=\"https:\/\/actu.fr\/paris\/dernieres-actus\" target=\"_blank\" rel=\"noopener\">Paris<\/a> et en \u00cele-de-France. La matin\u00e9e a \u00e9t\u00e9 <a href=\"https:\/\/actu.fr\/ile-de-france\/paris_75056\/10-septembre-peripherique-centre-de-bus-ratp-a-paris-les-premiers-blocages-ont-commence_63138660.html\" target=\"_blank\" rel=\"noopener\">parsem\u00e9e de perturbations<\/a> \u00e0 plusieurs portes du p\u00e9riph\u00e9rique et des lyc\u00e9ens ont commenc\u00e9 des blocages devant leurs \u00e9tablissements.<\/p>\n<ul class=\" wall-content\">\n<li>N\u00e9 sur les r\u00e9seaux sociaux, ce mouvement rejette les mesures d\u2019\u00e9conomie pr\u00e9sent\u00e9es en juillet par le <a href=\"https:\/\/actu.fr\/politique\/vote-de-confiance-sans-surprise-francois-bayrou-se-fait-balayer-par-les-deputes-et-prend-la-porte_63128564.html\" target=\"_blank\" rel=\"noopener\">Premier ministre, d\u00e9missionnaire<\/a> depuis, Fran\u00e7ois Bayrou, ainsi que les classes dirigeantes, Emmanuel Macron en t\u00eate.<\/li>\n<li>Six mille policiers et gendarmes sont mobilis\u00e9s dans la capitale, avec la consigne \u00ab\u2009de ne pas tol\u00e9rer de violence, de d\u00e9gradation, de blocage, d\u2019occupation des infrastructures essentielles de notre nation\u2009\u00bb. \u00c0 17 heures, les forces de l\u2019ordre ont proc\u00e9d\u00e9 \u00e0 203 interpellations dans la capitale et son agglom\u00e9ration, fait savoir la <a href=\"https:\/\/actu.fr\/tag\/prefecture-de-police-de-paris\" target=\"_blank\" rel=\"noopener\">pr\u00e9fecture de Police<\/a>. \u00c0 17h30, 99 d\u2019entres elles ont fait l\u2019objet d\u2019une garde \u00e0 vue.\u00a0<\/li>\n<li>Sur le front des transports en commun, le trafic SNCF est perturb\u00e9 sur plusieurs lignes de RER et\u00a0trains de banlieue, mais la circulation est fluide dans les m\u00e9tros RATP, ainsi que sur la route.<\/li>\n<\/ul>\n<p>21 heures. Fin du direct<\/p>\n<p class=\" wall-content\">C\u2019est la fin de ce direct d\u00e9di\u00e9 \u00e0 la journ\u00e9e de mobilisation Bloquons tout. \u00c0 Paris, la journ\u00e9e s\u2019est d\u00e9roul\u00e9e majoritairement dans le calme, malgr\u00e9 des points de tensions notamment \u00e0 Ch\u00e2telet et \u00e0 Place des F\u00eates en d\u00e9but de soir\u00e9e. En fin d\u2019apr\u00e8s-midi, le parquet rapportait 203 interpellations qui ont conduites \u00e0 99 gardes \u00e0 vue, principalement pour participation \u00e0 un groupe en vue de commettre des violences. Toutes les tentatives de blocage ont \u00e9t\u00e9 d\u00e9jou\u00e9es tout au long de la journ\u00e9e.\u00a0<\/p>\n<p class=\" wall-content\">En fin de soir\u00e9e, la situation n\u2019\u00e9tait toutefois pas revenue \u00e0 la normale en gare de Ch\u00e2telet-Les Halles et \u00e0 la station Place des F\u00eates, toutes deux ferm\u00e9es sur ordre de la pr\u00e9fecture de Police par mesure de s\u00e9curit\u00e9. Merci d\u2019avoir suivi notre direct.\u00a0<\/p>\n<p>20h43. Fermeture de la station Place des F\u00eates<\/p>\n<p class=\" wall-content\">Les lignes 7bis et 11 ne marquent plus l\u2019arr\u00eat \u00e0 la station Place des F\u00eates, dans le 19e arrondissement alors que des \u00e9chauffour\u00e9es ont lieu entre policiers et manifestants. Plus t\u00f4t dans l\u2019apr\u00e8s-midi, des milliers de manifestants s\u2019y sont rassembl\u00e9s pour tenir une assembl\u00e9e g\u00e9n\u00e9rale.\u00a0<\/p>\n<p class=\" wall-content\">\n<p>18h57. La gare de Ch\u00e2telet-Les Halles est toujours ferm\u00e9e<\/p>\n<p class=\" wall-content\">La ferm\u00e9e depuis 14h30, la gare de Chat\u00ealet-Les Halles n\u2019est toujours pas desservie par les m\u00e9tros et RER. La fermeture s\u2019est faite sur demande de la pr\u00e9fecture de Police de Paris alors que des manifestations ont lieu \u00e0 proximit\u00e9.\u00a0<\/p>\n<p class=\" wall-content\">\n<p>18h06. Les pr\u00e9visions de circulation pour la journ\u00e9e de jeudi<\/p>\n<p class=\" wall-content\">\u00c0 la <a href=\"https:\/\/actu.fr\/tag\/sncf\" target=\"_blank\" rel=\"noopener\">SNCF<\/a>, la circulation des RER restera perturb\u00e9e sur la partie sud du RER D. Seulement un train sur deux circulera entre Juvisy et Malesherbes ainsi qu\u2019entre Corbeil et Melun.\u00a0<\/p>\n<p>Votre r\u00e9gion, votre actu !<\/p>\n<p>Recevez chaque jour les infos qui comptent pour vous.<\/p>\n<p>\t<a href=\"https:\/\/actu.fr\/newsletter\" class=\"ac-btn ac-btn--corner ac-btn--medium ac-btn--blue800\" target=\"_blank\" rel=\"noopener\">S&rsquo;incrire<\/a><br \/>\n17h34. Une enqu\u00eate ouverte apr\u00e8s l\u2019incendie de la fa\u00e7ade d\u2019un immeuble aux Halles<\/p>\n<p class=\" wall-content\">La procureure de Paris a annonc\u00e9 l\u2019ouverture d\u2019une enqu\u00eate apr\u00e8s l\u2019incendie d\u2019une fa\u00e7ade d\u2019une restaurant dans le quartier des Halles. Celle-ci devra d\u00e9terminer les circonstances du d\u00e9part du feu. Selon les premiers \u00e9l\u00e9ments, il pourrait \u00eatre li\u00e9 \u00e0 l\u2019intervention de policiers \u00ab\u00a0pour faire face \u00e0 la mobilisation\u00a0\u00bb.\u00a0<\/p>\n<p>17h27. Une centaine de gardes \u00e0 vue<\/p>\n<p class=\" wall-content\">Selon les chiffres communiqu\u00e9s par la procureure de Paris Laure Beccuau lors d\u2019une conf\u00e9rence de presse, 99 personnes ont \u00e9t\u00e9 plac\u00e9es en garde \u00e0 vue \u00e0 l\u2019issue de leur interpellation. Deux d\u2019entre elles concernent des d\u00e9gradations en r\u00e9union de la statue de la place de la R\u00e9publique et deux autres des violences sur policiers.\u00a0<\/p>\n<p>17h04. Le trafic exceptionnellement fluide en heure de pointe<\/p>\n<p class=\" wall-content\">Les franciliens ont pris leur pr\u00e9cautions. C\u2019est du moins ce qui ressort de l\u2019\u00e9tat du trafic en \u00cele-de-France au d\u00e9but de l\u2019heure de pointe. \u00c0 17 heures, seuls 65 km de bouchons sont enregistr\u00e9s, contre pr\u00e8s de 300 km en moyenne temps normal.\u00a0<\/p>\n<p>16h54. Plus de 200 interpellations<\/p>\n<p class=\" wall-content\">Peu avant 17 heures, la pr\u00e9fecture de police indique avoir proc\u00e9d\u00e9 \u00e0 203 interpellations. Plus t\u00f4t, le parquet pr\u00e9cisait que 63 d\u2019entre elles (sur 163 interpellations) ont fait l\u2019objet d\u2019un placement en garde \u00e0 vue.\u00a0<\/p>\n<p>16h17. Un immeuble prend feu pr\u00e8s de la place du Ch\u00e2telet<\/p>\n<p class=\" wall-content\">Un incendie s\u2019est d\u00e9clar\u00e9 dans un immeuble abritant un bar au rez-de-chauss\u00e9e en marge des affrontements entre les manifestants et les policiers aux abords des Halles. Les circonstances du d\u00e9part du feu restent \u00e0 \u00e9claircir.\u00a0<\/p>\n<p class=\" wall-content\">\n<p>15h57. Nouvelles gardes \u00e0 vue<\/p>\n<p class=\" wall-content\">Le parquet de Paris a annonc\u00e9 un nouveau bilan concernant le nombre de gardes \u00e0 vue. En milieu d\u2019apr\u00e8s-midi, 63 personnes ont \u00e9t\u00e9 plac\u00e9es en garde \u00e0 vue.<\/p>\n<p>15h44. Les manifestants arrivent rue de Rivoli<\/p>\n<p class=\" wall-content\">La mobilisation d\u00e9borde sur la rue de Rivoli (1er) \u00e0 Paris. Les policiers tentent d\u2019emp\u00eacher la progression des manifestants dans cette art\u00e8re de la capitale.<\/p>\n<p class=\" wall-content\">\n<p class=\" wall-content\">\n<p>15h12. Les chauffeurs VTC, grands absents<\/p>\n<p class=\" wall-content\">Ils avaient appel\u00e9 \u00e0 la manifestation du 10 septembre mais ont finalement pos\u00e9 un lapin. Les chauffeurs VTC sont les grands absents devant le minist\u00e8re du Travail. Selon leur porte-parole aupr\u00e8s du Monde, des difficult\u00e9s de coordination et l\u2019annonce des <a href=\"https:\/\/actu.fr\/ile-de-france\/paris_75056\/rassemblement-devant-l-elysee-operations-coup-de-poing-ce-qui-est-prevu-pour-le-10-septembre-a-paris_63133063.html\" target=\"_blank\" rel=\"noopener\">80 000 policiers et gendarmes<\/a> d\u00e9ploy\u00e9s aurait effray\u00e9 les conducteurs.<\/p>\n<p>14h39. Ch\u00e2telet mise \u00e0 l\u2019arr\u00eat<\/p>\n<p class=\" wall-content\">Les trains du RER A, B et D ne marquent plus l\u2019arr\u00eat \u00e0 la station Ch\u00e2telet, tout comme les lignes 1, 4, 7, 11, 14, sur demande de la pr\u00e9fecture de Police. Aucune correspondance n\u2019est assur\u00e9e dans cette gare d\u00e9sormais.<\/p>\n<p class=\" wall-content\">Le complexe de magasins de Ch\u00e2telet Les Halles a en outre \u00e9t\u00e9 ferm\u00e9e compl\u00e8tement. La pr\u00e9fecture de Police a ordonn\u00e9 cette mesure en raison des appels aux pillages naissant sur les r\u00e9seaux sociaux.<\/p>\n<p>14h09. David Belliard place du Ch\u00e2telet<\/p>\n<p class=\" wall-content\">Le candidat EELV \u00e0 la mairie de Paris pour 2026, <a href=\"https:\/\/actu.fr\/ile-de-france\/paris_75056\/municipales-2026-a-paris-david-belliard-une-personnalite-complexe-passee-d-outsider-a-champion-des-verts_62381904.html\" target=\"_blank\" rel=\"noopener\">David Belliard<\/a>, est pr\u00e9sent place du Ch\u00e2telet. \u00ab\u2009Je suis extr\u00eamement inquiet de la situation politique et sociale de la France\u2009\u00bb, a-t-il d\u00e9clar\u00e9 aupr\u00e8s du Figaro. \u00ab\u2009La nomination de S\u00e9bastien Lecornu qui n\u2019est autre que la nomination d\u2019un Bayrou 2 est le signe d\u2019un m\u00e9pris tr\u00e8s brutal et tr\u00e8s violent pour les Fran\u00e7ais. Je crois que la premi\u00e8re des choses \u00e0 faire serait d\u2019\u00e9couter ce que les gens ont \u00e0 dire. Et ils disent leur exasp\u00e9ration, la vie trop ch\u00e8re et autant de choses qui ne trouvent aucune r\u00e9ponse.\u2009\u00bb<\/p>\n<p>13h12. Les manifestants envahissent la place de la R\u00e9publique<\/p>\n<p class=\" wall-content\">En fin de matin\u00e9e, un important rassemblement se tient place de la R\u00e9publique \u00e0 Paris.<\/p>\n<p class=\" wall-content\">\n    <img   decoding=\"async\" loading=\"lazy\" src=\"https:\/\/www.europesays.com\/fr\/wp-content\/uploads\/2025\/09\/rassemblement-place-de-la-republique-mam-960x640.jpg\" alt=\"La place de la R\u00e9publique s'est remplie de manifestants en fin de matin\u00e9e.\" width=\"960\" height=\"640\"\/><br \/>\n    La place de la R\u00e9publique s\u2019est remplie de manifestants en fin de matin\u00e9e. (\u00a9MAM \/ actu Paris)<br \/>\n    <img   decoding=\"async\" loading=\"lazy\" src=\"https:\/\/www.europesays.com\/fr\/wp-content\/uploads\/2025\/09\/img-4837-960x640.jpg\" alt=\"Une marche des solidarit\u00e9s est organis\u00e9e \u00e0 Paris.\" width=\"960\" height=\"640\"\/><br \/>\n    Une marche des solidarit\u00e9s est organis\u00e9e \u00e0 Paris. (\u00a9DG \/ actu Paris)<\/p>\n<p>13h05. Le trafic interrompu gare du Nord<\/p>\n<p class=\" wall-content\">Les trains ne roulent plus gare du Nord en raison des manifestations. Des jets de palettes sur les voies avaient notamment ralenti la circulation une heure plus t\u00f4t.<\/p>\n<p>    <img   decoding=\"async\" loading=\"lazy\" src=\"https:\/\/www.europesays.com\/fr\/wp-content\/uploads\/2025\/09\/img-4828-960x640.jpg\" alt=\"Un important rassemblement emp\u00eache la circulation des trains gare du Nord \u00e0 Paris.\" width=\"960\" height=\"640\"\/><br \/>\n    Un important rassemblement emp\u00eache la circulation des trains gare du Nord \u00e0 Paris. (\u00a9DG \/ actu Paris)12h58. Les manifestants arrivent sur la place du Ch\u00e2telet<\/p>\n<p class=\" wall-content\">Le rendez-vous \u00e9tait fix\u00e9 \u00e0 13h par les syndicats du milieu de la culture notamment sur la place du Ch\u00e2telet. Les manifestants de la gare du Nord et de la gare de Lyon convergent vers cet axe majeur de la capitale.<\/p>\n<p class=\" wall-content\">\n<p>12h48. Le parquet de Paris annonce 34 garde \u00e0 vue<\/p>\n<p class=\" wall-content\">\u00c0 la mi-journ\u00e9e, le parquet de Paris fait savoir que 34\u00a0personnes ont \u00e9t\u00e9 plac\u00e9es en garde \u00e0 vue. Dans le secteur du lyc\u00e9e H\u00e9l\u00e8ne-Boucher, o\u00f9 une trentaine d\u2019interpellations ont \u00e9t\u00e9 effectu\u00e9es, aucune n\u2019a donn\u00e9 lieu \u00e0 une garde \u00e0 vue.<\/p>\n<p>12h42. Le hall 1 de la gare de Lyon envahit<\/p>\n<p class=\" wall-content\">Environ 400 manifestants se sont introduits \u00e0 l\u2019int\u00e9rieur de la gare de Lyon. Apr\u00e8s un passage devant le restaurant Le Train Bleu, les gr\u00e9vistes ont rencontr\u00e9 les voyageurs patientant dans le hall 1 avant de s\u2019engouffrer dans les couloirs du m\u00e9tro. Direction la station Ch\u00e2telet \u00e0 bord de la ligne 14.<\/p>\n<p class=\" wall-content\">\n<p>12h28. Les affrontements se poursuivent entre les CRS et les manifestants<\/p>\n<p class=\" wall-content\">Autour de la gare du Nord, les violences se poursuivent entres les policiers et les manifestants. Les CRS poursuivent leurs charges, matraques en main, et les interpellations.<\/p>\n<p class=\" wall-content\">\n<p>12h14. Neuf lyc\u00e9es bloqu\u00e9s \u00e0 Paris<\/p>\n<p class=\" wall-content\">Pr\u00e8s de 150 \u00e9tablissements sont perturb\u00e9s \u00e0 Paris et neuf totalement bloqu\u00e9s. Le blocage du lyc\u00e9e H\u00e9l\u00e8ne Boucher est l\u2019un des plus importants.<\/p>\n<p class=\" wall-content\">\n<p>12h10. Un motard de la Brav-M bless\u00e9 sur le p\u00e9riph\u00e9rique<\/p>\n<p class=\" wall-content\">Un policier de la Brav-M qui se trouvait \u00e0 moto a \u00e9t\u00e9 bless\u00e9 l\u00e9g\u00e8rement mais conduit \u00e0 l\u2019h\u00f4pital B\u00e9gin \u00e0 Saint-Mand\u00e9 (Val-de-Marne). Vers 9h30 ce mercredi matin, il a \u00e9t\u00e9 percut\u00e9 par une voiture alors qu\u2019il \u00e9tait mobilis\u00e9 pour d\u00e9bloquer le p\u00e9riph\u00e9rique parisien.<\/p>\n<p>11h44. Le monde de la culture se mobilise<\/p>\n<p class=\" wall-content\">Les syndicats et professionnels du secteur de la culture avaient annonc\u00e9 leur mobilisation ce mercredi. \u00c0 Paris, le mus\u00e9e du Louvre (1er) et le mus\u00e9e d\u2019Orsay (7e) n\u2019ont pas ouvert toutes leurs portes. Le Centre Paris Anim\u2019 Ruth Bader Ginsburg (1er), o\u00f9 des spectacles et expositions sont r\u00e9guli\u00e8rement organis\u00e9s, la biblioth\u00e8que Marguerite Audoux (3e), la m\u00e9diath\u00e8que de la Canop\u00e9e (1er) et le conservatoire Wolfgang Amadeus Mozart (1er) fermeront leurs portes \u00e0 13h. La biblioth\u00e8que Arthur Rimbaud (4e) annonce une fermeture anticip\u00e9e \u00e0 17h30.<\/p>\n<p class=\" wall-content\">Un rassemblement est pr\u00e9vu place du Ch\u00e2telet \u00e0 13h, lanc\u00e9 par l\u2019intersyndicale de la culture.<\/p>\n<p class=\" wall-content\">\n<p>11h37. Des rassemblements \u00e9mergent en petite couronne<\/p>\n<p class=\" wall-content\">Dans les Hauts-de-Seine, des personnels soignants gr\u00e9vistes sont r\u00e9unis devant l\u2019h\u00f4pital Beaujon, \u00e0 Clichy, comme Louis-Mourier, \u00e0 Colombes. Dans le m\u00eame temps, un cort\u00e8ge s\u2019est \u00e9lanc\u00e9 de la Seine-Saint-Denis, pour converger vers la gare du Nord, dans la foul\u00e9e de l\u2019appel lanc\u00e9 par les cheminots. Enfin, un rassemblement parti de l\u2019h\u00f4pital Tenon (20e) \u00e0 Paris se met aussi en route vers cette m\u00eame destination.<\/p>\n<p class=\" wall-content\">\n<p>10h38. Une tentative d\u2019intrusion gare du Nord<\/p>\n<p class=\" wall-content\">Pr\u00e8s de 1000 personnes sont rassembl\u00e9es pr\u00e8s de la <a href=\"https:\/\/actu.fr\/tag\/gare-du-nord\" target=\"_blank\" rel=\"noopener\">gare du Nord<\/a> (10e). Les manifestants tentent d\u2019entrer \u00e0 l\u2019int\u00e9rieur et les policiers font usage de gaz lacrymog\u00e8ne.<\/p>\n<p class=\" wall-content\">\n<p>10h27. Le Stade de France, th\u00e9\u00e2tre de mobilisations<\/p>\n<p class=\" wall-content\">Une centaine de personnes est r\u00e9unie devant le <a href=\"https:\/\/actu.fr\/tag\/stade-de-france\" target=\"_blank\" rel=\"noopener\">Stade de France<\/a>, \u00e0 Saint-Denis (Seine-Saint-Denis), pr\u00e8s de la station de m\u00e9tro de la ligne 13. Selon un journaliste du Parisien sur place, des drapeaux de la CGT, Solidaires, R\u00e9volution Permanente sont visibles. Des \u00e9tudiants de l\u2019universit\u00e9 Paris-8 sont pr\u00e9sents. Un manifestant invite la foule \u00e0 bloquer la circulation sur place.<\/p>\n<p>10h21. Une centaine d\u2019interpellations<\/p>\n<p class=\" wall-content\">Cent trente-deux interpellations ont \u00e9t\u00e9 d\u00e9nombr\u00e9es \u00e0 Paris, selon la pr\u00e9fecture de Police. \u00ab\u2009La nuit a \u00e9t\u00e9 plut\u00f4t calme. C\u2019est d\u00e8s l\u2019aube que les premi\u00e8res actions ont eu lieu\u2009\u00bb, a fait savoir Bruno Retailleau depuis le minist\u00e8re de l\u2019Int\u00e9rieur, apr\u00e8s une r\u00e9union de la cellule interminist\u00e9rielle de crise.<\/p>\n<p>9h29. D\u00e9bordements devant les lyc\u00e9es<\/p>\n<p class=\" wall-content\">Des manifestants ont \u00e9galement commenc\u00e9 des blocages devant les lyc\u00e9es Claude-Monet (13e), Victor-Hugo (3e), Lavoisier (5e), Montaigne (6e), Lamartine (9e) et H\u00e9l\u00e8ne-Boucher (20e). Pr\u00e8s de ce dernier \u00e9tablissement, des tensions sont n\u00e9es entre lyc\u00e9ens et policiers. Certains \u00e9l\u00e8ves ont lanc\u00e9 des fumig\u00e8nes et des poubelles en direction des fonctionnaires. Lesquels ont tent\u00e9 de disperser la foule avec du gaz lacrymog\u00e8ne. Des interventions violentes de la Brav-M ont \u00e9t\u00e9 enregistr\u00e9es et partag\u00e9es sur les r\u00e9seaux sociaux.<\/p>\n<p class=\" wall-content\">\n<p class=\" wall-content\">Devant le lyc\u00e9e Henri-IV (5e) aussi, les \u00e9l\u00e8ves ont mis en place un blocus avant l\u2019intervention des forces de l\u2019ordre.<\/p>\n<p>8h53. La d\u00e9put\u00e9e Danielle Simonnet contr\u00f4l\u00e9e par la Brav-M<\/p>\n<p class=\" wall-content\">\u00c9lue du 20e arrondissement de Paris, Danielle Simonnet (NFP) a \u00e9t\u00e9 contr\u00f4l\u00e9e puis \u00e9vacu\u00e9e par un policier de la Brav-M alors qu\u2019elle se trouvait dans un caf\u00e9 porte de Montreuil.<\/p>\n<p>8h26. Des portes du p\u00e9riph\u00e9rique bloqu\u00e9es<\/p>\n<p class=\" wall-content\">Sur le p\u00e9riph\u00e9rique, les manifestants ont bloqu\u00e9 plusieurs points d\u2019entr\u00e9e comme la porte de Clignancourt (18e) et la porte de la Chapelle (19e). L\u00e0, des vid\u00e9os publi\u00e9es sur les r\u00e9seaux sociaux montrent une intervention polici\u00e8re muscl\u00e9e avec des coups de matraque notamment.<\/p>\n<p class=\" wall-content\">Porte de Bagnolet (20e), une soixantaine de forces de l\u2019ordre, dont des agents de la Brav-M, sont mobilis\u00e9es et encha\u00eenent les contr\u00f4les. Dans le 13e arrondissement aussi, porte d\u2019Italie, les policiers ont emp\u00each\u00e9 un groupe d\u2019une trentaine de personnes de bloquer la route, Porte de Montreuil (19e) et Porte d\u2019Aubervilliers (19e), la police tente de lever un blocage mis en place par plusieurs manifestants.<\/p>\n<p class=\" wall-content\">\n<p class=\" wall-content\">.<\/p>\n<p class=\" wall-content\">Personnalisez votre actualit\u00e9 en ajoutant vos villes et m\u00e9dias en favori avec <a href=\"https:\/\/moncompte.actu.fr\" title=\"D\u00e9couvez Mon Actu\" rel=\"nofollow noopener\" data-trk=\"{&quot;cta&quot;:{&quot;action&quot;:&quot;https:\\\/\\\/moncompte.actu.fr&quot;,&quot;category&quot;:&quot;mon compte&quot;,&quot;from&quot;:&quot;article footer&quot;,&quot;name&quot;:&quot;Mon actu&quot;,&quot;type&quot;:&quot;cta&quot;}}\" target=\"_blank\">Mon Actu<\/a>.<\/p>\n","protected":false},"excerpt":{"rendered":"Par In\u00e8s Cussac Publi\u00e9 le 10 sept. 2025 \u00e0 10h24 ; mis \u00e0 jour le 10 sept. 2025&hellip;\n","protected":false},"author":2,"featured_media":380983,"comment_status":"","ping_status":"","sticky":false,"template":"","format":"standard","meta":{"footnotes":""},"categories":[4],"tags":[11,47212,1011,27,1272,50957,12,25,104],"class_list":{"0":"post-380982","1":"post","2":"type-post","3":"status-publish","4":"format-standard","5":"has-post-thumbnail","7":"category-france","8":"tag-actualites","9":"tag-bloquons-tout","10":"tag-fr","11":"tag-france","12":"tag-manifestations","13":"tag-mouvement-du-10-septembre","14":"tag-news","15":"tag-republique-francaise","16":"tag-societe"},"share_on_mastodon":{"url":"https:\/\/pubeurope.com\/@fr\/115181652835739370","error":""},"_links":{"self":[{"href":"https:\/\/www.europesays.com\/fr\/wp-json\/wp\/v2\/posts\/380982","targetHints":{"allow":["GET"]}}],"collection":[{"href":"https:\/\/www.europesays.com\/fr\/wp-json\/wp\/v2\/posts"}],"about":[{"href":"https:\/\/www.europesays.com\/fr\/wp-json\/wp\/v2\/types\/post"}],"author":[{"embeddable":true,"href":"https:\/\/www.europesays.com\/fr\/wp-json\/wp\/v2\/users\/2"}],"replies":[{"embeddable":true,"href":"https:\/\/www.europesays.com\/fr\/wp-json\/wp\/v2\/comments?post=380982"}],"version-history":[{"count":0,"href":"https:\/\/www.europesays.com\/fr\/wp-json\/wp\/v2\/posts\/380982\/revisions"}],"wp:featuredmedia":[{"embeddable":true,"href":"https:\/\/www.europesays.com\/fr\/wp-json\/wp\/v2\/media\/380983"}],"wp:attachment":[{"href":"https:\/\/www.europesays.com\/fr\/wp-json\/wp\/v2\/media?parent=380982"}],"wp:term":[{"taxonomy":"category","embeddable":true,"href":"https:\/\/www.europesays.com\/fr\/wp-json\/wp\/v2\/categories?post=380982"},{"taxonomy":"post_tag","embeddable":true,"href":"https:\/\/www.europesays.com\/fr\/wp-json\/wp\/v2\/tags?post=380982"}],"curies":[{"name":"wp","href":"https:\/\/api.w.org\/{rel}","templated":true}]}}