{"id":380984,"date":"2025-09-10T19:29:35","date_gmt":"2025-09-10T19:29:35","guid":{"rendered":"https:\/\/www.europesays.com\/fr\/380984\/"},"modified":"2025-09-10T19:29:35","modified_gmt":"2025-09-10T19:29:35","slug":"apres-une-journee-agitee-dans-le-centre-ouest-un-rassemblement-xxl-a-tours-comme-bouquet-final","status":"publish","type":"post","link":"https:\/\/www.europesays.com\/fr\/380984\/","title":{"rendered":"apr\u00e8s une journ\u00e9e agit\u00e9e dans le Centre-Ouest, un rassemblement XXL \u00e0 Tours comme bouquet final"},"content":{"rendered":"<p>Bienvenue dans ce direct. Il est assur\u00e9 par nos journalistes sur le terrain dans l\u2019<a title=\"Lien vers les actualit\u00e9s de l&#039;Indre\" target=\"_self\" href=\"https:\/\/www.lanouvellerepublique.fr\/indre\" rel=\"noopener\">Indre<\/a>, en <a title=\"Lien vers les actualit\u00e9s d&#039;Indre-et-Loire\" target=\"_self\" href=\"https:\/\/www.lanouvellerepublique.fr\/indre-et-loire\" rel=\"noopener\">Indre-et-Loire<\/a>, <a title=\"Lien vers les actualit\u00e9s de Loir-et-Cher\" target=\"_self\" href=\"https:\/\/www.lanouvellerepublique.fr\/loir-et-cher\" rel=\"noopener\">Loir-et-Cher<\/a>, dans les <a title=\"Lien vers les actualit\u00e9s des Deux-S\u00e8vres\" target=\"_self\" href=\"https:\/\/www.lanouvellerepublique.fr\/deux-sevres\" rel=\"noopener\">Deux-S\u00e8vres<\/a> et la <a title=\"Lien vers les actualit\u00e9s de la Vienne\" target=\"_self\" href=\"https:\/\/www.lanouvellerepublique.fr\/vienne\" rel=\"noopener\">Vienne<\/a>, et \u00e9dit\u00e9 \u00e0 la r\u00e9daction par Boris Granger, S\u00e9bastien Bourcier et Gr\u00e9goire Cornet.<\/p>\n<p><strong>19\u00a0h\u00a040.<\/strong>\u00a0La t\u00eate de cort\u00e8ge est arriv\u00e9e dans le Vieux-Tours, place Plumereau. Les jeunes m\u00e8nent la danse, au son des slogans antifascistes et anticapitalistes. Le McDonald\u2019s de l\u2019embl\u00e9matique lieu d\u2019int\u00e9r\u00eat a \u00e9t\u00e9 d\u00e9grad\u00e9 et tagu\u00e9 par des manifestants.<\/p>\n<p><img alt=\"La devanture du McDonald\u2019s de la place Plumereau, \u00e0 Tours, est recouverte de tags.\" loading=\"lazy\" width=\"980\" height=\"573\" decoding=\"async\" data-nimg=\"1\" class=\"img-responsive spinner-show\" style=\"color:transparent;background-size:cover;background-position:50% 50%;background-repeat:no-repeat;background-image:url(&quot;data:image\/svg+xml;charset=utf-8,%3Csvg xmlns='http:\/\/www.w3.org\/2000\/svg' viewBox='0 0 980 573'%3E%3Cfilter id='b' color-interpolation-filters='sRGB'%3E%3CfeGaussianBlur stdDeviation='20'\/%3E%3CfeColorMatrix values='1 0 0 0 0 0 1 0 0 0 0 0 1 0 0 0 0 0 100 -1' result='s'\/%3E%3CfeFlood x='0' y='0' width='100%25' height='100%25'\/%3E%3CfeComposite operator='out' in='s'\/%3E%3CfeComposite in2='SourceGraphic'\/%3E%3CfeGaussianBlur stdDeviation='20'\/%3E%3C\/filter%3E%3Cimage width='100%25' height='100%25' x='0' y='0' preserveAspectRatio='none' style='filter: url(%23b);' href='https:\/\/images.lanouvellerepublique.fr\/image\/upload\/t_88w\/f_auto\/68c1bb629c7859c77c8b4584.jpg'\/%3E%3C\/svg%3E&quot;)\"   src=\"https:\/\/images.lanouvellerepublique.fr\/image\/upload\/f_auto\/v1757531766\/68c1bb629c7859c77c8b4584.jpg\"\/><\/p>\n<p style=\"background-color:#F2F2F2;padding:5px;margin-top:0px;margin-bottom:10px\">La devanture du McDonald\u2019s de la place Plumereau, \u00e0 Tours, est recouverte de tags.<br \/> \u00a9 (Photo NR, Pierre Veill\u00e9)<\/p>\n<p><strong>19\u00a0h\u00a020.<\/strong> La travers\u00e9e de la rue Nationale par le cort\u00e8ge tourangeau \u2013 dans lequel figurent de nombreux jeunes \u2013 est termin\u00e9e, direction la place Plumereau d\u00e9sormais. Pourquoi manifester\u00a0? \u00ab\u00a0Il y a tellement de raison\u2026 La d\u00e9fense des services publics, l\u2019\u00e9cologie. On a l\u2019impression d\u2019\u00eatre en d\u00e9calage avec beaucoup de choses d\u00e9cid\u00e9es par le gouvernement. Si on ne sort pas dans la rue, il ne se passe rien. Il y a un d\u00e9ni de d\u00e9mocratie\u00a0\u00bb, estiment Laure et Agn\u00e8s, deux s\u0153urs pr\u00e9sentes dans la manifestation.<\/p>\n<\/p>\n<p>Si on ne sort pas dans la rue, il ne se passe rien. Il y a un d\u00e9ni de d\u00e9mocratie.<\/p>\n<p><strong>Laure et Agn\u00e8s, pr\u00e9sentes dans le cort\u00e8ge <\/strong>Tours<\/p>\n<p><strong>19\u00a0h\u00a005.<\/strong>\u00a0\u00c0 <strong>Tours<\/strong>, la pr\u00e9fecture d\u2019Indre-et-Loire donne le chiffre de \u00ab\u00a02.000 personnes\u00a0\u00bb rassembl\u00e9es place Jean-Jaur\u00e8s. Un chiffre \u00ab\u00a0cons\u00e9quent\u00a0\u00bb selon elle. Toujours aucune interpellation n\u2019est \u00e0 signaler.<\/p>\n<p><strong>18\u00a0h\u00a055.<\/strong>\u00a0Environ 140 personnes se sont r\u00e9unies pour le dernier rassemblement de la journ\u00e9e pr\u00e9vu devant la mairie \u00e0 <strong>Chinon<\/strong>. Se pose la question de la suite du mouvement. La discussion se crispe lorsqu\u2019une manifestante pointe du doigt la prise de parole des syndicats. \u00ab\u00a0Je vous adore les gars, mais c\u2019est un mouvement citoyen. Les gens n\u2019ont pas envie d\u2019\u00eatre identifi\u00e9s \u00e0 quoi que ce soit.\u00a0\u00bb<\/p>\n<p>La d\u00e9cision a donc \u00e9t\u00e9 prise de se r\u00e9unir, sans les syndicats, demain \u00e0 18\u00a0h \u00e0 la statue Rabelais et samedi, \u00e0 16\u00a0h, devant la mairie.<\/p>\n<p><img alt=\"\u00c0 Chinon, deux nouveaux rassemblements auront lieu jeudi\u00a011 et samedi 13\u00a0septembre 2025, sans les syndicats.\" loading=\"lazy\" width=\"980\" height=\"573\" decoding=\"async\" data-nimg=\"1\" class=\"img-responsive spinner-show\" style=\"color:transparent;background-size:cover;background-position:50% 50%;background-repeat:no-repeat;background-image:url(&quot;data:image\/svg+xml;charset=utf-8,%3Csvg xmlns='http:\/\/www.w3.org\/2000\/svg' viewBox='0 0 980 573'%3E%3Cfilter id='b' color-interpolation-filters='sRGB'%3E%3CfeGaussianBlur stdDeviation='20'\/%3E%3CfeColorMatrix values='1 0 0 0 0 0 1 0 0 0 0 0 1 0 0 0 0 0 100 -1' result='s'\/%3E%3CfeFlood x='0' y='0' width='100%25' height='100%25'\/%3E%3CfeComposite operator='out' in='s'\/%3E%3CfeComposite in2='SourceGraphic'\/%3E%3CfeGaussianBlur stdDeviation='20'\/%3E%3C\/filter%3E%3Cimage width='100%25' height='100%25' x='0' y='0' preserveAspectRatio='none' style='filter: url(%23b);' href='https:\/\/images.lanouvellerepublique.fr\/image\/upload\/t_88w\/f_auto\/68c1b03786fdaf2b148b45ed.jpg'\/%3E%3C\/svg%3E&quot;)\"   src=\"https:\/\/www.europesays.com\/fr\/wp-content\/uploads\/2025\/09\/68c1b03786fdaf2b148b45ed.jpg\"\/><\/p>\n<p style=\"background-color:#F2F2F2;padding:5px;margin-top:0px;margin-bottom:10px\">\u00c0 Chinon, deux nouveaux rassemblements auront lieu jeudi\u00a011 et samedi 13\u00a0septembre 2025, sans les syndicats.<br \/> \u00a9 (Photo NR, Oriane Cuenoud)<\/p>\n<p><strong>18\u00a0h\u00a050.<\/strong>\u00a0Sono \u00e0 fond, les manifestants s\u2019\u00e9lancent rue Nationale \u00e0 <strong>Tours<\/strong>. Les jeunes sont en t\u00eate d\u2019un cort\u00e8ge XXL.<\/p>\n<p><strong>18\u00a0h\u00a040.<\/strong> Plusieurs milliers de personnes sont concentr\u00e9es au niveau de la place Jean-Jaur\u00e8s, \u00e0 <strong>Tours<\/strong>. Reste \u00e0 conna\u00eetre les chiffres exacts, qui devraient \u00eatre d\u00e9voil\u00e9s un peu plus tard.<\/p>\n<p><strong>18\u00a0h\u00a025.<\/strong>\u00a0La place Jean-Jaur\u00e8s commence \u00e0 se remplir \u00e0 <strong>Tours<\/strong> o\u00f9 plusieurs centaines de personnes se rassemblent. Beaucoup de jeunes sont pr\u00e9sents, ainsi que des organisations politiques et syndicales. Un cort\u00e8ge devrait s\u2019\u00e9lancer dans les rues sans que l\u2019on ne connaisse l\u2019itin\u00e9raire.<\/p>\n<p><img alt=\"Un cort\u00e8ge d\u2019ampleur va arpenter les rues de Tours \u00e0 partir de 18\u00a0h\u00a030.\" loading=\"lazy\" width=\"980\" height=\"573\" decoding=\"async\" data-nimg=\"1\" class=\"img-responsive spinner-show\" style=\"color:transparent;background-size:cover;background-position:50% 50%;background-repeat:no-repeat;background-image:url(&quot;data:image\/svg+xml;charset=utf-8,%3Csvg xmlns='http:\/\/www.w3.org\/2000\/svg' viewBox='0 0 980 573'%3E%3Cfilter id='b' color-interpolation-filters='sRGB'%3E%3CfeGaussianBlur stdDeviation='20'\/%3E%3CfeColorMatrix values='1 0 0 0 0 0 1 0 0 0 0 0 1 0 0 0 0 0 100 -1' result='s'\/%3E%3CfeFlood x='0' y='0' width='100%25' height='100%25'\/%3E%3CfeComposite operator='out' in='s'\/%3E%3CfeComposite in2='SourceGraphic'\/%3E%3CfeGaussianBlur stdDeviation='20'\/%3E%3C\/filter%3E%3Cimage width='100%25' height='100%25' x='0' y='0' preserveAspectRatio='none' style='filter: url(%23b);' href='https:\/\/images.lanouvellerepublique.fr\/image\/upload\/t_88w\/f_auto\/68c1a8c79c7859382c8b464d.jpg'\/%3E%3C\/svg%3E&quot;)\"   src=\"https:\/\/www.europesays.com\/fr\/wp-content\/uploads\/2025\/09\/68c1a8c79c7859382c8b464d.jpg\"\/><\/p>\n<p style=\"background-color:#F2F2F2;padding:5px;margin-top:0px;margin-bottom:10px\">Un cort\u00e8ge d\u2019ampleur va arpenter les rues de Tours \u00e0 partir de 18\u00a0h\u00a030.<br \/> \u00a9 (Photo NR, Pierre Veill\u00e9)<\/p>\n<p><strong>18\u00a0h\u00a020.<\/strong>\u00a0\u00c0 <strong>Bressuire<\/strong>, les manifestants restent sous la bruine et tiendront une AG \u00e0 19\u00a0h pour d\u00e9cider s\u2019ils poursuivent ou non le mouvement demain.<\/p>\n<p><strong>18\u00a0h\u00a005.<\/strong>\u00a0La CGT, qui a organis\u00e9 la manifestation \u00e0 <strong>Issoudun<\/strong>, esp\u00e9rait que l\u2019horaire de 16\u00a0h serait propice \u00e0 la mobilisation et que des d\u00e9bats pourraient se d\u00e9rouler, mais en vain. Ils \u00e9taient 150, un bilan modeste.<\/p>\n<p><strong>17\u00a0h\u00a050.<\/strong> M\u00eame son de cloche \u00e0 <strong>Parthenay<\/strong>. Avec 200 personnes environ, le rassemblement s\u2019ach\u00e8ve dans le calme sur un mot d\u2019ordre de la CGT\u00a0: \u00ab\u00a0Tous en gr\u00e8ve\u00a0!\u00a0\u00bb Le syndicat appelle \u00e0 une large participation \u00e0 la journ\u00e9e nationale d\u2019actions intersyndicales et interprofessionnelles du 18\u00a0septembre. Les organisateurs du mouvement parthenaisien ont pr\u00e9vu de se retrouver en soir\u00e9e pour d\u00e9cider de la suite des actions ces prochains jours.<\/p>\n<\/p>\n<p><strong>17\u00a0h\u00a045.<\/strong> Toujours au <strong>Blanc<\/strong>, le rassemblement a pris fin\u00a0: <a target=\"_blank\" href=\"https:\/\/www.lanouvellerepublique.fr\/le-blanc\/bloquons-tout-au-blanc-cent-dix-personnes-et-des-revendications-1757520998\" rel=\"noopener\">110 personnes y ont particip\u00e9<\/a>.<\/p>\n<\/p>\n<p><strong>17\u00a0h\u00a035.<\/strong>\u00a0Au <strong>Blanc<\/strong>, des manifestants ont investi le rond-point de la place Andr\u00e9-Gasnier.<\/p>\n<p>\u00c0 <strong>Parthenay<\/strong>, le rassemblement pr\u00e9vu \u00e0 17\u00a0h en plein centre, place du Drapeau, \u00e0 l\u2019appel de la CGT, se met en place\u00a0: une centaine de personnes sont pr\u00e9sentes sous la pluie en attendant les discours. Pas de d\u00e9ambulation pr\u00e9vue, avait indiqu\u00e9 le syndicat en appelant \u00e0 la mobilisation.<\/p>\n<p><strong>17\u00a0h\u00a030.<\/strong> Le pont Mirabeau est rouvert \u00e0 la circulation \u00e0 <strong>Tours<\/strong>.<\/p>\n<p><strong>17\u00a0h\u00a020.<\/strong>\u00a0O\u00f9 en est-on en <strong>Centre-Ouest<\/strong>\u00a0? Petit r\u00e9capitulatif des actions en cours ou tout juste termin\u00e9es, en lien avec le mouvement \u00ab\u00a0Bloquons tout\u00a0\u00bb.<\/p>\n<ul>\n<li>Indre. Au <strong>Blanc<\/strong>, une poign\u00e9e de repr\u00e9sentants syndicaux sont re\u00e7us en sous-pr\u00e9fecture tandis qu\u2019\u00e0 <strong>Argenton-sur-Creuse<\/strong>, l\u2019avenue Rollinat est d\u00e9sormais d\u00e9bloqu\u00e9e.<\/li>\n<li>Indre-et-Loire. \u00c0 <strong>Tours<\/strong>, le pont Mirabeau est toujours bloqu\u00e9 par des manifestants qui ont \u00e9t\u00e9 repouss\u00e9s par les forces de l\u2019ordre, alors qu\u2019une manifestation d\u2019ampleur est annonc\u00e9e pour 18\u00a0h\u00a030. \u00c0<strong> Chinon<\/strong>, une trentaine de personnes sont rassembl\u00e9es pour \u00e9voquer la suite. Du c\u00f4t\u00e9 d\u2019<strong>Amboise<\/strong>, apr\u00e8s un rassemblement matinal au lyc\u00e9e Vinci, une dizaine de participants avaient annonc\u00e9 vouloir rejoindre Tours, place Jean-Jaur\u00e8s, pour \u00e9toffer le cort\u00e8ge vesp\u00e9ral de la ville pr\u00e9fecture.<\/li>\n<li>Loir-et-Cher. Plus de 1.000 personnes ont d\u00e9fil\u00e9 \u00e0 <strong>Blois<\/strong> tandis qu\u2019\u00e0 <strong>Vend\u00f4me<\/strong>, rendez-vous est donn\u00e9 \u00e0 18\u00a0h \u00e0 la Bourse du travail.<\/li>\n<li>Deux-S\u00e8vres. 200 manifestants environ \u00e9taient pr\u00e9sents \u00e0 <strong>Niort<\/strong>, un<strong>\u00a0<\/strong>rassemblement qui s\u2019est progressivement dispers\u00e9 au cours de l\u2019apr\u00e8s-midi. Concernant <strong>Thouars<\/strong>, environ 500 personnes ont \u00e9t\u00e9 recens\u00e9es en fin de matin\u00e9e. \u00c0 <strong>Parthenay<\/strong>, une mobilisation \u00e9tait annonc\u00e9e pour 17\u00a0h\u00a0: 200 individus sont pr\u00e9sents sous la pluie.<\/li>\n<li>Vienne. Les derniers chiffres parlent de 3.200 manifestants \u00e0 <strong>Poitiers<\/strong> (chiffre pr\u00e9fecture), 5.000 selon les syndicats.<\/li>\n<\/ul>\n<p><strong>17\u00a0h\u00a007. <\/strong>\u00c0<strong> Poitiers<\/strong>, les manifestants en route vers l\u2019\u00eelot Tison avaient initi\u00e9 un blocage au pied du Pont-Neuf. Ils sont environ 200 sur place apr\u00e8s une jonction avec un autre groupe. Ils reprennent finalement la route.<strong\/><\/p>\n<p><strong>17\u00a0h\u00a003. <\/strong>C\u2019est le troisi\u00e8me rassemblement \u00e0<strong> Chinon<\/strong>. Pr\u00e8s d\u2019une trentaine de personnes sont pr\u00e9sentes. Chacun prend la parole pour \u00e9voquer les pistes d\u2019actions militantes futures. Certains parlent de leur envie de mener des blocages \u00ab\u00a0pour emp\u00eacher le syst\u00e8me de tourner\u00a0\u00bb.<\/p>\n<p><img alt=\"Une petite trentaine de personnes sont r\u00e9unies \u00e0 Chinon, et \u00e9voquent les pistes d\u2019actions futures.\" loading=\"lazy\" width=\"980\" height=\"573\" decoding=\"async\" data-nimg=\"1\" class=\"img-responsive spinner-show\" style=\"color:transparent;background-size:cover;background-position:50% 50%;background-repeat:no-repeat;background-image:url(&quot;data:image\/svg+xml;charset=utf-8,%3Csvg xmlns='http:\/\/www.w3.org\/2000\/svg' viewBox='0 0 980 573'%3E%3Cfilter id='b' color-interpolation-filters='sRGB'%3E%3CfeGaussianBlur stdDeviation='20'\/%3E%3CfeColorMatrix values='1 0 0 0 0 0 1 0 0 0 0 0 1 0 0 0 0 0 100 -1' result='s'\/%3E%3CfeFlood x='0' y='0' width='100%25' height='100%25'\/%3E%3CfeComposite operator='out' in='s'\/%3E%3CfeComposite in2='SourceGraphic'\/%3E%3CfeGaussianBlur stdDeviation='20'\/%3E%3C\/filter%3E%3Cimage width='100%25' height='100%25' x='0' y='0' preserveAspectRatio='none' style='filter: url(%23b);' href='https:\/\/images.lanouvellerepublique.fr\/image\/upload\/t_88w\/f_auto\/68c193ec2bc43d035d8b45b8.jpg'\/%3E%3C\/svg%3E&quot;)\"   src=\"https:\/\/www.europesays.com\/fr\/wp-content\/uploads\/2025\/09\/68c193ec2bc43d035d8b45b8.jpg\"\/><\/p>\n<p style=\"background-color:#F2F2F2;padding:5px;margin-top:0px;margin-bottom:10px\">Une petite trentaine de personnes sont r\u00e9unies \u00e0 Chinon, et \u00e9voquent les pistes d\u2019actions futures.<br \/> \u00a9 (Photo NR, Oriane Cuenoud)<\/p>\n<p><strong>17\u00a0h. <\/strong>Au<strong> Blanc<\/strong>, une d\u00e9l\u00e9gation de 3 personnes, des syndicats CGT, CGT \u00e9nergies et FO sont re\u00e7us par Arl\u00e8ne Vivien, sous-pr\u00e9f\u00e8te du Blanc.<\/p>\n<p><strong>16\u00a0h\u00a058. <\/strong>Quelques chiffres\u00a0:<\/p>\n<p>&gt;\u00a0Dans l\u2019\u00e9ducation, la mobilisation a \u00e9t\u00e9 relativement faible dans l\u2019acad\u00e9mie Orl\u00e9ans-Tours avec 4,10\u00a0% des personnels gr\u00e9vistes.<\/p>\n<p>&gt;\u00a0En revanche, la mobilisation a \u00e9t\u00e9 plus forte dans les trois collectivit\u00e9s du Blaisois \u2013 Ville de Blois, Agglopolys et CIAS \u2013 avec 12\u00a0% de gr\u00e9vistes recens\u00e9s.<\/p>\n<p>4,10<\/p>\n<p><b>C\u2019est, en pourcentage, la proportion de personnels enseignants gr\u00e9vistes<\/b> ce mercredi 10\u00a0septembre dans l\u2019acad\u00e9mie Orl\u00e9ans-Tours<\/p>\n<p><strong>16\u00a0h\u00a055. <\/strong>Derni\u00e8re action \u00e0<strong> Vend\u00f4me <\/strong>apr\u00e8s avoir quitt\u00e9 les abords de la mairie vers 16\u00a0h, une douzaine de personnes se sont rendues sur l\u2019esplanade Rochambeau, devant l\u2019atelier Louis-Vuitton, pour tracer quelques slogans, \u00e0 la craie, sur les pav\u00e9s\u00a0: \u00ab\u00a0Taxons les riches\u00a0\u00bb, \u00ab\u00a0Vuitton, rends les millions\u00a0\u00bb\u2026 Avant le rendez-vous \u00e0 18\u00a0h \u00e0 la Bourse du travail pour d\u00e9cider de la suite \u00e0 donner au mouvement.<\/p>\n<p><strong>16\u00a0h\u00a052.<\/strong>\u00a0Apr\u00e8s avoir bloqu\u00e9 l\u2019avenue Rollinat, \u00e0<strong> Argenton-sur-Creuse<\/strong>, pendant une petite heure, les manifestants ont fait leur retour sur la place de la R\u00e9publique et se s\u00e9parent petit \u00e0 petit.<\/p>\n<p><img alt=\"70 personnes sont rassembl\u00e9es au pied de la sous-pr\u00e9fecture du Blanc, dont des repr\u00e9sentants du bureau de poste local.\" loading=\"lazy\" width=\"980\" height=\"573\" decoding=\"async\" data-nimg=\"1\" class=\"img-responsive spinner-show\" style=\"color:transparent;background-size:cover;background-position:50% 50%;background-repeat:no-repeat;background-image:url(&quot;data:image\/svg+xml;charset=utf-8,%3Csvg xmlns='http:\/\/www.w3.org\/2000\/svg' viewBox='0 0 980 573'%3E%3Cfilter id='b' color-interpolation-filters='sRGB'%3E%3CfeGaussianBlur stdDeviation='20'\/%3E%3CfeColorMatrix values='1 0 0 0 0 0 1 0 0 0 0 0 1 0 0 0 0 0 100 -1' result='s'\/%3E%3CfeFlood x='0' y='0' width='100%25' height='100%25'\/%3E%3CfeComposite operator='out' in='s'\/%3E%3CfeComposite in2='SourceGraphic'\/%3E%3CfeGaussianBlur stdDeviation='20'\/%3E%3C\/filter%3E%3Cimage width='100%25' height='100%25' x='0' y='0' preserveAspectRatio='none' style='filter: url(%23b);' href='https:\/\/images.lanouvellerepublique.fr\/image\/upload\/t_88w\/f_auto\/68c1917c2bc43d725c8b4592.jpg'\/%3E%3C\/svg%3E&quot;)\"   src=\"https:\/\/www.europesays.com\/fr\/wp-content\/uploads\/2025\/09\/68c1917c2bc43d725c8b4592.jpg\"\/><\/p>\n<p style=\"background-color:#F2F2F2;padding:5px;margin-top:0px;margin-bottom:10px\">70 personnes sont rassembl\u00e9es au pied de la sous-pr\u00e9fecture du Blanc, dont des repr\u00e9sentants du bureau de poste local.<br \/> \u00a9 (Photo NR, Christophe Gervais)<\/p>\n<p><strong>16\u00a0h\u00a050. <\/strong>La manifestation se disloque \u00e0<strong> Poitiers<\/strong>. Un groupe d\u2019une cinquantaine de personnes, men\u00e9 par les syndicalistes, prend le chemin de l\u2019\u00eelot Tison o\u00f9 une assembl\u00e9e g\u00e9n\u00e9rale est pr\u00e9vue.<\/p>\n<p><strong>16\u00a0h\u00a045. <\/strong>\u00c0<strong> Bressuire<\/strong>, le nombre de manifestants diminue progressivement. Les tracteurs de la Conf\u00e9d\u00e9ration paysanne sont partis en d\u00e9but d\u2019apr\u00e8s-midi.<\/p>\n<p><img alt=\"Les manifestants sont de moins en moins nombreux \u00e0 Bressuire, o\u00f9 la circulation est difficile sur le pont qui enjambe la N149.\" loading=\"lazy\" width=\"980\" height=\"573\" decoding=\"async\" data-nimg=\"1\" class=\"img-responsive spinner-show\" style=\"color:transparent;background-size:cover;background-position:50% 50%;background-repeat:no-repeat;background-image:url(&quot;data:image\/svg+xml;charset=utf-8,%3Csvg xmlns='http:\/\/www.w3.org\/2000\/svg' viewBox='0 0 980 573'%3E%3Cfilter id='b' color-interpolation-filters='sRGB'%3E%3CfeGaussianBlur stdDeviation='20'\/%3E%3CfeColorMatrix values='1 0 0 0 0 0 1 0 0 0 0 0 1 0 0 0 0 0 100 -1' result='s'\/%3E%3CfeFlood x='0' y='0' width='100%25' height='100%25'\/%3E%3CfeComposite operator='out' in='s'\/%3E%3CfeComposite in2='SourceGraphic'\/%3E%3CfeGaussianBlur stdDeviation='20'\/%3E%3C\/filter%3E%3Cimage width='100%25' height='100%25' x='0' y='0' preserveAspectRatio='none' style='filter: url(%23b);' href='https:\/\/images.lanouvellerepublique.fr\/image\/upload\/t_88w\/f_auto\/68c1904886fdafc2348b4581.jpg'\/%3E%3C\/svg%3E&quot;)\"   src=\"https:\/\/www.europesays.com\/fr\/wp-content\/uploads\/2025\/09\/68c1904886fdafc2348b4581.jpg\"\/><\/p>\n<p style=\"background-color:#F2F2F2;padding:5px;margin-top:0px;margin-bottom:10px\">Les manifestants sont de moins en moins nombreux \u00e0 Bressuire, o\u00f9 la circulation est difficile sur le pont qui enjambe la N149.<br \/> \u00a9 (Photo NR, Dominique Guinefoleau)<\/p>\n<p><strong>16\u00a0h\u00a042. <\/strong>Au<strong> Blanc<\/strong>, 70 personnes sont au pied de la sous-pr\u00e9fecture, dont des repr\u00e9sentants du bureau de poste local, venus d\u00e9fendre \u00ab\u00a0leur salaire et leur pouvoir d\u2019achat\u00a0\u00bb.<strong\/><\/p>\n<p><strong>16\u00a0h\u00a040.<\/strong>\u00a0\u00c0<strong> Bressuire<\/strong>, les manifestants ne laissent passer le trafic qu\u2019au compte-goutte sur le pont qui enjambe la N149 en direction de Thouars.<\/p>\n<p><img alt=\"Ces manifestantes argentonnaises bloquent pacifiquement l\u2019avenue Rollinat.\" loading=\"lazy\" width=\"980\" height=\"573\" decoding=\"async\" data-nimg=\"1\" class=\"img-responsive spinner-show\" style=\"color:transparent;background-size:cover;background-position:50% 50%;background-repeat:no-repeat;background-image:url(&quot;data:image\/svg+xml;charset=utf-8,%3Csvg xmlns='http:\/\/www.w3.org\/2000\/svg' viewBox='0 0 980 573'%3E%3Cfilter id='b' color-interpolation-filters='sRGB'%3E%3CfeGaussianBlur stdDeviation='20'\/%3E%3CfeColorMatrix values='1 0 0 0 0 0 1 0 0 0 0 0 1 0 0 0 0 0 100 -1' result='s'\/%3E%3CfeFlood x='0' y='0' width='100%25' height='100%25'\/%3E%3CfeComposite operator='out' in='s'\/%3E%3CfeComposite in2='SourceGraphic'\/%3E%3CfeGaussianBlur stdDeviation='20'\/%3E%3C\/filter%3E%3Cimage width='100%25' height='100%25' x='0' y='0' preserveAspectRatio='none' style='filter: url(%23b);' href='https:\/\/images.lanouvellerepublique.fr\/image\/upload\/t_88w\/f_auto\/68c18e7a86fdaf78358b4567.jpg'\/%3E%3C\/svg%3E&quot;)\"   src=\"https:\/\/www.europesays.com\/fr\/wp-content\/uploads\/2025\/09\/68c18e7a86fdaf78358b4567.jpg\"\/><\/p>\n<p style=\"background-color:#F2F2F2;padding:5px;margin-top:0px;margin-bottom:10px\">Ces manifestantes argentonnaises bloquent pacifiquement l\u2019avenue Rollinat.<br \/> \u00a9 (Photo NR, Nicolas Grellier)<\/p>\n<p><strong>16\u00a0h\u00a036. <\/strong>\u00c0<strong> Argenton-sur-Creuse<\/strong>, dans l\u2019Indre, les manifestants ne sont plus qu\u2019une cinquantaine mais sont toujours install\u00e9s au milieu de l\u2019avenue Rollinat. Malgr\u00e9 la pr\u00e9sence des forces de l\u2019ordre, certains ne semblent pas avoir pr\u00e9vu de bouger tout de suite.<\/p>\n<p>Toujours dans l\u2019Indre mais au <strong>Blanc<\/strong>, une cinquantaine de personnes sont rassembl\u00e9es.<\/p>\n<p><strong>16\u00a0h\u00a034. <\/strong>\u00c0 <strong>Poitiers<\/strong>, le cort\u00e8ge rejoint le centre-ville.<\/p>\n<p><img alt=\"2.000 manifestants d\u00e9ambulent \u00e0 Poitiers, direction le centre-ville.\" loading=\"lazy\" width=\"980\" height=\"573\" decoding=\"async\" data-nimg=\"1\" class=\"img-responsive spinner-show\" style=\"color:transparent;background-size:cover;background-position:50% 50%;background-repeat:no-repeat;background-image:url(&quot;data:image\/svg+xml;charset=utf-8,%3Csvg xmlns='http:\/\/www.w3.org\/2000\/svg' viewBox='0 0 980 573'%3E%3Cfilter id='b' color-interpolation-filters='sRGB'%3E%3CfeGaussianBlur stdDeviation='20'\/%3E%3CfeColorMatrix values='1 0 0 0 0 0 1 0 0 0 0 0 1 0 0 0 0 0 100 -1' result='s'\/%3E%3CfeFlood x='0' y='0' width='100%25' height='100%25'\/%3E%3CfeComposite operator='out' in='s'\/%3E%3CfeComposite in2='SourceGraphic'\/%3E%3CfeGaussianBlur stdDeviation='20'\/%3E%3C\/filter%3E%3Cimage width='100%25' height='100%25' x='0' y='0' preserveAspectRatio='none' style='filter: url(%23b);' href='https:\/\/images.lanouvellerepublique.fr\/image\/upload\/t_88w\/f_auto\/68c18cbf86fdaf73198b4607.jpg'\/%3E%3C\/svg%3E&quot;)\"   src=\"https:\/\/www.europesays.com\/fr\/wp-content\/uploads\/2025\/09\/68c18cbf86fdaf73198b4607.jpg\"\/><\/p>\n<p style=\"background-color:#F2F2F2;padding:5px;margin-top:0px;margin-bottom:10px\">2.000 manifestants d\u00e9ambulent \u00e0 Poitiers, direction le centre-ville.<br \/> \u00a9 (Photo NR, Mathieu Herduin)<\/p>\n<p><strong>16\u00a0h\u00a027. <\/strong>La manifestation a pris fin \u00e0<strong> Blois<\/strong>, o\u00f9 l\u2019ampleur derri\u00e8re le mouvement \u00ab\u00a0Bloquons tout\u00a0\u00bb aura \u00e9t\u00e9 importante.<\/p>\n<p><strong>16\u00a0h\u00a020. <\/strong>Apr\u00e8s avoir install\u00e9 une barricade faite de poubelles et barri\u00e8res, les manifestants ont \u00e9t\u00e9 repouss\u00e9s par les forces de l\u2019ordre au niveau du pont Mirabeau \u00e0<strong> Tours. <\/strong>Un pont toujours bloqu\u00e9 \u00e0 la circulation.<\/p>\n<\/p>\n<p><strong>16\u00a0h\u00a015. <\/strong>Les derniers comptages \u00e0<strong> Blois<\/strong> indiquent plus d\u2019un millier de manifestants. Les syndicats indiquent qu\u2019une AG se tient ce soir \u00e0 18\u00a0h \u00e0 La Creusille. Et donnent rendez-vous \u00e0 tous le 13\u00a0septembre \u00e0 11\u00a0h en solidarit\u00e9 avec la Palestine, puis le 18\u00a0septembre pour un nouveau mouvement social d\u2019ampleur, avant les 21 et 28\u00a0septembre.<\/p>\n<p>1.000<\/p>\n<p><b>C\u2019est, au minimum, le nombre de manifestants<\/b> r\u00e9unis \u00e0 <b>Blois<\/b><\/p>\n<p><strong>16\u00a0h\u00a010. <\/strong>Laurent Baumel, d\u00e9put\u00e9 PS de<strong> Chinon<\/strong>, \u00e9tait pr\u00e9sent devant l\u2019h\u00f4pital pour exprimer \u00ab\u00a0une forme de compr\u00e9hension vis-\u00e0-vis de ce mouvement qui a le m\u00e9rite de mobiliser des citoyens dans le d\u00e9bat qu\u2019on a aujourd\u2019hui sur le budget, les orientations de la politique \u00e9conomique et sociale\u00a0\u00bb. Il exclut toute volont\u00e9 de r\u00e9cup\u00e9ration politique de ce mouvement initi\u00e9 par des citoyens. \u00ab\u00a0Je ne viens pas avec mon \u00e9charpe, je ne prends pas la parole. Je suis l\u00e0 en observateur.\u00a0\u00bb<\/p>\n<p><img alt=\"Le d\u00e9put\u00e9 socialiste Laurent Baumel est pr\u00e9sent \u00e0 Chinon, \u00ab\u00a0en observateur\u00a0\u00bb.\" loading=\"lazy\" width=\"980\" height=\"573\" decoding=\"async\" data-nimg=\"1\" class=\"img-responsive spinner-show\" style=\"color:transparent;background-size:cover;background-position:50% 50%;background-repeat:no-repeat;background-image:url(&quot;data:image\/svg+xml;charset=utf-8,%3Csvg xmlns='http:\/\/www.w3.org\/2000\/svg' viewBox='0 0 980 573'%3E%3Cfilter id='b' color-interpolation-filters='sRGB'%3E%3CfeGaussianBlur stdDeviation='20'\/%3E%3CfeColorMatrix values='1 0 0 0 0 0 1 0 0 0 0 0 1 0 0 0 0 0 100 -1' result='s'\/%3E%3CfeFlood x='0' y='0' width='100%25' height='100%25'\/%3E%3CfeComposite operator='out' in='s'\/%3E%3CfeComposite in2='SourceGraphic'\/%3E%3CfeGaussianBlur stdDeviation='20'\/%3E%3C\/filter%3E%3Cimage width='100%25' height='100%25' x='0' y='0' preserveAspectRatio='none' style='filter: url(%23b);' href='https:\/\/images.lanouvellerepublique.fr\/image\/upload\/t_88w\/f_auto\/68c187432bc43df83f8b4589.jpg'\/%3E%3C\/svg%3E&quot;)\"   src=\"https:\/\/www.europesays.com\/fr\/wp-content\/uploads\/2025\/09\/68c187432bc43df83f8b4589.jpg\"\/><\/p>\n<p style=\"background-color:#F2F2F2;padding:5px;margin-top:0px;margin-bottom:10px\">Le d\u00e9put\u00e9 socialiste Laurent Baumel est pr\u00e9sent \u00e0 Chinon, \u00ab\u00a0en observateur\u00a0\u00bb.<br \/> \u00a9 (Photo NR, Oriane Cuenoud)<\/p>\n<p><strong>16\u00a0h\u00a008.\u00a0\u00c0 Poitiers<\/strong>, le cort\u00e8ge a rapidement interrompu le blocage \u00e0 la Porte-de-Paris pour reprendre la direction du centre-ville via le boulevard Chasseigne. Les manifestants sont actuellement au niveau du Jardin des plantes et appellent \u00e0 une assembl\u00e9e populaire, en fin de journ\u00e9e, \u00e0 l\u2019\u00eelot Tison.<\/p>\n<p><strong>16\u00a0h\u00a005. <\/strong>\u00c0<strong> Vend\u00f4me<\/strong>, l\u2019AG des manifestants aura lieu ce soir \u00e0 18\u00a0h \u00e0 la Bourse du travail. Le maire a promis d\u2019\u00e9tudier une autre solution si cette salle s\u2019av\u00e9rait trop petite. Les manifestants veulent toujours un lieu plus \u00ab\u00a0neutre\u00a0\u00bb, certains ont avanc\u00e9 l\u2019id\u00e9e de planter un barnum devant la mairie vendredi.<\/p>\n<p><strong>16\u00a0h\u00a003. <\/strong>\u00c0<strong> Argenton-sur-Creuse<\/strong>, dans l\u2019Indre, le cort\u00e8ge regroupant environ 200 personnes s\u2019est rendu jusqu\u2019\u00e0 l\u2019entr\u00e9e de la rue de la Gare o\u00f9 il s\u2019est arr\u00eat\u00e9 quelques minutes, avant de retourner devant la place de la R\u00e9publique afin de bloquer \u00e0 nouveau le rond-point du centre-ville. Les manifestants ont toutefois rapidement \u00e9t\u00e9 chass\u00e9s dans le calme par les forces de l\u2019ordre et ont pris la direction de l\u2019avenue Rollinat o\u00f9 ils se sont arr\u00eat\u00e9s.<\/p>\n<p><strong>16\u00a0h. <\/strong>\u00c7a faisait longtemps qu\u2019on n\u2019avait pas vu, \u00e0 <strong>Blois<\/strong>, l\u2019int\u00e9gralit\u00e9 de la rue Denis-Papin aussi pleine, du pont Fran\u00e7ois-Mitterrand jusqu\u2019aux escaliers Denis-Papin.<\/p>\n<\/p>\n<p><strong>15\u00a0h\u00a055.<\/strong> Le cort\u00e8ge<strong> poitevin<\/strong> est arriv\u00e9 Porte-de-Paris, o\u00f9 ils bloquent le rond-point.<\/p>\n<p>\u00c0 <strong>Blois<\/strong>, Patrick, jeune retrait\u00e9 de l\u2019enseignement, en a \u00ab\u00a0ras-le-bol\u00a0: ce que fait Macron, c\u2019est un d\u00e9ni de d\u00e9mocratie, on vire Bayrou et il en met un pire, encore plus \u00e0 droite. Lecornu, ex-ministre des Arm\u00e9es, c\u2019\u00e9tait aussi la manif pour tous\u2026\u00a0\u00bb Le cort\u00e8ge bl\u00e9sois arrive place de la R\u00e9sistance, de plus en plus fourni.<\/p>\n<p>Ce que fait Macron, c\u2019est un d\u00e9ni de d\u00e9mocratie, on vire Bayrou et il en met un pire, encore plus \u00e0 droite. Lecornu, ex-ministre des Arm\u00e9es, c\u2019\u00e9tait aussi la manif pour tous<\/p>\n<p><strong>Patrick, retrait\u00e9 de l\u2019enseignement <\/strong>Blois<\/p>\n<p><strong>15\u00a0h\u00a048. <\/strong>\u00c0<strong> Blois<\/strong>, les manifestants seraient entre <strong>900<\/strong> selon les forces de l\u2019ordre et <strong>1.500<\/strong> selon la CGT.<\/p>\n<p><img alt=\"Sous une pluie soutenue, le rond-point \u00e0 proximit\u00e9 du centre commercial Leclerc de Niort n\u2019est plus tenu que par une trentaine de manifestants.\" loading=\"lazy\" width=\"980\" height=\"573\" decoding=\"async\" data-nimg=\"1\" class=\"img-responsive spinner-show\" style=\"color:transparent;background-size:cover;background-position:50% 50%;background-repeat:no-repeat;background-image:url(&quot;data:image\/svg+xml;charset=utf-8,%3Csvg xmlns='http:\/\/www.w3.org\/2000\/svg' viewBox='0 0 980 573'%3E%3Cfilter id='b' color-interpolation-filters='sRGB'%3E%3CfeGaussianBlur stdDeviation='20'\/%3E%3CfeColorMatrix values='1 0 0 0 0 0 1 0 0 0 0 0 1 0 0 0 0 0 100 -1' result='s'\/%3E%3CfeFlood x='0' y='0' width='100%25' height='100%25'\/%3E%3CfeComposite operator='out' in='s'\/%3E%3CfeComposite in2='SourceGraphic'\/%3E%3CfeGaussianBlur stdDeviation='20'\/%3E%3C\/filter%3E%3Cimage width='100%25' height='100%25' x='0' y='0' preserveAspectRatio='none' style='filter: url(%23b);' href='https:\/\/images.lanouvellerepublique.fr\/image\/upload\/t_88w\/f_auto\/68c1823486fdaf47728b468d.jpg'\/%3E%3C\/svg%3E&quot;)\"   src=\"https:\/\/www.europesays.com\/fr\/wp-content\/uploads\/2025\/09\/68c1823486fdaf47728b468d.jpg\"\/><\/p>\n<p style=\"background-color:#F2F2F2;padding:5px;margin-top:0px;margin-bottom:10px\">Sous une pluie soutenue, le rond-point \u00e0 proximit\u00e9 du centre commercial Leclerc de Niort n\u2019est plus tenu que par une trentaine de manifestants.<br \/> \u00a9 Photo NR, Benjamin Abgrall<\/p>\n<p><strong>15\u00a0h\u00a040.<\/strong>\u00a0\u00c0<strong> Niort<\/strong>, sous une pluie soutenue, le rond-point \u00e0 proximit\u00e9 du centre commercial Leclerc n\u2019est plus tenu que par une trentaine de manifestants. Des \u00ab\u00a0\u00e0 demain camarades, bonne soir\u00e9e\u00a0\u00bb, se font entendre alors que le nombre de mobilis\u00e9s diminue petit \u00e0 petit.<\/p>\n<p><strong>15\u00a0h\u00a037. <\/strong>Une partie du cort\u00e8ge a \u00e9t\u00e9 bloqu\u00e9e par les forces de l\u2019ordre \u00e0 l\u2019entr\u00e9e de l\u2019autoroute A10 \u00e0 <strong>Tours<\/strong>. Les manifestants, qui sont entre 200 et 300, ont ensuite reflu\u00e9 vers le pont Mirabeau o\u00f9 le carrefour a \u00e9t\u00e9 bloqu\u00e9. Le prochain rendez-vous de cette journ\u00e9e de mobilisation tourangelle aura lieu place Jean-Jaur\u00e8s, \u00e0 18\u00a0h\u00a030.<\/p>\n<\/p>\n<p><strong>15\u00a0h\u00a030. <\/strong>C\u2019est l\u2019heure des prises de parole, \u00e0<strong> Blois<\/strong>, square Victor-Hugo. Didier Calvo, de la CGT, indique que \u00ab\u00a0ce n\u2019est que le d\u00e9but\u00a0\u00bb. Dans les rangs bl\u00e9sois, des lyc\u00e9ennes et lyc\u00e9ens en \u00ab\u00a0ont marre, la France va mal et personne ne fait rien, notre sant\u00e9 mentale se d\u00e9grade, la lutte pour les droits LGBT, contre les f\u00e9minicides qui se poursuivent chaque jour\u00a0\u00bb.\u00a0C\u2019est pour tout cela que Jos\u00e9phine, T\u00e9o et Emy tenaient \u00e0 \u00eatre pr\u00e9sents.<\/p>\n<p><strong>15\u00a0h\u00a028. <\/strong>\u00c0<strong> Vend\u00f4me<\/strong>, le maire Laurent Brillard est sorti parler avec les manifestants. Ils demandent \u00e0 disposer du march\u00e9 couvert \u00ab\u00a0assez grand et neutre\u00a0\u00bb, le maire propose la Bourse du travail. Mais \u00e7a ne passe pas\u2026<\/p>\n<p><img alt=\"Explication entre les manifestants vend\u00f4mois et le maire, Laurent Brillard.\" loading=\"lazy\" width=\"980\" height=\"573\" decoding=\"async\" data-nimg=\"1\" class=\"img-responsive spinner-show\" style=\"color:transparent;background-size:cover;background-position:50% 50%;background-repeat:no-repeat;background-image:url(&quot;data:image\/svg+xml;charset=utf-8,%3Csvg xmlns='http:\/\/www.w3.org\/2000\/svg' viewBox='0 0 980 573'%3E%3Cfilter id='b' color-interpolation-filters='sRGB'%3E%3CfeGaussianBlur stdDeviation='20'\/%3E%3CfeColorMatrix values='1 0 0 0 0 0 1 0 0 0 0 0 1 0 0 0 0 0 100 -1' result='s'\/%3E%3CfeFlood x='0' y='0' width='100%25' height='100%25'\/%3E%3CfeComposite operator='out' in='s'\/%3E%3CfeComposite in2='SourceGraphic'\/%3E%3CfeGaussianBlur stdDeviation='20'\/%3E%3C\/filter%3E%3Cimage width='100%25' height='100%25' x='0' y='0' preserveAspectRatio='none' style='filter: url(%23b);' href='https:\/\/images.lanouvellerepublique.fr\/image\/upload\/t_88w\/f_auto\/68c17d6686fdafa0638b463b.jpg'\/%3E%3C\/svg%3E&quot;)\"   src=\"https:\/\/www.europesays.com\/fr\/wp-content\/uploads\/2025\/09\/68c17d6686fdafa0638b463b.jpg\"\/><\/p>\n<p style=\"background-color:#F2F2F2;padding:5px;margin-top:0px;margin-bottom:10px\">Explication entre les manifestants vend\u00f4mois et le maire, Laurent Brillard.<br \/> \u00a9 Photo NR, Catherine Simon<\/p>\n<p><strong>15\u00a0h\u00a025. <\/strong>\u00c0<strong> Poitiers<\/strong>, au d\u00e9part de la manifestation, les militants ont marqu\u00e9 une pause devant le commissariat pour rendre hommage \u00e0 In\u00e8s, \u00e9tudiante et membre de Solidaires, tu\u00e9e par son ex-conjoint lundi 8\u00a0septembre.<\/p>\n<p><strong>15\u00a0h\u00a020. <\/strong>Les trains R\u00e9mi Centre-Val de Loire pr\u00e9voient des perturbations cet apr\u00e8s-midi, du fait d\u2019un \u00ab\u00a0mouvement social\u00a0\u00bb comme indiqu\u00e9 sur leur compte X (ex-Twitter).<\/p>\n<p><strong>15\u00a0h\u00a017. <\/strong>Plus de 2.000 manifestants se sont rassembl\u00e9s devant la pr\u00e9fecture de<strong> Poitiers<\/strong>. Trois quarts d\u2019heure apr\u00e8s l\u2019heure de rendez-vous, ils sont partis en cort\u00e8ge par la rue des \u00c9cossais pour faire une halte devant l\u2019h\u00f4tel de police, o\u00f9 une prise de parole d\u00e9nonce l\u2019inefficacit\u00e9 de la police <a target=\"_self\" href=\"https:\/\/www.lanouvellerepublique.fr\/poitiers\/info-nr-feminicide-a-poitiers-une-femme-de-25-ans-tuee-a-coups-de-couteau-1757360117\" rel=\"noopener\">suite au f\u00e9minicide survenu lundi \u00e0 Poitiers<\/a>.<\/p>\n<p>2.000<\/p>\n<p><b>C\u2019est, au bas mot, le nombre de manifestants<\/b> r\u00e9unis \u00e0 <b>Poitiers <\/b>dans le cadre du mouvement \u00ab\u00a0Bloquons tout\u00a0\u00bb<\/p>\n<p><strong>15\u00a0h\u00a015. <\/strong>\u00c0<strong> Argenton-sur-Creuse<\/strong>, dans l\u2019Indre, le cort\u00e8ge d\u2019une centaine de personnes a pris place sur le rond-point du centre-ville, face \u00e0 la place de la R\u00e9publique, qui est d\u00e9sormais bloqu\u00e9 \u00e0 la circulation. Les manifestants reprennent de nombreux chants. \u00ab\u00a0Lecornu t\u2019es foutu, le peuple est dans la rue\u00a0\u00bb, est de loin le plus populaire dans les rangs du cort\u00e8ge, qui n\u2019entend pas pour l\u2019instant bouger.<\/p>\n<p><strong>15\u00a0h\u00a005. <\/strong>Le cort\u00e8ge<strong> bl\u00e9sois<\/strong> vient de s\u2019\u00e9lancer\u00a0: \u00ab\u00a0Macron, Bayrou et Lecornu, on n\u2019en veut plus\u2026 Et hop, tout \u00e7a \u00e0 la poubelle.\u00a0\u00bb Une jeune vendangeuse de 28\u00a0ans \u00e0 Chitenay, n\u2019est pas all\u00e9e travailler aujourd\u2019hui pour participer\u00a0: \u00ab\u00a0L\u00e0, y\u2019en a marre. Lecornu n\u2019y changera rien\u2026 Il faut la d\u00e9mission de Macron, seul \u00e7a serait salutaire. Marre de la r\u00e9duction budg\u00e9taire, des menaces sur les aides sociales et la mont\u00e9e des extr\u00eames qui m\u2019inqui\u00e8te.\u00a0\u00bb Dans les rangs, quelques politiques venus sans \u00e9charpe, \u00e0 l\u2019image de Marc Gricourt, maire de Blois et son premier adjoint J\u00e9r\u00f4me Bougeot.<\/p>\n<\/p>\n<p><strong>15\u00a0h\u00a001. <\/strong>Une centaine de personnes sont devant les portes de la mairie de<strong> Vend\u00f4me<\/strong>. Une d\u00e9l\u00e9gation veut rencontrer le maire pour demander la mise \u00e0 disposition du march\u00e9 couvert pour une \u00ab\u00a0agora citoyenne\u00a0\u00bb hebdomadaire mais les portes restent ferm\u00e9es.<\/p>\n<p><strong>15\u00a0h. <\/strong>\u00c0<strong> Tours<\/strong>, nouveau point de situation de la pr\u00e9fecture. Celle-ci qualifie la mobilisation en Indre-et-Loire de \u00ab\u00a0r\u00e9elle et conforme aux pr\u00e9visions\u00a0\u00bb. Sauf chez les jeunes o\u00f9 elle est \u00ab\u00a0sup\u00e9rieure\u00a0\u00bb \u00e0 ce qui \u00e9tait anticip\u00e9. Pour le reste, toujours pas d\u2019interpellation ni de bless\u00e9s. Ni m\u00eame de \u00ab\u00a0vell\u00e9it\u00e9s d\u2019affrontement avec les forces de l\u2019ordre\u00a0\u00bb.<\/p>\n<p><strong>14\u00a0h\u00a055. <\/strong>\u00c0<strong> Argenton-sur-Creuse<\/strong>, dans l\u2019Indre, une centaine de personnes se sont rassembl\u00e9es sur la place de la R\u00e9publique pour manifester dans les rues de la ville. L\u2019ambiance est calme mais on sent l\u2019exasp\u00e9ration dans les rangs des manifestants. \u00ab\u00a0Je crois que tout le monde va mal. Tout a augment\u00e9 et si on ne se mobilise pas maintenant, on ne le fera jamais\u00a0\u00bb, explique pancarte en main, \u00c9lodie, 44\u00a0ans en recherche d\u2019emploi. \u00ab\u00a0J\u2019ai fait des manifestations au niveau environnemental mais au niveau politique c\u2019est la premi\u00e8re. Je trouve qu\u2019on se moque de nous depuis longtemps, j\u2019ai l\u2019impression que c\u2019est de pire en pire. On s\u2019est d\u00e9plac\u00e9s pour aller voter l\u2019an dernier et au final notre vote n\u2019a pas \u00e9t\u00e9 pris en compte\u00a0\u00bb, regrette Amandine, 34\u00a0ans.<\/p>\n<p>Je trouve qu\u2019on se moque de nous depuis longtemps, j\u2019ai l\u2019impression que c\u2019est de pire en pire. On s\u2019est d\u00e9plac\u00e9s pour aller voter l\u2019an dernier et au final notre vote n\u2019a pas \u00e9t\u00e9 pris en compte<\/p>\n<p><strong>Amandine, manifestante de 34\u00a0ans <\/strong>Argenton-sur-Creuse<\/p>\n<p><strong>14\u00a0h\u00a052. <\/strong>Dans les rangs<strong> bl\u00e9sois <\/strong>: \u00ab\u00a0Lecornu, on n\u2019en veut plus\u2026\u00a0\u00bb D\u00e9j\u00e0\u00a0? \u00ab\u00a0\u00c7a ne va rien changer, dans la rue \u00e7a recommence \u00e0 gronder\u2026 et ils s\u2019en fichent\u00a0! Alors tous en manif, ce n\u2019est que le d\u00e9but\u00a0\u00bb, confie Sylvie, fonctionnaire, qui relaie l\u2019appel des syndicats de poursuivre l\u2019action le 18\u00a0septembre.<\/p>\n<p><img alt=\"Une guillotine tr\u00f4ne sur la place Jean-Jaur\u00e8s, \u00e0 Tours. Avec un c\u0153ur en guise de trou pour la t\u00eate\u2026\" loading=\"lazy\" width=\"980\" height=\"573\" decoding=\"async\" data-nimg=\"1\" class=\"img-responsive spinner-show\" style=\"color:transparent;background-size:cover;background-position:50% 50%;background-repeat:no-repeat;background-image:url(&quot;data:image\/svg+xml;charset=utf-8,%3Csvg xmlns='http:\/\/www.w3.org\/2000\/svg' viewBox='0 0 980 573'%3E%3Cfilter id='b' color-interpolation-filters='sRGB'%3E%3CfeGaussianBlur stdDeviation='20'\/%3E%3CfeColorMatrix values='1 0 0 0 0 0 1 0 0 0 0 0 1 0 0 0 0 0 100 -1' result='s'\/%3E%3CfeFlood x='0' y='0' width='100%25' height='100%25'\/%3E%3CfeComposite operator='out' in='s'\/%3E%3CfeComposite in2='SourceGraphic'\/%3E%3CfeGaussianBlur stdDeviation='20'\/%3E%3C\/filter%3E%3Cimage width='100%25' height='100%25' x='0' y='0' preserveAspectRatio='none' style='filter: url(%23b);' href='https:\/\/images.lanouvellerepublique.fr\/image\/upload\/t_88w\/f_auto\/68c175182bc43d69048b4571.jpg'\/%3E%3C\/svg%3E&quot;)\"   src=\"https:\/\/www.europesays.com\/fr\/wp-content\/uploads\/2025\/09\/68c175182bc43d69048b4571.jpg\"\/><\/p>\n<p style=\"background-color:#F2F2F2;padding:5px;margin-top:0px;margin-bottom:10px\">Une guillotine tr\u00f4ne sur la place Jean-Jaur\u00e8s, \u00e0 Tours. Avec un c\u0153ur en guise de trou pour la t\u00eate\u2026<br \/> \u00a9 Photo NR, Pierre Veill\u00e9<\/p>\n<p><strong>14\u00a0h\u00a050. <\/strong>Dans la manifestation<strong> tourangelle<\/strong>, une grande guillotine ne passe pas inaper\u00e7ue. \u00ab\u00a0On l\u2019a faite sp\u00e9cialement pour l\u2019occasion\u00a0\u00bb, sourit Julien, qui a confectionn\u00e9 l\u2019engin avec des copains ce week-end. Un c\u0153ur a pris la place du trou pour la t\u00eate, histoire de \u00ab\u00a0d\u00e9samorcer l\u2019agressivit\u00e9 de l\u2019objet\u00a0\u00bb utilis\u00e9 pour \u00ab\u00a0\u00e9voquer l\u2019imaginaire r\u00e9volutionnaire et la lutte contre les privil\u00e8ges\u00a0\u00bb.<\/p>\n<p><strong>14\u00a0h\u00a045. <\/strong>La foule est d\u00e9j\u00e0 nombreuse \u00e0<strong> Poitiers<\/strong>. Un flottement r\u00e8gne. Personne ne sait dire si un cort\u00e8ge va se mettre en place ou non.<\/p>\n<p><img alt=\"La foule est d\u00e9j\u00e0 nombreuse \u00e0 Poitiers.\" loading=\"lazy\" width=\"980\" height=\"573\" decoding=\"async\" data-nimg=\"1\" class=\"img-responsive spinner-show\" style=\"color:transparent;background-size:cover;background-position:50% 50%;background-repeat:no-repeat;background-image:url(&quot;data:image\/svg+xml;charset=utf-8,%3Csvg xmlns='http:\/\/www.w3.org\/2000\/svg' viewBox='0 0 980 573'%3E%3Cfilter id='b' color-interpolation-filters='sRGB'%3E%3CfeGaussianBlur stdDeviation='20'\/%3E%3CfeColorMatrix values='1 0 0 0 0 0 1 0 0 0 0 0 1 0 0 0 0 0 100 -1' result='s'\/%3E%3CfeFlood x='0' y='0' width='100%25' height='100%25'\/%3E%3CfeComposite operator='out' in='s'\/%3E%3CfeComposite in2='SourceGraphic'\/%3E%3CfeGaussianBlur stdDeviation='20'\/%3E%3C\/filter%3E%3Cimage width='100%25' height='100%25' x='0' y='0' preserveAspectRatio='none' style='filter: url(%23b);' href='https:\/\/images.lanouvellerepublique.fr\/image\/upload\/t_88w\/f_auto\/68c173cc03d9b38f5f8b468a.jpg'\/%3E%3C\/svg%3E&quot;)\"   src=\"https:\/\/www.europesays.com\/fr\/wp-content\/uploads\/2025\/09\/68c173cc03d9b38f5f8b468a.jpg\"\/><\/p>\n<p style=\"background-color:#F2F2F2;padding:5px;margin-top:0px;margin-bottom:10px\">La foule est d\u00e9j\u00e0 nombreuse \u00e0 Poitiers.<br \/> \u00a9 Photo NR, Mathieu Herduin<\/p>\n<p><strong>14\u00a0h\u00a040.<\/strong>\u00a0\u00c0<strong> Blois<\/strong>, la \u00ab\u00a0grande\u00a0\u00bb manifestation se met en place devant la pr\u00e9fecture. Elle mobilise les foules\u00a0: entre 400 et 500 personnes pour l\u2019instant.\u00a0Le parcours s\u2019affine pour un cort\u00e8ge qui va partir de la pr\u00e9fecture, descendre vers la poste, rejoindre le square Victor-Hugo et rallier la place de la R\u00e9sistance. \u00c9tudiants et lyc\u00e9ens sont appel\u00e9s derri\u00e8re la banderole de t\u00eate constitu\u00e9e des syndicats CGT, FSU et Solidaires qui ont appel\u00e9 \u00e0 ce rassemblement.<\/p>\n<p><strong>14\u00a0h\u00a035. <\/strong>Deuxi\u00e8me rassemblement \u00e0<strong> Chinon<\/strong>. Environ 90 personnes sont r\u00e9unies devant l\u2019h\u00f4pital \u00e0 l\u2019appel de Force Ouvri\u00e8re. Parmi elles\u00a0: le d\u00e9put\u00e9 PS Laurent Baumel.\u00a0Alexandre Robert, repr\u00e9sentant FO, l\u2019interpelle\u00a0: \u00ab\u00a0J\u2019invite notre d\u00e9put\u00e9 \u00e0 se rendre en g\u00e9riatrique, o\u00f9 il n\u2019y a pas assez de personnel. Les mesures annonc\u00e9es par le gouvernement, 5\u00a0milliards de r\u00e9duction dans le budget des h\u00f4pitaux, \u00e7a va \u00eatre n\u00e9faste \u00e0 tout le monde, personnel sant\u00e9 et population. On se bat aussi pour les patients qu\u2019on a en\u00a0face.\u00a0\u00bb<\/p>\n<p><img alt=\"Clara, \u00e9tudiante aux Beaux-Arts \u00e0 Poitiers, a r\u00e9alis\u00e9 une banderole color\u00e9e.\" loading=\"lazy\" width=\"980\" height=\"573\" decoding=\"async\" data-nimg=\"1\" class=\"img-responsive spinner-show\" style=\"color:transparent;background-size:cover;background-position:50% 50%;background-repeat:no-repeat;background-image:url(&quot;data:image\/svg+xml;charset=utf-8,%3Csvg xmlns='http:\/\/www.w3.org\/2000\/svg' viewBox='0 0 980 573'%3E%3Cfilter id='b' color-interpolation-filters='sRGB'%3E%3CfeGaussianBlur stdDeviation='20'\/%3E%3CfeColorMatrix values='1 0 0 0 0 0 1 0 0 0 0 0 1 0 0 0 0 0 100 -1' result='s'\/%3E%3CfeFlood x='0' y='0' width='100%25' height='100%25'\/%3E%3CfeComposite operator='out' in='s'\/%3E%3CfeComposite in2='SourceGraphic'\/%3E%3CfeGaussianBlur stdDeviation='20'\/%3E%3C\/filter%3E%3Cimage width='100%25' height='100%25' x='0' y='0' preserveAspectRatio='none' style='filter: url(%23b);' href='https:\/\/images.lanouvellerepublique.fr\/image\/upload\/t_88w\/f_auto\/68c1724f2bc43df06a8b462b.jpg'\/%3E%3C\/svg%3E&quot;)\"   src=\"https:\/\/www.europesays.com\/fr\/wp-content\/uploads\/2025\/09\/68c1724f2bc43df06a8b462b.jpg\"\/><\/p>\n<p style=\"background-color:#F2F2F2;padding:5px;margin-top:0px;margin-bottom:10px\">Clara, \u00e9tudiante aux Beaux-Arts \u00e0 Poitiers, a r\u00e9alis\u00e9 une banderole color\u00e9e.<br \/> \u00a9 Photo NR, Mathieu Herduin<\/p>\n<p><strong>14\u00a0h\u00a025. <\/strong>\u00c0<strong> Vend\u00f4me<\/strong>, le secr\u00e9taire g\u00e9n\u00e9ral CGT \u00c9nergie 41 rappelle la gr\u00e8ve d\u00e9clench\u00e9e depuis le 2\u00a0septembre dans le secteur \u00ab\u00a0pour le retour \u00e0 la TVA \u00e0 5,5\u00a0% au lieu des 20\u00a0% d\u00e9cid\u00e9s cet \u00e9t\u00e9, et pour revaloriser la grille de salaires qui commence sous le\u00a0Smic\u00a0\u00bb. En Loir-et-Cher selon lui, ce 10\u00a0septembre, Storengy et la centrale de Saint-Laurent sont en \u00ab\u00a0filtrage\u00a0\u00bb, et la gr\u00e8ve est \u00ab\u00a0tr\u00e8s suivie\u00a0\u00bb \u00e0 Enedis et GRDF.<\/p>\n<p>J\u2019essaie de recr\u00e9er une iconographie des luttes. Qu\u2019on n\u2019ait pas que l\u2019image de tout le monde en noir et hyper violent. Alors que pour moi, la violence elle vient de l\u2019\u00c9tat.<\/p>\n<p><strong>Clara, \u00e9tudiante aux Beaux-Arts <\/strong>Poitiers<\/p>\n<p><strong>14\u00a0h\u00a010. <\/strong>Les manifestants commencent \u00e0 se rassembler sur la place de la pr\u00e9fecture \u00e0 <strong>Poitiers<\/strong>. Parmi eux, Clara, \u00e9tudiante aux Beaux-Arts qui a r\u00e9alis\u00e9 une banderole color\u00e9e. \u00ab\u00a0J\u2019essaie de recr\u00e9er une iconographie des luttes. Qu\u2019on n\u2019ait pas que l\u2019image de tout le monde en noir et hyper violent. Alors que pour moi, la violence elle vient de l\u2019\u00c9tat. C\u2019est un ras-le-bol g\u00e9n\u00e9ral. J\u2019ai fait plein de manifs et rien ne se fait. Les gouvernements se cassent la gueule l\u2019un apr\u00e8s l\u2019autre et on ne se sent pas \u00e9cout\u00e9s.\u00a0\u00bb<\/p>\n<\/p>\n<p><strong>14\u00a0h. <\/strong>La partie du mouvement <strong>tourangeau<\/strong> mobilis\u00e9e \u00e0 Mirabeau a rejoint la place Anatole-France vers 12\u00a0h pour un pique-nique. Les policiers ont repris le carrefour Mirabeau avant de s\u2019orienter vers la place Jean-Jaur\u00e8s.<\/p>\n<p><strong>13\u00a0h\u00a055. <\/strong>\u00c0 <strong>Vend\u00f4me<\/strong>, les manifestants ont quitt\u00e9 la N10 peu avant 13\u00a0h\u00a030. Une petite partie s\u2019est donn\u00e9 rendez-vous devant la mairie. Des personnes veulent demander au maire le pr\u00eat du march\u00e9 couvert une fois par semaine pour cr\u00e9er une \u00ab\u00a0agora citoyenne\u00a0\u00bb, destin\u00e9e \u00e0 \u00ab\u00a0refonder la d\u00e9mocratie\u00a0\u00bb.<\/p>\n<p><img alt=\"Une \u00ab\u00a0agora citoyenne\u00a0\u00bb, voil\u00e0 ce que r\u00e9clament les manifestants rassembl\u00e9s \u00e0 Vend\u00f4me.\" loading=\"lazy\" width=\"980\" height=\"573\" decoding=\"async\" data-nimg=\"1\" class=\"img-responsive spinner-show\" style=\"color:transparent;background-size:cover;background-position:50% 50%;background-repeat:no-repeat;background-image:url(&quot;data:image\/svg+xml;charset=utf-8,%3Csvg xmlns='http:\/\/www.w3.org\/2000\/svg' viewBox='0 0 980 573'%3E%3Cfilter id='b' color-interpolation-filters='sRGB'%3E%3CfeGaussianBlur stdDeviation='20'\/%3E%3CfeColorMatrix values='1 0 0 0 0 0 1 0 0 0 0 0 1 0 0 0 0 0 100 -1' result='s'\/%3E%3CfeFlood x='0' y='0' width='100%25' height='100%25'\/%3E%3CfeComposite operator='out' in='s'\/%3E%3CfeComposite in2='SourceGraphic'\/%3E%3CfeGaussianBlur stdDeviation='20'\/%3E%3C\/filter%3E%3Cimage width='100%25' height='100%25' x='0' y='0' preserveAspectRatio='none' style='filter: url(%23b);' href='https:\/\/images.lanouvellerepublique.fr\/image\/upload\/t_88w\/f_auto\/68c1680086fdaf2e2c8b45c3.jpg'\/%3E%3C\/svg%3E&quot;)\"   src=\"https:\/\/www.europesays.com\/fr\/wp-content\/uploads\/2025\/09\/68c1680086fdaf2e2c8b45c3.jpg\"\/><\/p>\n<p style=\"background-color:#F2F2F2;padding:5px;margin-top:0px;margin-bottom:10px\">Une \u00ab\u00a0agora citoyenne\u00a0\u00bb, voil\u00e0 ce que r\u00e9clament les manifestants rassembl\u00e9s \u00e0 Vend\u00f4me.<br \/> \u00a9 Photo NR, Catherine Simon<\/p>\n<p><strong>13\u00a0h\u00a050. <\/strong>\u00c0<strong>\u00a0Parthenay,<\/strong> un rassemblement est pr\u00e9vu \u00e0 17\u00a0h.<\/p>\n<p><strong>13\u00a0h\u00a045. <\/strong>\u00c0<strong> Blois,<\/strong> la principale manifestation est pr\u00e9vue pour 14\u00a0h devant la pr\u00e9fecture. Les manifestants de ce matin, qui \u00e9taient au rond-point de Leclerc, y convergent actuellement.<\/p>\n<p><strong>13\u00a0h\u00a040. <\/strong>Petite pause dans la mobilisation \u00e0 <strong>Tours<\/strong>. Apr\u00e8s une matin\u00e9e \u00e0 jouer au chat et \u00e0 la souris avec la police, les manifestants se sont r\u00e9unis sur les places Anatole-France et Jean-Jaur\u00e8s. Les \u00e9changes sont en cours pour d\u00e9finir les actions qui seront r\u00e9alis\u00e9es cet apr\u00e8s-midi et demain. Les blocages de l\u2019autoroute A10 ou du chantier d\u2019Eiffage, rue Nationale, sont pour l\u2019instant \u00e9voqu\u00e9s. \u00ab\u00a0L\u2019objectif, c\u2019est pas de lessiver tout le monde\u00a0\u00bb, explique un manifestant au micro. Un rassemblement suivi d\u2019une manifestation est pr\u00e9vu ce soir \u00e0 18\u00a0h\u00a030, place Jean-Jaur\u00e8s, en plein centre-ville.<\/p>\n<p><img alt=\"\u00c9changes en cours pour d\u00e9cider de la suite des \u00e9v\u00e9nements, place Anatole-France \u00e0 Tours.\" loading=\"lazy\" width=\"980\" height=\"573\" decoding=\"async\" data-nimg=\"1\" class=\"img-responsive spinner-show\" style=\"color:transparent;background-size:cover;background-position:50% 50%;background-repeat:no-repeat;background-image:url(&quot;data:image\/svg+xml;charset=utf-8,%3Csvg xmlns='http:\/\/www.w3.org\/2000\/svg' viewBox='0 0 980 573'%3E%3Cfilter id='b' color-interpolation-filters='sRGB'%3E%3CfeGaussianBlur stdDeviation='20'\/%3E%3CfeColorMatrix values='1 0 0 0 0 0 1 0 0 0 0 0 1 0 0 0 0 0 100 -1' result='s'\/%3E%3CfeFlood x='0' y='0' width='100%25' height='100%25'\/%3E%3CfeComposite operator='out' in='s'\/%3E%3CfeComposite in2='SourceGraphic'\/%3E%3CfeGaussianBlur stdDeviation='20'\/%3E%3C\/filter%3E%3Cimage width='100%25' height='100%25' x='0' y='0' preserveAspectRatio='none' style='filter: url(%23b);' href='https:\/\/images.lanouvellerepublique.fr\/image\/upload\/t_88w\/f_auto\/68c164af86fdaf402c8b456c.jpg'\/%3E%3C\/svg%3E&quot;)\"   src=\"https:\/\/www.europesays.com\/fr\/wp-content\/uploads\/2025\/09\/68c164af86fdaf402c8b456c.jpg\"\/><\/p>\n<p style=\"background-color:#F2F2F2;padding:5px;margin-top:0px;margin-bottom:10px\">\u00c9changes en cours pour d\u00e9cider de la suite des \u00e9v\u00e9nements, place Anatole-France \u00e0 Tours.<br \/> \u00a9 Photo NR, Pierre Veill\u00e9<\/p>\n<p><strong>13\u00a0h\u00a035. <\/strong>\u00c0 <strong>Thouars,<\/strong> la manifestation s\u2019est termin\u00e9e il y a quelques minutes.<\/p>\n<p><strong>13\u00a0h\u00a030. <\/strong>La circulation est r\u00e9tablie sur la N10 \u00e0 <strong>Poitiers-sud<\/strong> vers Angoul\u00eame, mais pas encore dans l\u2019autre sens.<\/p>\n<p><strong>13\u00a0h\u00a025.<\/strong>\u00a0\u00c0 <strong>Poitiers<\/strong>, un cort\u00e8ge d\u2019une quarantaine de manifestants remonte l\u2019avenue de la Lib\u00e9ration en direction du centre-ville, encadr\u00e9 par plusieurs voitures de police. Ils invitent les riverains \u00e0 rejoindre la manifestation.<\/p>\n<p><strong>13\u00a0h\u00a020.<\/strong> Que se passe-t-il dans <strong>le reste de la France<\/strong>\u00a0? Pr\u00e8s de 250 interpellations et environ 50 op\u00e9rations de d\u00e9blocage ont \u00e9t\u00e9 men\u00e9es depuis ce matin, selon Bruno Retailleau. Ne manquez aucune info en suivant notre direct national par ici\u00a0:<\/p>\n<p><strong>13\u00a0h\u00a010.<\/strong> La mobilisation est en pause un peu partout dans le <strong>Centre-Ouest<\/strong>. \u00c0 quoi faut-il s\u2019attendre cette apr\u00e8s-midi\u00a0? Tour d\u2019horizons des rassemblements pr\u00e9vus.<\/p>\n<ul>\n<li><strong>Indre\u00a0:<\/strong> trois manifestations sont au programme, \u00e0 <strong>Argenton-sur-Creuse<\/strong> (14\u00a0h), \u00e0 <strong>Issoudun<\/strong> (16\u00a0h) et au <strong>Blanc<\/strong> (18\u00a0h).<\/li>\n<li><strong>Indre-et-Loire\u00a0:<\/strong> un pique-nique est en cours place Anatole-France, \u00e0 <strong>Tours<\/strong>, suivi d\u2019une assembl\u00e9e g\u00e9n\u00e9rale \u00e0 l\u2019h\u00f4pital Clocheville \u00e0 14\u00a0h, avant la convergence d\u00e9partementale pour un rassemblement place Jean-Jaur\u00e8s \u00e0 18\u00a0h\u00a030.<\/li>\n<li><strong>Loir-et-Cher\u00a0:<\/strong> une manifestation est pr\u00e9vue \u00e0 <strong>Blois<\/strong> \u00e0 14\u00a0h.<\/li>\n<li><strong>Deux-S\u00e8vres\u00a0:<\/strong> \u00e0 <strong>Niort<\/strong>, les manifestants occupent le rond-point de la zone Mend\u00e8s-France toute l\u2019apr\u00e8s-midi tandis qu\u2019\u00e0 <strong>Parthenay<\/strong>, une mobilisation est programm\u00e9e \u00e0 17\u00a0h.<\/li>\n<li><strong>Vienne\u00a0:<\/strong> une manifestation s\u2019\u00e9lancera \u00e0 14\u00a0h de la pr\u00e9fecture, \u00e0 <strong>Poitiers<\/strong>.<\/li>\n<\/ul>\n<p><strong>13\u00a0h.<\/strong>\u00a0\u00c0 <strong>Niort<\/strong>, les manifestants se r\u00e9unissent en assembl\u00e9e pour discuter de la suite. Ils d\u00e9cident de reproduire l\u2019action demain, mais au Carrefour du Clou-Bouchet. En attendant, ils occupent pour le reste de ce mercredi le rond-point de la zone Mend\u00e8s-France.<\/p>\n<p><strong>12\u00a0h\u00a055.<\/strong>\u00a0Le blocus est lev\u00e9 sur la rocade de <strong>Thouars<\/strong> et le cort\u00e8ge se dirige vers le centre-ville, o\u00f9 la manifestation doit se disperser dans le calme, sous la surveillance d\u2019une quinzaine de policiers nationaux et municipaux.<\/p>\n<p><strong>12\u00a0h\u00a053.<\/strong>\u00a0\u00c0 <strong>Ch\u00e2teauroux<\/strong>, apr\u00e8s une marche dans le centre-ville et une petite pause au rond-point Raymond-Picard, le dernier cort\u00e8ge est arriv\u00e9 devant l\u2019h\u00f4tel de ville. \u00ab\u00a0Non \u00e0 la bi\u00e8re \u00e0 huit euros\u00a0\u00bb, ont lanc\u00e9 certains manifestants aux personnes install\u00e9es en terrasse, dans une ambiance qui est rest\u00e9e calme tout au long de la journ\u00e9e.<\/p>\n<p>Une fois le cort\u00e8ge rassembl\u00e9 place de la R\u00e9publique, un homme a pris la parole\u00a0: \u00ab\u00a0Je fais des manifestations \u00e0 Ch\u00e2teauroux et je n\u2019ai jamais vu autant de monde. Maintenant il faut d\u00e9cider de ce qu\u2019on va faire.\u00a0\u00bb L\u2019assembl\u00e9e a finalement d\u00e9cid\u00e9 de se donner rendez-vous vendredi, \u00e0 18\u00a0h\u00a030, \u00e0 la plage de Belle-Isle.<\/p>\n<p><img alt=\"\u00c0 Ch\u00e2teauroux, le cort\u00e8ge s\u2019est dispers\u00e9 apr\u00e8s s\u2019\u00eatre donn\u00e9 rendez-vous vendredi \u00e0 18\u00a0h\u00a030.\" loading=\"lazy\" width=\"980\" height=\"573\" decoding=\"async\" data-nimg=\"1\" class=\"img-responsive spinner-show\" style=\"color:transparent;background-size:cover;background-position:50% 50%;background-repeat:no-repeat;background-image:url(&quot;data:image\/svg+xml;charset=utf-8,%3Csvg xmlns='http:\/\/www.w3.org\/2000\/svg' viewBox='0 0 980 573'%3E%3Cfilter id='b' color-interpolation-filters='sRGB'%3E%3CfeGaussianBlur stdDeviation='20'\/%3E%3CfeColorMatrix values='1 0 0 0 0 0 1 0 0 0 0 0 1 0 0 0 0 0 100 -1' result='s'\/%3E%3CfeFlood x='0' y='0' width='100%25' height='100%25'\/%3E%3CfeComposite operator='out' in='s'\/%3E%3CfeComposite in2='SourceGraphic'\/%3E%3CfeGaussianBlur stdDeviation='20'\/%3E%3C\/filter%3E%3Cimage width='100%25' height='100%25' x='0' y='0' preserveAspectRatio='none' style='filter: url(%23b);' href='https:\/\/images.lanouvellerepublique.fr\/image\/upload\/t_88w\/f_auto\/68c15a461284f16b788b464e.jpg'\/%3E%3C\/svg%3E&quot;)\"   src=\"https:\/\/www.europesays.com\/fr\/wp-content\/uploads\/2025\/09\/68c15a461284f16b788b464e.jpg\"\/><\/p>\n<p style=\"background-color:#F2F2F2;padding:5px;margin-top:0px;margin-bottom:10px\">\u00c0 Ch\u00e2teauroux, le cort\u00e8ge s\u2019est dispers\u00e9 apr\u00e8s s\u2019\u00eatre donn\u00e9 rendez-vous vendredi \u00e0 18\u00a0h\u00a030.<br \/> \u00a9 Photo NR, Nicolas Grellier<\/p>\n<p><strong>12\u00a0h\u00a050.<\/strong>\u00a0Apr\u00e8s sept heures de pr\u00e9sence (jusqu\u2019\u00e0 200 manifestants au plus fort du blocage), le rond-point de <strong>Poitiers-sud<\/strong> est lib\u00e9r\u00e9 mais pas encore rendu \u00e0 la circulation.<\/p>\n<p><strong>12\u00a0h\u00a045.<\/strong>\u00a0C\u2019est l\u2019heure du d\u00e9jeuner sur le barrage filtrant de <strong>Savigny-en-V\u00e9ron<\/strong>, pr\u00e8s de Chinon en <strong>Indre-et-Loire<\/strong>. Des militants des Soul\u00e8vements de la Terre ont pr\u00e9par\u00e9 de la soupe et vendent des l\u00e9gumes \u00e0 prix r\u00e9duit pour faire durer le mouvement.<\/p>\n<p>Une conductrice de poids lourds est descendue de son camion pour d\u00e9jeuner avec eux. Elle partage leurs revendications. \u00ab\u00a0Je n\u2019ai pas fait gr\u00e8ve car je transporte du frais et sans nous, les paysans sont impact\u00e9s et les gens n\u2019ont plus rien \u00e0 acheter dans les supermarch\u00e9s\u00a0\u00bb, avance la jeune femme. Globalement, l\u2019action est salu\u00e9e par les conducteurs, malgr\u00e9 de longues minutes d\u2019attente sur la route. Ils sont nombreux \u00e0 appuyer sur leur klaxon pour encourager les manifestants.<strong\/><\/p>\n<p><strong>12\u00a0h\u00a030.<\/strong> Dans la <strong>Vienne<\/strong>, la majeure partie des manifestants a quitt\u00e9 le rond-point de <strong>Poitiers-sud<\/strong>\u00a0: ils ne sont plus qu\u2019une vingtaine sur place. Les pompiers ont \u00e9t\u00e9 contraints de d\u00e9placer des obstacles sur la route pour acc\u00e9der au feu de palette qui est d\u00e9j\u00e0 \u00e9teint. Les forces de l\u2019ordre, d\u2019abord rest\u00e9es \u00e0 distance, lib\u00e8rent les acc\u00e8s avec les agents des routes du D\u00e9partement.<\/p>\n<p><img alt=\"Des salari\u00e9s de Biocoop viennent r\u00e9cup\u00e9rer leurs poubelles sur le rond-point de Poitiers-sud, o\u00f9 la vie commerciale tente de reprendre son cours.\" loading=\"lazy\" width=\"980\" height=\"573\" decoding=\"async\" data-nimg=\"1\" class=\"img-responsive spinner-show\" style=\"color:transparent;background-size:cover;background-position:50% 50%;background-repeat:no-repeat;background-image:url(&quot;data:image\/svg+xml;charset=utf-8,%3Csvg xmlns='http:\/\/www.w3.org\/2000\/svg' viewBox='0 0 980 573'%3E%3Cfilter id='b' color-interpolation-filters='sRGB'%3E%3CfeGaussianBlur stdDeviation='20'\/%3E%3CfeColorMatrix values='1 0 0 0 0 0 1 0 0 0 0 0 1 0 0 0 0 0 100 -1' result='s'\/%3E%3CfeFlood x='0' y='0' width='100%25' height='100%25'\/%3E%3CfeComposite operator='out' in='s'\/%3E%3CfeComposite in2='SourceGraphic'\/%3E%3CfeGaussianBlur stdDeviation='20'\/%3E%3C\/filter%3E%3Cimage width='100%25' height='100%25' x='0' y='0' preserveAspectRatio='none' style='filter: url(%23b);' href='https:\/\/images.lanouvellerepublique.fr\/image\/upload\/t_88w\/f_auto\/68c156b02bc43d460e8b45b7.jpg'\/%3E%3C\/svg%3E&quot;)\"   src=\"https:\/\/www.europesays.com\/fr\/wp-content\/uploads\/2025\/09\/68c156b02bc43d460e8b45b7.jpg\"\/><\/p>\n<p style=\"background-color:#F2F2F2;padding:5px;margin-top:0px;margin-bottom:10px\">Des salari\u00e9s de Biocoop viennent r\u00e9cup\u00e9rer leurs poubelles sur le rond-point de Poitiers-sud, o\u00f9 la vie commerciale tente de reprendre son cours.<br \/> \u00a9 Photo NR, Xavier Benoit<\/p>\n<p>C\u2019est \u00e9galement termin\u00e9 depuis un gros quart d\u2019heure \u00e0 <strong>Montmorillon<\/strong>, o\u00f9 certains envisagent de rejoindre la mobilisation pr\u00e9vue \u00e0 14\u00a0h devant la pr\u00e9fecture de Poitiers.<\/p>\n<p><strong>12\u00a0h\u00a025.<\/strong> Du c\u00f4t\u00e9 de <strong>Thouars<\/strong>, les prises de parole syndicales et associatives s\u2019encha\u00eenent. Chacun appelle \u00e0 se retrouver jeudi 11\u00a0septembre \u00e0 18\u00a0h au square Roosevelt pour une assembl\u00e9e g\u00e9n\u00e9rale citoyenne et populaire destin\u00e9e \u00e0 organiser la suite de la mobilisation.<\/p>\n<p><img alt=\"\u00c0 Thouars, les prises de parole syndicales et associatives s\u2019encha\u00eenent.\" loading=\"lazy\" width=\"980\" height=\"573\" decoding=\"async\" data-nimg=\"1\" class=\"img-responsive spinner-show\" style=\"color:transparent;background-size:cover;background-position:50% 50%;background-repeat:no-repeat;background-image:url(&quot;data:image\/svg+xml;charset=utf-8,%3Csvg xmlns='http:\/\/www.w3.org\/2000\/svg' viewBox='0 0 980 573'%3E%3Cfilter id='b' color-interpolation-filters='sRGB'%3E%3CfeGaussianBlur stdDeviation='20'\/%3E%3CfeColorMatrix values='1 0 0 0 0 0 1 0 0 0 0 0 1 0 0 0 0 0 100 -1' result='s'\/%3E%3CfeFlood x='0' y='0' width='100%25' height='100%25'\/%3E%3CfeComposite operator='out' in='s'\/%3E%3CfeComposite in2='SourceGraphic'\/%3E%3CfeGaussianBlur stdDeviation='20'\/%3E%3C\/filter%3E%3Cimage width='100%25' height='100%25' x='0' y='0' preserveAspectRatio='none' style='filter: url(%23b);' href='https:\/\/images.lanouvellerepublique.fr\/image\/upload\/t_88w\/f_auto\/68c153e00afe5624188b45a4.jpg'\/%3E%3C\/svg%3E&quot;)\"   src=\"https:\/\/www.europesays.com\/fr\/wp-content\/uploads\/2025\/09\/68c153e00afe5624188b45a4.jpg\"\/><\/p>\n<p style=\"background-color:#F2F2F2;padding:5px;margin-top:0px;margin-bottom:10px\">\u00c0 Thouars, les prises de parole syndicales et associatives s\u2019encha\u00eenent.<br \/> \u00a9 Photo NR, Fr\u00e9d\u00e9ric Michel<\/p>\n<p><strong>12\u00a0h\u00a023.<\/strong>\u00a0\u00c0 <strong>Romorantin<\/strong>, en <strong>Loir-et-Cher<\/strong>, les manifestants ont pris leurs v\u00e9hicules pour organiser un cort\u00e8ge tr\u00e8s lent entre les ronds-points de la ville. S\u2019ils ne peuvent pas bloquer la circulation, ils la ralentissent fortement.<\/p>\n<p><strong>12\u00a0h\u00a020.<\/strong> Petit \u00e0 petit, la tension retombe sur les diff\u00e9rents points de mobilisation du <strong>Centre-Ouest<\/strong>, o\u00f9 tout le monde se pr\u00e9pare \u00e0 reprendre les manifestations cette apr\u00e8s-midi. On fait le point \u00e0 la mi-journ\u00e9e dans nos cinq d\u00e9partements.<\/p>\n<ul>\n<li><strong>Indre\u00a0:<\/strong> La manifestation, qui regroupe entre 600 et 2.000 personnes, h\u00e9site \u00e0 <strong>Ch\u00e2teauroux<\/strong>. Le cort\u00e8ge est pass\u00e9 devant le supermarch\u00e9 Carrefour, puis l\u2019Urssaf avant de s\u2019aventurer \u00e0 bloquer un rond-point. Avant quelques derni\u00e8res tergiversations sur le rond-point du Bombardon, la manifestation se disloque.<\/li>\n<li><strong>Indre-et-Loire\u00a0:<\/strong> \u00c0 <strong>Tours<\/strong>, environ 900 personnes sont parties de la place Jean-Jaur\u00e8s peu avant 11\u00a0h. Elles bloquent le pont Mirabeau tandis qu\u2019une vingtaine de policiers barrent l\u2019acc\u00e8s au rond-point de l\u2019avenue Malraux.<\/li>\n<li><strong>Loir-et-Cher\u00a0:<\/strong> Des manifestations se sont \u00e9lanc\u00e9es \u00e0 <strong>Blois<\/strong> et \u00e0 <strong>Vend\u00f4me<\/strong>. \u00c0 <strong>Romorantin<\/strong>, une cinquantaine de manifestants discutent des possibilit\u00e9s d\u2019actions sur le rond-point de Blois.<\/li>\n<li><strong>Deux-S\u00e8vres\u00a0:<\/strong> \u00c0 <strong>Niort<\/strong>, le blocage de la zone Mend\u00e8s-France a \u00e9t\u00e9 dispers\u00e9 \u00e0 renfort de grenades lacrymog\u00e8nes par les forces de l\u2019ordre. La circulation est d\u00e9sormais bloqu\u00e9e \u00e0 <strong>Thouars<\/strong>, sur la D938, et ralentie sur le giratoire du McDonald\u2019s \u00e0 <strong>Bressuire<\/strong>.<\/li>\n<li><strong>Vienne\u00a0:<\/strong> \u00c0 <strong>Poitiers<\/strong>, les manifestants sont toujours positionn\u00e9s sur le rond-point de Poitiers-sud, avant de rejoindre le cort\u00e8ge pr\u00e9vu \u00e0 14\u00a0h dans le centre-ville. La manifestation de <strong>Ch\u00e2tellerault<\/strong> s\u2019est quant \u00e0 elle d\u00e9roul\u00e9e dans le calme. \u00c0 <strong>Montmorillon<\/strong> enfin, une soixantaine de personnes ont distribu\u00e9 des tracts \u00e0 la sortie de la ville.<\/li>\n<\/ul>\n<p><strong>12\u00a0h\u00a010.<\/strong> Dans les <strong>Deux-S\u00e8vres<\/strong>, le point \u00e0 <strong>Thouars<\/strong> et \u00e0 <strong>Bressuire<\/strong>\u00a0: les premiers\u00a0bloquent d\u00e9sormais la circulation alors qu\u2019une longue file de camions et de voitures commence \u00e0 se former sur la D938, tandis que les seconds devraient\u00a0ralentir la circulation sur le giratoire du Mc Donald pendant toute la pause m\u00e9ridienne.<\/p>\n<p>Il faut remettre le citoyen au c\u0153ur des d\u00e9cisions, faire une convention citoyenne<\/p>\n<p><strong>Florence, manifestante<\/strong> Vend\u00f4me<\/p>\n<p><strong>12\u00a0h\u00a008.<\/strong>\u00a0Apr\u00e8s une h\u00e9sitation pour terminer la manifestation de <strong>Ch\u00e2teauroux<\/strong> sur la place de la R\u00e9publique, le choix est finalement fait de revenir au point de d\u00e9part sur le rond-point Deschizeaux. La mobilisation est en passe de s\u2019achever\u00a0: \u00ab\u00a0On a d\u00e9croch\u00e9 vers 11\u00a0h\u00a030\u00a0\u00bb, indiquent trois militants c\u00e9g\u00e9tistes crois\u00e9s dans le centre-ville, en retirant leurs gilets.<\/p>\n<p>Une nouvelle scission se forme\u00a0: les uns sont partisans de rester place de la R\u00e9publique, les autres bloquent le rond-point du Bombardon.<\/p>\n<p><strong>12\u00a0h\u00a005.<\/strong>\u00a0\u00c0 <strong>Vend\u00f4me<\/strong>, en <strong>Loir-et-Cher<\/strong>, les manifestants bloquent toujours la N10, au carrefour des rues Duverger et Georges-Guinard. \u00ab\u00a0Plus on manifeste plus \u00e7a se durcit, r\u00e9agit Florence, boulang\u00e8re. Mais la col\u00e8re elle est monstre et durable, il faut que \u00e7a change en profondeur. Il faut remettre le citoyen au c\u0153ur des d\u00e9cisions, faire une convention citoyenne.\u00a0\u00bb<\/p>\n<p><strong>12\u00a0h.<\/strong> \u00c0 <strong>Ch\u00e2tellerault<\/strong>, dans la <strong>Vienne<\/strong>, la manifestation s\u2019ach\u00e8ve comme elle a commenc\u00e9, dans une ambiance bon enfant et sans d\u00e9bordement.<\/p>\n<p>Pendant ce temps-l\u00e0, \u00e0 <strong>Poitiers<\/strong>, l\u2019\u00e9tat-major de la police nationale a rencontr\u00e9 un membre de la CGT pour lui demander d\u2019\u00e9teindre le feu de palettes consid\u00e9r\u00e9 comme une d\u00e9gradation par les forces de l\u2019ordre.<\/p>\n<p><img alt=\"Les manifestants avaient allum\u00e9 un feu de palette \u00e0 Poitiers-sud.\" loading=\"lazy\" width=\"980\" height=\"573\" decoding=\"async\" data-nimg=\"1\" class=\"img-responsive spinner-show\" style=\"color:transparent;background-size:cover;background-position:50% 50%;background-repeat:no-repeat;background-image:url(&quot;data:image\/svg+xml;charset=utf-8,%3Csvg xmlns='http:\/\/www.w3.org\/2000\/svg' viewBox='0 0 980 573'%3E%3Cfilter id='b' color-interpolation-filters='sRGB'%3E%3CfeGaussianBlur stdDeviation='20'\/%3E%3CfeColorMatrix values='1 0 0 0 0 0 1 0 0 0 0 0 1 0 0 0 0 0 100 -1' result='s'\/%3E%3CfeFlood x='0' y='0' width='100%25' height='100%25'\/%3E%3CfeComposite operator='out' in='s'\/%3E%3CfeComposite in2='SourceGraphic'\/%3E%3CfeGaussianBlur stdDeviation='20'\/%3E%3C\/filter%3E%3Cimage width='100%25' height='100%25' x='0' y='0' preserveAspectRatio='none' style='filter: url(%23b);' href='https:\/\/images.lanouvellerepublique.fr\/image\/upload\/t_88w\/f_auto\/68c14dea03d9b34c718b4578.jpg'\/%3E%3C\/svg%3E&quot;)\"   src=\"https:\/\/www.europesays.com\/fr\/wp-content\/uploads\/2025\/09\/68c14dea03d9b34c718b4578.jpg\"\/><\/p>\n<p style=\"background-color:#F2F2F2;padding:5px;margin-top:0px;margin-bottom:10px\">Les manifestants avaient allum\u00e9 un feu de palette \u00e0 Poitiers-sud.<br \/> \u00a9 Photo NR, Xavier Benoit<\/p>\n<p><strong>11\u00a0h\u00a054.<\/strong> Du c\u00f4t\u00e9 de <strong>Thouars<\/strong>, dans les <strong>Deux-S\u00e8vres<\/strong>, 500 personnes d\u00e9filent en ville et s\u2019appr\u00eatent \u00e0 occuper le rond-point de l\u2019Europe, sur la D938.<\/p>\n<p><strong>11\u00a0h\u00a050.<\/strong> \u00c0 <strong>Romorantin<\/strong>, en <strong>Loir-et-Cher<\/strong>, la cinquantaine de manifestants sur le rond-point de Blois discutent des possibilit\u00e9s d\u2019actions, sachant que la gendarmerie les emp\u00eache de bloquer la route. Les manifestants essayent de s\u2019imposer sur la voie du rond-point mais sont calmement et fermement pouss\u00e9s sur le trottoir.<\/p>\n<p>Nous combattons pour l\u2019\u00e9cologie, pour prot\u00e9ger nos services publics et nous alertons sur la pr\u00e9carit\u00e9<\/p>\n<p><strong>Lucie, manifestante<\/strong> Blois<\/p>\n<p><strong>11\u00a0h\u00a047.<\/strong>\u00a0\u00c0 <strong>Ch\u00e2teauroux<\/strong>, ils sont 150 environ dans la partie de cort\u00e8ge qui a fait le choix de bloquer le rond-point du 19-Mars-1962. Beaucoup ont suivi les drapeaux syndicaux qui ont suivi ce chemin \u00ab\u00a0par habitude\u00a0\u00bb. D\u2019autres manifestants d\u00e9stabilis\u00e9s par la scission du cort\u00e8ge ont l\u00e2ch\u00e9 l\u2019affaire.<\/p>\n<p>Au plus fort de la manifestation, il y avait un cort\u00e8ge unique de 600 (selon la police) \u00e0 2.000 personnes (selon la CGT). Le si\u00e8ge\u00a0pr\u00e8s du rond-point est lev\u00e9 et les manifestants repartent vers la gare puis le centre-ville. Plusieurs groupes se rejoignent devant le lyc\u00e9e Pierre-et-Marie-Curie. Dans les rangs du cort\u00e8ge on justifie la scission op\u00e9r\u00e9e plus t\u00f4t par une action visant \u00e0 brouiller les pistes et cr\u00e9er un effet de masse.<\/p>\n<p><img alt=\"\u00c0 Niort, le personnel du Leclerc r\u00e9cup\u00e8re les caddies sous protection des forces de l\u2019ordre.\" loading=\"lazy\" width=\"980\" height=\"573\" decoding=\"async\" data-nimg=\"1\" class=\"img-responsive spinner-show\" style=\"color:transparent;background-size:cover;background-position:50% 50%;background-repeat:no-repeat;background-image:url(&quot;data:image\/svg+xml;charset=utf-8,%3Csvg xmlns='http:\/\/www.w3.org\/2000\/svg' viewBox='0 0 980 573'%3E%3Cfilter id='b' color-interpolation-filters='sRGB'%3E%3CfeGaussianBlur stdDeviation='20'\/%3E%3CfeColorMatrix values='1 0 0 0 0 0 1 0 0 0 0 0 1 0 0 0 0 0 100 -1' result='s'\/%3E%3CfeFlood x='0' y='0' width='100%25' height='100%25'\/%3E%3CfeComposite operator='out' in='s'\/%3E%3CfeComposite in2='SourceGraphic'\/%3E%3CfeGaussianBlur stdDeviation='20'\/%3E%3C\/filter%3E%3Cimage width='100%25' height='100%25' x='0' y='0' preserveAspectRatio='none' style='filter: url(%23b);' href='https:\/\/images.lanouvellerepublique.fr\/image\/upload\/t_88w\/f_auto\/68c14ad32bc43d83618b45ef.jpg'\/%3E%3C\/svg%3E&quot;)\"   src=\"https:\/\/www.europesays.com\/fr\/wp-content\/uploads\/2025\/09\/68c14ad32bc43d83618b45ef.jpg\"\/><\/p>\n<p style=\"background-color:#F2F2F2;padding:5px;margin-top:0px;margin-bottom:10px\">\u00c0 Niort, le personnel du Leclerc r\u00e9cup\u00e8re les caddies sous protection des forces de l\u2019ordre.<br \/> \u00a9 Photo NR, Jean-Andr\u00e9 Boutier<\/p>\n<p><strong>11\u00a0h\u00a045.<\/strong> Retour \u00e0 <strong>Poitiers<\/strong>, o\u00f9 un feu de palettes a \u00e9t\u00e9 allum\u00e9 sur le rond-point de Poitiers-sud pendant que des manifestants dansent sur la chauss\u00e9e. Un d\u00e9part en cort\u00e8ge est annonc\u00e9 entre 12\u00a0h et 12\u00a0h\u00a030 pour rejoindre la manifestation pr\u00e9vue en centre-ville \u00e0 14\u00a0h.<\/p>\n<p><strong>11\u00a0h\u00a043.<\/strong> \u00c0 <strong>Ch\u00e2teauroux<\/strong>, le cort\u00e8ge ne s\u2019est pas arr\u00eat\u00e9 longtemps pr\u00e8s de l\u2019Urssaf o\u00f9 seuls quelques gilets jaunes restent devant le b\u00e2timent.\u00a0Dans le cort\u00e8ge, Jocelyne et Marie-Fran\u00e7oise, deux anciennes infirmi\u00e8res\u00a0: \u00ab\u00a0La citoyennet\u00e9 est en train de se casser la figure. Tout le monde est concern\u00e9. On n\u2019est pas toutes jeunes et on a connu autre chose\u00a0: la justice sociale.\u00a0\u00bb<\/p>\n<p>Avant d\u2019\u00e9clater en plusieurs parties, le cort\u00e8ge s\u2019\u00e9tait rendu devant le Carrefour o\u00f9 les manifestants \u00e9taient rest\u00e9s calmes devant la grille ferm\u00e9e du magasin, entonnant quelques timides \u00ab\u00a0Macron d\u00e9mission\u00a0!\u00a0\u00bb<\/p>\n<p><img alt=\"\u00c0 Ch\u00e2teauroux, le cort\u00e8ge s\u2019est un temps arr\u00eat\u00e9 devant le Carrefour.\" loading=\"lazy\" width=\"980\" height=\"573\" decoding=\"async\" data-nimg=\"1\" class=\"img-responsive spinner-show\" style=\"color:transparent;background-size:cover;background-position:50% 50%;background-repeat:no-repeat;background-image:url(&quot;data:image\/svg+xml;charset=utf-8,%3Csvg xmlns='http:\/\/www.w3.org\/2000\/svg' viewBox='0 0 980 573'%3E%3Cfilter id='b' color-interpolation-filters='sRGB'%3E%3CfeGaussianBlur stdDeviation='20'\/%3E%3CfeColorMatrix values='1 0 0 0 0 0 1 0 0 0 0 0 1 0 0 0 0 0 100 -1' result='s'\/%3E%3CfeFlood x='0' y='0' width='100%25' height='100%25'\/%3E%3CfeComposite operator='out' in='s'\/%3E%3CfeComposite in2='SourceGraphic'\/%3E%3CfeGaussianBlur stdDeviation='20'\/%3E%3C\/filter%3E%3Cimage width='100%25' height='100%25' x='0' y='0' preserveAspectRatio='none' style='filter: url(%23b);' href='https:\/\/images.lanouvellerepublique.fr\/image\/upload\/t_88w\/f_auto\/68c149042bc43d88618b45e1.jpg'\/%3E%3C\/svg%3E&quot;)\"   src=\"https:\/\/www.europesays.com\/fr\/wp-content\/uploads\/2025\/09\/68c149042bc43d88618b45e1.jpg\"\/><\/p>\n<p style=\"background-color:#F2F2F2;padding:5px;margin-top:0px;margin-bottom:10px\">\u00c0 Ch\u00e2teauroux, le cort\u00e8ge s\u2019est un temps arr\u00eat\u00e9 devant le Carrefour.<br \/> \u00a9 Photo NR, Nicolas Grellier<\/p>\n<p><strong>11\u00a0h\u00a040.<\/strong>\u00a0Toutes les g\u00e9n\u00e9rations sont repr\u00e9sent\u00e9es dans le groupe de manifestants \u00e0 <strong>Blois<\/strong>. Annie, 66\u00a0ans, retrait\u00e9 de La Poste est syndiqu\u00e9e depuis plus de quarante ans. \u00ab\u00a0C\u2019est tr\u00e8s bien de d\u00e9battre et de voter ensemble sur ce que nous souhaitons faire.\u00a0\u00bb Ludovic, 46\u00a0ans, est lui un habitu\u00e9 de ce type de manifestations. Ancien gilet jaune, enfin toujours \u00ab\u00a0dans le c\u0153ur\u00a0\u00bb, il est r\u00e9volt\u00e9 contre la situation \u00e9conomique. \u00ab\u00a0Quand on regarde le compte en banque, il n\u2019y a d\u00e9j\u00e0 plus rien le 10 du mois, t\u00e9moigne-t-il. Je travaille environ 40 heures par semaine depuis plus de trente ans pour gagner quoi\u00a0? Des clopinettes.\u00a0\u00bb<\/p>\n<p>Lucie, qui a rapidement tent\u00e9 d\u2019organiser les manifestants et de regrouper les id\u00e9es, d\u00e9taille les diff\u00e9rentes revendications du mouvement\u00a0: \u00ab\u00a0On lutte pour tout ce qui ne va pas. Nous combattons pour l\u2019\u00e9cologie, pour prot\u00e9ger nos services publics et nous alertons sur la pr\u00e9carit\u00e9.\u00a0\u00bb Certaines revendications sont \u00e9galement internationales\u00a0: \u00ab\u00a0Arr\u00eater ce g\u00e9nocide \u00e0 Gaza et enfin prendre des mesures \u00e9conomiques contre Isra\u00ebl\u00a0\u00bb, ajoute la trentenaire.<\/p>\n<p><strong>11\u00a0h\u00a037.<\/strong> \u00c0 <strong>Bressuire<\/strong>, les manifestants ont \u00e9t\u00e9 rejoints par des membres de la Conf\u00e9d\u00e9ration paysanne \u00e9quip\u00e9s de leurs tracteurs. Ils se dirigent vers\u00a0le McDonald\u2019s voisin du giratoire de Bocapole o\u00f9 ils sont install\u00e9s depuis ce matin.<\/p>\n<p><strong>11\u00a0h\u00a035.<\/strong>\u00a0La pr\u00e9fecture d\u2019<strong>Indre-et-Loire<\/strong> a fait un premier point de situation \u00e0 11\u00a0h\u00a0: jusqu\u2019\u00e0 900 personnes ont \u00e9t\u00e9 comptabilis\u00e9es place Jean-Jaur\u00e8s peu avant 11\u00a0h. Depuis, \u00ab\u00a0la situation est rapidement \u00e9volutive\u00a0\u00bb avec des plusieurs groupes se d\u00e9pla\u00e7ant en ville. \u00c0 11\u00a0h\u00a0: pas de bless\u00e9, pas d\u2019interpellation et \u00ab\u00a0pas de d\u00e9bordement significatif\u00a0\u00bb ni de sabotages d\u2019infrastructures essentielles.<\/p>\n<p><img alt=\"Le carrefour du Pont-Mirabeau \u00e0 Tours bloqu\u00e9 par une partie des manifestants, notamment \u00e0 l\u2019aide de poubelles couch\u00e9es.\" loading=\"lazy\" width=\"980\" height=\"573\" decoding=\"async\" data-nimg=\"1\" class=\"img-responsive spinner-show\" style=\"color:transparent;background-size:cover;background-position:50% 50%;background-repeat:no-repeat;background-image:url(&quot;data:image\/svg+xml;charset=utf-8,%3Csvg xmlns='http:\/\/www.w3.org\/2000\/svg' viewBox='0 0 980 573'%3E%3Cfilter id='b' color-interpolation-filters='sRGB'%3E%3CfeGaussianBlur stdDeviation='20'\/%3E%3CfeColorMatrix values='1 0 0 0 0 0 1 0 0 0 0 0 1 0 0 0 0 0 100 -1' result='s'\/%3E%3CfeFlood x='0' y='0' width='100%25' height='100%25'\/%3E%3CfeComposite operator='out' in='s'\/%3E%3CfeComposite in2='SourceGraphic'\/%3E%3CfeGaussianBlur stdDeviation='20'\/%3E%3C\/filter%3E%3Cimage width='100%25' height='100%25' x='0' y='0' preserveAspectRatio='none' style='filter: url(%23b);' href='https:\/\/images.lanouvellerepublique.fr\/image\/upload\/t_88w\/f_auto\/68c147ea86fdaf2b388b45cd.jpg'\/%3E%3C\/svg%3E&quot;)\"   src=\"https:\/\/www.europesays.com\/fr\/wp-content\/uploads\/2025\/09\/68c147ea86fdaf2b388b45cd.jpg\"\/><\/p>\n<p style=\"background-color:#F2F2F2;padding:5px;margin-top:0px;margin-bottom:10px\">Le carrefour du Pont-Mirabeau \u00e0 Tours bloqu\u00e9 par une partie des manifestants, notamment \u00e0 l\u2019aide de poubelles couch\u00e9es.<br \/> \u00a9 Photo NR, Julien Pruvost<\/p>\n<p><strong>11\u00a0h\u00a032.<\/strong> \u00c0 <strong>Montmorillon<\/strong>, dans la <strong>Vienne<\/strong>, la circulation reste fluide et un compromis a \u00e9t\u00e9 trouv\u00e9\u00a0: les manifestants se r\u00e9partissent au niveau des diff\u00e9rents passages pi\u00e9tons \u00e0 la sortie de la ville direction Lussac-les-Ch\u00e2teaux pour traverser et distribuer des tracts, dans une ambiance tr\u00e8s calme. C\u2019est, selon la gendarmerie, la seule mobilisation dans le Sud-Vienne. Quinze gendarmes encadrent la manifestation.<\/p>\n<p><strong>11\u00a0h\u00a030.<\/strong> \u00c0 <strong>Ch\u00e2teauroux<\/strong>, le cort\u00e8ge s\u2019est divis\u00e9 en trois groupes. L\u2019un revient vers le centre, d\u2019autres prennent la route de l\u2019Urssaf route de La Ch\u00e2tre.<\/p>\n<p><strong>11\u00a0h\u00a027.<\/strong>\u00a0La pr\u00e9fecture de <strong>Loir-et-Cher<\/strong> communique qu\u2019une d\u00e9viation \u00ab\u00a0a \u00e9t\u00e9 mise en place en Vend\u00f4mois pour contourner le blocage sur la N10 au niveau du carrefour des avenues Guimond et Faton, pour tous les v\u00e9hicules\u00a0\u00bb. Qui doivent emprunter la D959 en direction de la gare TGV puis, \u00e0 Epuisay, reprendre de la D357 en direction de Fr\u00e9teval.<\/p>\n<p><strong>11\u00a0h\u00a025.<\/strong> \u00c0 <strong>Loches<\/strong>, en <strong>Indre-et-Loire<\/strong>, une quinzaine de lyc\u00e9ens mobilis\u00e9s depuis la tentative avort\u00e9e de blocage du lyc\u00e9e Th\u00e9r\u00e8se-Planiol se sont rassembl\u00e9s devant l\u2019une des entr\u00e9es de la grande surface du Super U. Un \u00e9change tendu avec le personnel sur place a suivi, sous l\u2019\u0153il des gendarmes stationn\u00e9s sur le parking. Le petit groupe s\u2019est dispers\u00e9 dans la foul\u00e9e.<\/p>\n<p><strong>11\u00a0h\u00a020.<\/strong>\u00a0Des gaz lacrymog\u00e8nes ont \u00e9t\u00e9 envoy\u00e9s \u00e0 <strong>Niort<\/strong> pour d\u00e9gager la barricade install\u00e9e sur le pont au-dessus de la rocade. Une bonne partie des manifestants a recul\u00e9 dans la confusion et la surprise.<\/p>\n<\/p>\n<p>De l\u2019autre c\u00f4t\u00e9 de la ville, au rond-point de la Mude, une cinquantaine de militants Force ouvri\u00e8re distribuent des tracts aux automobilistes depuis 10\u00a0h\u00a030. L\u2019action se d\u00e9roule dans le calme, surveill\u00e9e par deux \u00e9quipes de gendarmerie.<\/p>\n<p><strong>11\u00a0h\u00a015.<\/strong>\u00a0Du c\u00f4t\u00e9 de <strong>Tours<\/strong>, \u00ab\u00a0le peuple bloque le pont Mirabeau\u00a0\u00bb depuis une poign\u00e9e de minutes. Des \u00ab\u00a0barricades\u00a0\u00bb se pr\u00e9parent tandis que le passage est filtr\u00e9 pour les services sanitaires et de secours.<\/p>\n<p><img alt=\"\u00c0 Tours, les manifestants bloquent le pont Mirabeau.\" loading=\"lazy\" width=\"980\" height=\"573\" decoding=\"async\" data-nimg=\"1\" class=\"img-responsive spinner-show\" style=\"color:transparent;background-size:cover;background-position:50% 50%;background-repeat:no-repeat;background-image:url(&quot;data:image\/svg+xml;charset=utf-8,%3Csvg xmlns='http:\/\/www.w3.org\/2000\/svg' viewBox='0 0 980 573'%3E%3Cfilter id='b' color-interpolation-filters='sRGB'%3E%3CfeGaussianBlur stdDeviation='20'\/%3E%3CfeColorMatrix values='1 0 0 0 0 0 1 0 0 0 0 0 1 0 0 0 0 0 100 -1' result='s'\/%3E%3CfeFlood x='0' y='0' width='100%25' height='100%25'\/%3E%3CfeComposite operator='out' in='s'\/%3E%3CfeComposite in2='SourceGraphic'\/%3E%3CfeGaussianBlur stdDeviation='20'\/%3E%3C\/filter%3E%3Cimage width='100%25' height='100%25' x='0' y='0' preserveAspectRatio='none' style='filter: url(%23b);' href='https:\/\/images.lanouvellerepublique.fr\/image\/upload\/t_88w\/f_auto\/68c142d02bc43d1b468b4665.jpg'\/%3E%3C\/svg%3E&quot;)\"   src=\"https:\/\/www.europesays.com\/fr\/wp-content\/uploads\/2025\/09\/68c142d02bc43d1b468b4665.jpg\"\/><\/p>\n<p style=\"background-color:#F2F2F2;padding:5px;margin-top:0px;margin-bottom:10px\">\u00c0 Tours, les manifestants bloquent le pont Mirabeau.<br \/> \u00a9 Photo NR, Julien Coquet<\/p>\n<p><strong>11\u00a0h\u00a010.<\/strong>\u00a0\u00c0 <strong>Ch\u00e2tellerault<\/strong>, dans la <strong>Vienne<\/strong>, le lyc\u00e9e Berthelot est d\u00e9bloqu\u00e9, les \u00e9l\u00e8ves peuvent acc\u00e9der \u00e0 l\u2019\u00e9tablissement. La manifestation se poursuit dans le centre-ville, dans le calme. Notre comptage\u00a0: 870 participants.<\/p>\n<p><strong>11\u00a0h\u00a007.<\/strong> La situation se tend \u00e0 <strong>Niort<\/strong>, o\u00f9 les forces de l\u2019ordre font face \u00e0 la barricade. La rocade est ferm\u00e9e \u00e0 la circulation en raison des affrontements possibles sur le pont, o\u00f9 les policiers ont commenc\u00e9 \u00e0 d\u00e9gager la barricade, derri\u00e8re laquelle se trouvent des manifestants.<\/p>\n<p><img alt=\"Les forces de l\u2019ordre font face aux manifestants \u00e0 Niort.\" loading=\"lazy\" width=\"980\" height=\"573\" decoding=\"async\" data-nimg=\"1\" class=\"img-responsive spinner-show\" style=\"color:transparent;background-size:cover;background-position:50% 50%;background-repeat:no-repeat;background-image:url(&quot;data:image\/svg+xml;charset=utf-8,%3Csvg xmlns='http:\/\/www.w3.org\/2000\/svg' viewBox='0 0 980 573'%3E%3Cfilter id='b' color-interpolation-filters='sRGB'%3E%3CfeGaussianBlur stdDeviation='20'\/%3E%3CfeColorMatrix values='1 0 0 0 0 0 1 0 0 0 0 0 1 0 0 0 0 0 100 -1' result='s'\/%3E%3CfeFlood x='0' y='0' width='100%25' height='100%25'\/%3E%3CfeComposite operator='out' in='s'\/%3E%3CfeComposite in2='SourceGraphic'\/%3E%3CfeGaussianBlur stdDeviation='20'\/%3E%3C\/filter%3E%3Cimage width='100%25' height='100%25' x='0' y='0' preserveAspectRatio='none' style='filter: url(%23b);' href='https:\/\/images.lanouvellerepublique.fr\/image\/upload\/t_88w\/f_auto\/68c140f103d9b3a7398b4643.jpg'\/%3E%3C\/svg%3E&quot;)\"   src=\"https:\/\/www.europesays.com\/fr\/wp-content\/uploads\/2025\/09\/68c140f103d9b3a7398b4643.jpg\"\/><\/p>\n<p style=\"background-color:#F2F2F2;padding:5px;margin-top:0px;margin-bottom:10px\">Les forces de l\u2019ordre font face aux manifestants \u00e0 Niort.<br \/> \u00a9 Photo NR, Jean-Andr\u00e9 Boutier<\/p>\n<p><strong>11\u00a0h\u00a005.<\/strong>\u00a0Plus de cinq heures apr\u00e8s le d\u00e9but du blocage du rond-point \u00e0 <strong>Poitiers-sud<\/strong>, la situation est calme. Des jeunes aux visages masqu\u00e9s dansent devant les gendarmes pendant que les autres manifestants mangent un couscous cuisin\u00e9 sur place.<\/p>\n<p><strong>11\u00a0h.<\/strong>\u00a0\u00c0 <strong>Romorantin<\/strong>, en <strong>Loir-et-Cher<\/strong>, les manifestants votent pour l\u2019action \u00e0 suivre\u00a0: bloquer les imp\u00f4ts et faire un tour en centre-ville, bloquer l\u2019autoroute ou bloquer le rond-point de la route de Blois. C\u2019est cette derni\u00e8re proposition qui retient les suffrages de la foule.<\/p>\n<p><strong>10\u00a0h\u00a050.<\/strong> \u00c0 <strong>Niort<\/strong>, la troisi\u00e8me sommation vient d\u2019avoir lieu pour demander aux manifestants de lever le blocage, alors que le directeur de cabinet du pr\u00e9fet des Deux-S\u00e8vres, \u00e9tait arriv\u00e9 sur les lieux il y\u00a0a une vingtaine de minutes.<\/p>\n<\/p>\n<p><strong>10\u00a0h\u00a045.<\/strong>\u00a0\u00c0 <strong>Ch\u00e2teauroux<\/strong>, les manifestants se sont donn\u00e9 rendez-vous au rond-point Louis-Deschizeaux vers 10\u00a0h, o\u00f9 selon les premi\u00e8res estimations environ 400 personnes \u00e9taient pr\u00e9sentes. Au milieu d\u2019une foule tr\u00e8s calme, certains auraient imagin\u00e9 une mobilisation plus importante, comme Ir\u00e8ne et Suzanne, venues manifester contre la pr\u00e9carit\u00e9 alimentaire\u00a0: \u00ab\u00a0C\u2019est un acte citoyen qui est simple et on ne peut pas fermer les yeux sur ce qui se passe en ce moment dans le pays.\u00a0\u00bb Le cort\u00e8ge a ensuite pris la direction de Carrefour.<\/p>\n<p><img alt=\"\u00c0 Ch\u00e2teauroux, les manifestants ont bloqu\u00e9 le rond-point Louis-Deschizeaux.\" loading=\"lazy\" width=\"980\" height=\"573\" decoding=\"async\" data-nimg=\"1\" class=\"img-responsive spinner-show\" style=\"color:transparent;background-size:cover;background-position:50% 50%;background-repeat:no-repeat;background-image:url(&quot;data:image\/svg+xml;charset=utf-8,%3Csvg xmlns='http:\/\/www.w3.org\/2000\/svg' viewBox='0 0 980 573'%3E%3Cfilter id='b' color-interpolation-filters='sRGB'%3E%3CfeGaussianBlur stdDeviation='20'\/%3E%3CfeColorMatrix values='1 0 0 0 0 0 1 0 0 0 0 0 1 0 0 0 0 0 100 -1' result='s'\/%3E%3CfeFlood x='0' y='0' width='100%25' height='100%25'\/%3E%3CfeComposite operator='out' in='s'\/%3E%3CfeComposite in2='SourceGraphic'\/%3E%3CfeGaussianBlur stdDeviation='20'\/%3E%3C\/filter%3E%3Cimage width='100%25' height='100%25' x='0' y='0' preserveAspectRatio='none' style='filter: url(%23b);' href='https:\/\/images.lanouvellerepublique.fr\/image\/upload\/t_88w\/f_auto\/68c13c6186fdafe4238b4573.jpg'\/%3E%3C\/svg%3E&quot;)\"   src=\"https:\/\/www.europesays.com\/fr\/wp-content\/uploads\/2025\/09\/68c13c6186fdafe4238b4573.jpg\"\/><\/p>\n<p style=\"background-color:#F2F2F2;padding:5px;margin-top:0px;margin-bottom:10px\">\u00c0 Ch\u00e2teauroux, les manifestants ont bloqu\u00e9 le rond-point Louis-Deschizeaux.<br \/> \u00a9 Photo NR, Nicolas Grellier<\/p>\n<p><strong>10\u00a0h\u00a043.<\/strong>\u00a0\u00c0 <strong>Tours<\/strong>, les blocages s\u2019organisent\u00a0: la foule va se diviser en plusieurs groupes pour rejoindre le rond-point des Tanneurs, pr\u00e8s de la facult\u00e9, le pont Mirabeau et l\u2019acc\u00e8s \u00e0 l\u2019autoroute A10.<\/p>\n<p>Toujours en Indre-et-Loire, \u00e0 <strong>Chinon<\/strong>\u00a0: des salari\u00e9s de la base logistique U, d\u2019EDF, des militants de gauche non encart\u00e9s, des retrait\u00e9s, ou encore des jeunes composent les rangs des manifestants. Ils expriment tous un \u00ab\u00a0ras-le-bol\u00a0\u00bb vis-\u00e0-vis des mesures d\u2019aust\u00e9rit\u00e9, mais le mode de protestation divise. Certains se sont mis sur le c\u00f4t\u00e9 pour ne pas participer au blocage filtrant. \u00ab\u00a0Je ne suis pas pour le blocage. On devrait laisser travailler les gens qui ont d\u00e9cid\u00e9 de travailler\u00a0\u00bb, confie un employ\u00e9 logisticien.<\/p>\n<p><strong>10\u00a0h\u00a040.<\/strong> Dans le <strong>Loir-et-Cher<\/strong>, c\u2019est au tour de <strong>Vend\u00f4me<\/strong> de rejoindre le mouvement. Vers 10\u00a0h\u00a030, pr\u00e8s de 300 personnes\u00a0rassembl\u00e9es place de la Libert\u00e9 \u00ab\u00a0se mettent en route pour aller bloquer\u00a0\u00bb vers la N10.<\/p>\n<p><img alt=\"\u00c0 Vend\u00f4me, 300 personnes se sont rassembl\u00e9es pour aller bloquer.\" loading=\"lazy\" width=\"980\" height=\"573\" decoding=\"async\" data-nimg=\"1\" class=\"img-responsive spinner-show\" style=\"color:transparent;background-size:cover;background-position:50% 50%;background-repeat:no-repeat;background-image:url(&quot;data:image\/svg+xml;charset=utf-8,%3Csvg xmlns='http:\/\/www.w3.org\/2000\/svg' viewBox='0 0 980 573'%3E%3Cfilter id='b' color-interpolation-filters='sRGB'%3E%3CfeGaussianBlur stdDeviation='20'\/%3E%3CfeColorMatrix values='1 0 0 0 0 0 1 0 0 0 0 0 1 0 0 0 0 0 100 -1' result='s'\/%3E%3CfeFlood x='0' y='0' width='100%25' height='100%25'\/%3E%3CfeComposite operator='out' in='s'\/%3E%3CfeComposite in2='SourceGraphic'\/%3E%3CfeGaussianBlur stdDeviation='20'\/%3E%3C\/filter%3E%3Cimage width='100%25' height='100%25' x='0' y='0' preserveAspectRatio='none' style='filter: url(%23b);' href='https:\/\/images.lanouvellerepublique.fr\/image\/upload\/t_88w\/f_auto\/68c13c612bc43db83b8b45ef.jpg'\/%3E%3C\/svg%3E&quot;)\"   src=\"https:\/\/www.europesays.com\/fr\/wp-content\/uploads\/2025\/09\/68c13c612bc43db83b8b45ef.jpg\"\/><\/p>\n<p style=\"background-color:#F2F2F2;padding:5px;margin-top:0px;margin-bottom:10px\">\u00c0 Vend\u00f4me, 300 personnes se sont rassembl\u00e9es pour aller bloquer.<br \/> \u00a9 Photo NR, Catherine Simon<\/p>\n<p>Du c\u00f4t\u00e9 de <strong>Blois<\/strong>, la Ville fait le compte des personnels en gr\u00e8ve\u00a0: l\u2019accueil de l\u2019h\u00f4tel de ville et la direction de la vie civile \u00e0 la mairie centrale de Blois sont ferm\u00e9s. Les mairies annexes sont ferm\u00e9es, ainsi que les centres de loisirs (Jardin des Lutins, Cabochon, Cartier, et Quini\u00e8re).<\/p>\n<p><strong>10\u00a0h\u00a037.<\/strong> \u00c0 <strong>Chinon<\/strong>, en <strong>Indre-et-Loire<\/strong>, une soixantaine de manifestants sont r\u00e9unis devant la base logistique de System U, \u00e0 Savigny-en-V\u00e9ron. Ils ont d\u00e9cid\u00e9 de mettre en place un barrage filtrant au niveau du rond-point.<\/p>\n<p><strong>10\u00a0h\u00a035.<\/strong> Du c\u00f4t\u00e9 de <strong>Ch\u00e2tellerault<\/strong>, dans la <strong>Vienne<\/strong>, la manifestation d\u00e9marre. Plusieurs centaines de personnes rassembl\u00e9es sur l\u2019esplanade de l\u2019h\u00f4tel de ville.<\/p>\n<p><strong>10\u00a0h\u00a032.<\/strong>\u00a0\u00c0 <strong>Romorantin<\/strong>, en <strong>Loir-et-Cher<\/strong>, 150 \u00e0 200 personnes sont r\u00e9unies place de la Paix pour une manifestation. \u00ab\u00a0Une mobilisation assez exceptionnelle pour notre ville\u00a0\u00bb, explique R\u00e9gis Barboux, secr\u00e9taire de l\u2019union locale CGT. Dans la foule, beaucoup de retrait\u00e9s mais \u00e9galement des jeunes.<\/p>\n<p>Parmi les syndicats repr\u00e9sent\u00e9s, on trouve la CGT mais \u00e9galement la FSU, le Parti communiste et LFI comme des Gilets jaunes. Enfin, au niveau mobilisation dans les entreprises, les syndicalistes annoncent des gr\u00e9vistes \u00e0 La Poste, \u00e0 l\u2019h\u00f4pital, mais \u00ab\u00a0ils sont mobilis\u00e9s\u00a0\u00bb, \u00e0 Compositec (ex Faurecia) \u00e0 Theillay, et chez un sous-traitant de Louis Vuitton, CDM.<\/p>\n<p>Une assembl\u00e9e g\u00e9n\u00e9rale aura lieu \u00e0 l\u2019issue de la manifestation pour envisager d\u2019autres actions. Un dispositif important mais discret de gendarmerie entoure la place o\u00f9 se tient le rassemblement.<\/p>\n<p><img alt=\"\u00c0 Romorantin, pr\u00e8s de 200 personnes sont r\u00e9unies, \u00ab\u00a0une mobilisation assez exceptionnelle pour notre ville\u00a0\u00bb selon le secr\u00e9taire de l\u2019Union locale de la CGT.\" loading=\"lazy\" width=\"980\" height=\"573\" decoding=\"async\" data-nimg=\"1\" class=\"img-responsive spinner-show\" style=\"color:transparent;background-size:cover;background-position:50% 50%;background-repeat:no-repeat;background-image:url(&quot;data:image\/svg+xml;charset=utf-8,%3Csvg xmlns='http:\/\/www.w3.org\/2000\/svg' viewBox='0 0 980 573'%3E%3Cfilter id='b' color-interpolation-filters='sRGB'%3E%3CfeGaussianBlur stdDeviation='20'\/%3E%3CfeColorMatrix values='1 0 0 0 0 0 1 0 0 0 0 0 1 0 0 0 0 0 100 -1' result='s'\/%3E%3CfeFlood x='0' y='0' width='100%25' height='100%25'\/%3E%3CfeComposite operator='out' in='s'\/%3E%3CfeComposite in2='SourceGraphic'\/%3E%3CfeGaussianBlur stdDeviation='20'\/%3E%3C\/filter%3E%3Cimage width='100%25' height='100%25' x='0' y='0' preserveAspectRatio='none' style='filter: url(%23b);' href='https:\/\/images.lanouvellerepublique.fr\/image\/upload\/t_88w\/f_auto\/68c13ebd03d9b3cb388b45fc.jpg'\/%3E%3C\/svg%3E&quot;)\"   src=\"https:\/\/www.europesays.com\/fr\/wp-content\/uploads\/2025\/09\/68c13ebd03d9b3cb388b45fc.jpg\"\/><\/p>\n<p style=\"background-color:#F2F2F2;padding:5px;margin-top:0px;margin-bottom:10px\">\u00c0 Romorantin, pr\u00e8s de 200 personnes sont r\u00e9unies, \u00ab\u00a0une mobilisation assez exceptionnelle pour notre ville\u00a0\u00bb selon le secr\u00e9taire de l\u2019Union locale de la CGT.<br \/> \u00a9 Photo NR, C\u00e9dric Citrain<\/p>\n<p><strong>10\u00a0h\u00a030.<\/strong>\u00a0Place Jean-Jaur\u00e8s, <strong>\u00e0 Tours<\/strong>, pr\u00e8s de 400 personnes (selon une premi\u00e8re estimation) sont rassembl\u00e9es pour un \u00ab\u00a0petit-d\u00e9jeuner\u00a0\u00bb. Une assembl\u00e9e g\u00e9n\u00e9rale est pr\u00e9vue \u00ab\u00a0pour d\u00e9cider des actions \u00e0 mener aujourd\u2019hui\u00a0\u00bb, souffle une source syndicale. Dans l\u2019attente, la circulation est perturb\u00e9e.<\/p>\n<p>Parmi les manifestants, Jade, 27\u00a0ans. La jeune femme se dit \u00ab\u00a0apolitique\u00a0\u00bb mais \u00ab\u00a0plut\u00f4t LFI compatible\u00a0\u00bb. \u00ab\u00a0Ce n\u2019est pas tant le budget et le plan d\u2019\u00e9conomie annonc\u00e9 avant l\u2019\u00e9t\u00e9 que la politique autoritaire du pr\u00e9sident, les d\u00e9cisions prises en d\u00e9pit du vote des Fran\u00e7ais apr\u00e8s la dissolution ainsi que les droits des travailleurs qui se d\u00e9litent\u00a0\u00bb qui l\u2019ont pouss\u00e9e dans la rue.<\/p>\n<p><strong>10\u00a0h\u00a028.<\/strong>\u00a0\u00c0 Montmorillon, le rassemblement des \u00ab\u00a0bloqueurs\u00a0\u00bb se met tranquillement en place avec pr\u00e9paration sur place de banderoles au slogan \u00ab\u00a0Marre d\u2019en avoir marre\u00a0\u00bb. Une soixantaine de personnes sont r\u00e9unies sur le parking du Leclerc. Ils doivent rejoindre le rond-point du centre commercial.<\/p>\n<p><img alt=\"\u00c0 Montmorillon, les manifestants pr\u00e9parent leurs pancartes.\" loading=\"lazy\" width=\"980\" height=\"573\" decoding=\"async\" data-nimg=\"1\" class=\"img-responsive spinner-show\" style=\"color:transparent;background-size:cover;background-position:50% 50%;background-repeat:no-repeat;background-image:url(&quot;data:image\/svg+xml;charset=utf-8,%3Csvg xmlns='http:\/\/www.w3.org\/2000\/svg' viewBox='0 0 980 573'%3E%3Cfilter id='b' color-interpolation-filters='sRGB'%3E%3CfeGaussianBlur stdDeviation='20'\/%3E%3CfeColorMatrix values='1 0 0 0 0 0 1 0 0 0 0 0 1 0 0 0 0 0 100 -1' result='s'\/%3E%3CfeFlood x='0' y='0' width='100%25' height='100%25'\/%3E%3CfeComposite operator='out' in='s'\/%3E%3CfeComposite in2='SourceGraphic'\/%3E%3CfeGaussianBlur stdDeviation='20'\/%3E%3C\/filter%3E%3Cimage width='100%25' height='100%25' x='0' y='0' preserveAspectRatio='none' style='filter: url(%23b);' href='https:\/\/images.lanouvellerepublique.fr\/image\/upload\/t_88w\/f_auto\/68c137510afe5613248b45cb.jpg'\/%3E%3C\/svg%3E&quot;)\"   src=\"https:\/\/www.europesays.com\/fr\/wp-content\/uploads\/2025\/09\/68c137510afe5613248b45cb.jpg\"\/><\/p>\n<p style=\"background-color:#F2F2F2;padding:5px;margin-top:0px;margin-bottom:10px\">\u00c0 Montmorillon, les manifestants pr\u00e9parent leurs pancartes.<br \/> \u00a9 Photo NR, Xavier Roche-Bayard<\/p>\n<p>Quelques minutes plus tard, les manifestants\u00a0se sont empar\u00e9s du rond-point. La gendarmerie est sur place pour fluidifier la circulation.<\/p>\n<p><strong>10\u00a0h\u00a025.<\/strong> Du c\u00f4t\u00e9 de <strong>Tours<\/strong>, une soixantaine de personnes se sont rassembl\u00e9es devant la gare pour une assembl\u00e9e g\u00e9n\u00e9rale des cheminots. Selon les syndicats 34\u00a0% des conducteurs de la r\u00e9gion sont en gr\u00e8ve aujourd\u2019hui. Nicolas Jaszczuck, secr\u00e9taire de Sud Rail, et S\u00e9bastien Perez, d\u00e9l\u00e9gu\u00e9 de la CGT, ont pris la parole. Ils voient ce 10\u00a0septembre comme \u00ab\u00a0un tremplin pour la journ\u00e9e de mobilisation intersyndicale du 18\u00a0septembre\u00a0\u00bb.<\/p>\n<p><strong>10\u00a0h\u00a020.<\/strong> \u00c0 Niort, les forces de l\u2019ordre viennent de pr\u00e9venir les manifestants qu\u2019ils avaient quinze minutes pour d\u00e9bloquer l\u2019entr\u00e9e de la zone Mend\u00e8s-France. Le cordon policier est pr\u00eat \u00e0 agir\u00a0: la police nationale est arriv\u00e9e un peu plus t\u00f4t en nombre avec boucliers, LBD et gaz lacrymog\u00e8nes.<\/p>\n<\/p>\n<p><strong>10\u00a0h\u00a015.<\/strong> Alors que la mobilisation se stabilise un peu partout dans le Centre-Ouest, on vous fait un nouveau point d\u2019\u00e9tape en ce milieu de matin\u00e9e.<\/p>\n<ul>\n<li><strong>Indre\u00a0:<\/strong> Un tractage est organis\u00e9 par la CGT dans la zone du forum, au <strong>Poin\u00e7onnet<\/strong>.<\/li>\n<li><strong>Indre-et-Loire<\/strong>\u00a0: \u00c0 <strong>Tours<\/strong>, le barrage filtrant du rond-point de Saint-Sauveur, tout comme le blocus du lyc\u00e9e Balzac, a \u00e9t\u00e9 lev\u00e9. Les manifestants convergent vers la place Jean-Jaur\u00e8s. Du c\u00f4t\u00e9 d\u2019<strong>Amboise<\/strong>, le barrage filtrant a pris fin sur le rond-point de la Pagode et une assembl\u00e9e se tient pour organiser un mouvement vers Tours. \u00c0 <strong>Loches<\/strong>, une partie des lyc\u00e9ens qui bloquent le lyc\u00e9e Th\u00e9r\u00e8se-Planiol devraient en faire de m\u00eame.<\/li>\n<li><strong>Loir-et-Cher\u00a0:<\/strong> \u00c0 <strong>Blois<\/strong>, une trentaine de personnes op\u00e8rent un barrage filtrant sur le rond-point du Leclerc tandis que des lyc\u00e9ens manifestent devant le lyc\u00e9e Dessaignes.<\/li>\n<li><strong>Deux-S\u00e8vres\u00a0:<\/strong> La zone commerciale Mend\u00e8s-France est toujours bloqu\u00e9e par les manifestants \u00e0 <strong>Niort<\/strong>. Les manifestants \u00e0 <strong>Melle<\/strong> pr\u00e9voient de rejoindre le mouvement \u00e0 Niort.<\/li>\n<li><strong>Vienne\u00a0:<\/strong> Le blocage du rond-point de <strong>Poitiers-sud<\/strong> se poursuit.<\/li>\n<\/ul>\n<p><strong>10\u00a0h\u00a005.<\/strong>\u00a0\u00c0 <strong>Blois<\/strong>, la trentaine de manifestants est toujours install\u00e9e \u00e0 la sortie vers le centre commercial Leclerc, au rond-point avenue Ch\u00e2teaudun. Le groupe continue son blocage filtrant en ne laissant passer que quelques automobilistes. En priorit\u00e9 ceux qui klaxonnent en soutien \u00e0 cette journ\u00e9e de mobilisation. Les Bl\u00e9sois refusent cat\u00e9goriquement de laisser passer certaines marques de voiture. \u00ab\u00a0Ni Tesla, ni SUV\u00a0\u00bb, est-il clam\u00e9.<\/p>\n<p><strong>9\u00a0h\u00a055.<\/strong> \u00c0 <strong>Tours<\/strong>, apr\u00e8s le rond-point de Saint-Sauveur, c\u2019est au tour du lyc\u00e9e Balzac de lever le blocage. D\u00e9sormais, le prochain temps fort se d\u00e9roulera place Jean-Jaur\u00e8s, \u00e0 10\u00a0h, pour un \u00ab\u00a0petit-d\u00e9j\u00a0\u00bb suivi d\u2019un \u00ab\u00a0pique-nique\u00a0\u00bb \u00e0 midi.<\/p>\n<p>Pour l\u2019instant, la circulation sur le r\u00e9seau de transports Fil bleu est \u00ab\u00a0conforme aux pr\u00e9visions\u00a0\u00bb\u00a0: 100\u00a0% sur le tram, deux bus sur trois. Des blocages ponctuels perturbent n\u00e9anmoins le trafic. C\u2019\u00e9tait le cas ce matin au rond-point Saint-Sauveur ou place Jean-Jaur\u00e8s, o\u00f9 le tram a \u00e9t\u00e9 \u00ab\u00a0bloqu\u00e9 une dizaine de minutes\u00a0\u00bb, selon Fil bleu.<\/p>\n<p><img alt=\"\u00c0 Tours, les manifestants se rassemblent progressivement sur la place Jean-Jaur\u00e8s.\" loading=\"lazy\" width=\"980\" height=\"573\" decoding=\"async\" data-nimg=\"1\" class=\"img-responsive spinner-show\" style=\"color:transparent;background-size:cover;background-position:50% 50%;background-repeat:no-repeat;background-image:url(&quot;data:image\/svg+xml;charset=utf-8,%3Csvg xmlns='http:\/\/www.w3.org\/2000\/svg' viewBox='0 0 980 573'%3E%3Cfilter id='b' color-interpolation-filters='sRGB'%3E%3CfeGaussianBlur stdDeviation='20'\/%3E%3CfeColorMatrix values='1 0 0 0 0 0 1 0 0 0 0 0 1 0 0 0 0 0 100 -1' result='s'\/%3E%3CfeFlood x='0' y='0' width='100%25' height='100%25'\/%3E%3CfeComposite operator='out' in='s'\/%3E%3CfeComposite in2='SourceGraphic'\/%3E%3CfeGaussianBlur stdDeviation='20'\/%3E%3C\/filter%3E%3Cimage width='100%25' height='100%25' x='0' y='0' preserveAspectRatio='none' style='filter: url(%23b);' href='https:\/\/images.lanouvellerepublique.fr\/image\/upload\/t_88w\/f_auto\/68c132e903d9b385088b46a7.jpg'\/%3E%3C\/svg%3E&quot;)\"   src=\"https:\/\/www.europesays.com\/fr\/wp-content\/uploads\/2025\/09\/68c132e903d9b385088b46a7.jpg\"\/><\/p>\n<p style=\"background-color:#F2F2F2;padding:5px;margin-top:0px;margin-bottom:10px\">\u00c0 Tours, les manifestants se rassemblent progressivement sur la place Jean-Jaur\u00e8s.<br \/> \u00a9 Photo NR, Julien Pruvost<\/p>\n<p><strong>9\u00a0h\u00a050.<\/strong>\u00a0Arlette et son fils Aymeric se sont rendus ce matin au centre Leclerc de <strong>Niort<\/strong> pour faire leurs courses. Ils n\u2019imaginaient pas tomber sur des blocages les contraignant \u00e0 se garer bien plus loin que pr\u00e9vu. Malgr\u00e9 cette contrainte, ils soutiennent \u00ab\u00a0\u00e0 100\u00a0%\u00a0\u00bb le mouvement \u00ab\u00a0Bloquons tout\u00a0\u00bb. \u00ab\u00a0On ne cesse de payer, on ne peut plus se faire plaisir avec nos salaires\u00a0\u00bb, d\u00e9plore Aymeric, salari\u00e9 de l\u2019enseigne Tati. La m\u00e8re et le fils esp\u00e8rent simplement que les actions ne d\u00e9g\u00e9n\u00e9reront pas en \u00ab\u00a0d\u00e9g\u00e2ts mat\u00e9riels\u00a0\u00bb.<\/p>\n<p><strong>9\u00a0h\u00a045.<\/strong> Y a-t-il d\u2019autres actions engag\u00e9es \u00e0 <strong>Ch\u00e2tellerault<\/strong>, dans la <strong>Vienne<\/strong>, que le blocus du lyc\u00e9e Berthelot\u00a0? Pas pour l\u2019heure\u00a0: jusqu\u2019\u00e0 pr\u00e9sent la police et la gendarmerie ne font \u00e9tat d\u2019aucun d\u00e9bordement, mais une manifestation aura lieu dans le centre-ville \u00e0 10\u00a0h.<\/p>\n<p><img alt=\"\u00c0 Niort, des manifestants \u00e9teignent l\u2019affichage des prix de la station Leclerc.\" loading=\"lazy\" width=\"980\" height=\"573\" decoding=\"async\" data-nimg=\"1\" class=\"img-responsive spinner-show\" style=\"color:transparent;background-size:cover;background-position:50% 50%;background-repeat:no-repeat;background-image:url(&quot;data:image\/svg+xml;charset=utf-8,%3Csvg xmlns='http:\/\/www.w3.org\/2000\/svg' viewBox='0 0 980 573'%3E%3Cfilter id='b' color-interpolation-filters='sRGB'%3E%3CfeGaussianBlur stdDeviation='20'\/%3E%3CfeColorMatrix values='1 0 0 0 0 0 1 0 0 0 0 0 1 0 0 0 0 0 100 -1' result='s'\/%3E%3CfeFlood x='0' y='0' width='100%25' height='100%25'\/%3E%3CfeComposite operator='out' in='s'\/%3E%3CfeComposite in2='SourceGraphic'\/%3E%3CfeGaussianBlur stdDeviation='20'\/%3E%3C\/filter%3E%3Cimage width='100%25' height='100%25' x='0' y='0' preserveAspectRatio='none' style='filter: url(%23b);' href='https:\/\/images.lanouvellerepublique.fr\/image\/upload\/t_88w\/f_auto\/68c132e92bc43dcd128b47e8.jpg'\/%3E%3C\/svg%3E&quot;)\"   src=\"https:\/\/images.lanouvellerepublique.fr\/image\/upload\/f_auto\/v1757531824\/68c132e92bc43dcd128b47e8.jpg\"\/><\/p>\n<p style=\"background-color:#F2F2F2;padding:5px;margin-top:0px;margin-bottom:10px\">\u00c0 Niort, des manifestants \u00e9teignent l\u2019affichage des prix de la station Leclerc.<br \/> \u00a9 Photo NR, Jean-Andr\u00e9 Boutier<\/p>\n<p><strong>9\u00a0h\u00a040.<\/strong>\u00a0Devant le lyc\u00e9e Dessaignes de <strong>Blois<\/strong>, quelques organisations syndicales (FSU, CGT) et des militants NPA encadrent les manifestants. \u00ab\u00a0Le NPA soutient totalement cette action, on ne comprend pas que le chef d\u2019\u00e9tablissement ait fait intervenir la police pour casser le blocus. C\u2019est une mani\u00e8re de protester, cela a toujours exist\u00e9 et cela peut bien se passer\u00a0\u00bb, d\u00e9plore Radu Varl. Du c\u00f4t\u00e9 de l\u2019\u00e9tablissement, aucun agent n\u2019a voulu commenter la situation. Il s\u2019agit surtout aussi de mobiliser les forces pour la manifestation de 14\u00a0h, devant la pr\u00e9fecture.<\/p>\n<p>J\u2019en ai marre de sauter des repas alors que je travaille<\/p>\n<p><strong>Thomas, animateur en centre social <\/strong>Poitiers<\/p>\n<p><strong>9\u00a0h\u00a035.<\/strong>\u00a0Quelles suites pour le mouvement \u00ab\u00a0Bloquons tout\u00a0\u00bb\u00a0? Sur le chemin retour vers le lyc\u00e9e, \u00e0 <strong>Amboise<\/strong>, la d\u00e9l\u00e9gu\u00e9e FO\u00a0Muriel Navarro se projette sur l\u2019apr\u00e8s\u00a0: \u00ab\u00a0Je pense que, d\u00e8s ce soir, il y aura peut-\u00eatre des reconductions de gr\u00e8ve. On s\u2019inscrit dans une logique de reconduire et on sera \u00e9videmment dans la prochaine journ\u00e9e de mobilisation du 18. Mais ce qu\u2019on aimerait \u00e9viter, ce sont les journ\u00e9es d\u2019action \u00e0 r\u00e9p\u00e9tition. Ce qu\u2019on voudrait, c\u2019est marquer un grand coup et tout bloquer, m\u00eame si \u00e7a ne dure que trois jours, et l\u00e0 le gouvernement peut d\u00e9j\u00e0 faiblir.\u00a0\u00bb<\/p>\n<p><strong>9\u00a0h\u00a030.<\/strong>\u00a0\u00c0 <strong>Poitiers-sud<\/strong>, les manifestants ont organis\u00e9 une course de chariots entre Xavier Niel, Jordan Bardella, Bernard Arnault et Vincent Bollor\u00e9 pour d\u00e9noncer la collusion entre les riches et l\u2019extr\u00eame droite.<\/p>\n<p><img alt=\"Les manifestants ont organis\u00e9 une course de chariots \u00e0 Poitiers-sud.\" loading=\"lazy\" width=\"980\" height=\"573\" decoding=\"async\" data-nimg=\"1\" class=\"img-responsive spinner-show\" style=\"color:transparent;background-size:cover;background-position:50% 50%;background-repeat:no-repeat;background-image:url(&quot;data:image\/svg+xml;charset=utf-8,%3Csvg xmlns='http:\/\/www.w3.org\/2000\/svg' viewBox='0 0 980 573'%3E%3Cfilter id='b' color-interpolation-filters='sRGB'%3E%3CfeGaussianBlur stdDeviation='20'\/%3E%3CfeColorMatrix values='1 0 0 0 0 0 1 0 0 0 0 0 1 0 0 0 0 0 100 -1' result='s'\/%3E%3CfeFlood x='0' y='0' width='100%25' height='100%25'\/%3E%3CfeComposite operator='out' in='s'\/%3E%3CfeComposite in2='SourceGraphic'\/%3E%3CfeGaussianBlur stdDeviation='20'\/%3E%3C\/filter%3E%3Cimage width='100%25' height='100%25' x='0' y='0' preserveAspectRatio='none' style='filter: url(%23b);' href='https:\/\/images.lanouvellerepublique.fr\/image\/upload\/t_88w\/f_auto\/68c1294fc4c92b7e228b457f.jpg'\/%3E%3C\/svg%3E&quot;)\"   src=\"https:\/\/www.europesays.com\/fr\/wp-content\/uploads\/2025\/09\/68c1294fc4c92b7e228b457f.jpg\"\/><\/p>\n<p style=\"background-color:#F2F2F2;padding:5px;margin-top:0px;margin-bottom:10px\">Les manifestants ont organis\u00e9 une course de chariots \u00e0 Poitiers-sud.<br \/> \u00a9 Photo NR, Xavier Benoit<\/p>\n<p>Pourquoi les jeunes, extr\u00eamement nombreux au blocage du rond-point \u00e0 Poitiers-sud manifestent-ils\u00a0? Thomas, 24\u00a0ans, est animateur au centre socioculturel des Trois-Cit\u00e9s et son pouvoir d\u2019achat est le premier moteur\u00a0: \u00ab\u00a0J\u2019en ai marre de sauter des repas alors que je travaille.\u00a0\u00bb Ensuite vient la motivation politique\u00a0: \u00ab\u00a0Macron a encore nomm\u00e9 un premier ministre de droite, c\u2019est insupportable.\u00a0\u00bb<\/p>\n<p><strong>9\u00a0h\u00a025.<\/strong>\u00a0Au rond-point Saint-Sauveur, \u00e0 <strong>Tours<\/strong>, les manifestants ont quitt\u00e9 les lieux, la circulation reprend progressivement. La plupart prennent la direction de la place Jean-Jaur\u00e8s.<\/p>\n<p><strong>9\u00a0h\u00a020.<\/strong> Au Leclerc de <strong>Niort<\/strong>, les clients rentrent au compte-goutte. Seuls ceux qui ont\u00a0des rendez-vous, chez le coiffeur par exemple, peuvent rentrer. La direction craint de se faire d\u00e9passer par les manifestants.<\/p>\n<p>Sollicit\u00e9es en amont de cette journ\u00e9e de mobilisation, ni les forces de l\u2019ordre ni la pr\u00e9fecture des <strong>Deux-S\u00e8vres<\/strong> n\u2019ont accept\u00e9 de d\u00e9tailler le dispositif de s\u00e9curit\u00e9 d\u00e9ploy\u00e9 dans le d\u00e9partement. La gendarmerie nationale a confirm\u00e9 \u00ab\u00a0que l\u2019ensemble des moyens du groupement seront d\u00e9ploy\u00e9s pour faire face \u00e0 cette journ\u00e9e\u00a0\u00bb. Du c\u00f4t\u00e9 des services pr\u00e9fectoraux, qui se disaient \u00ab\u00a0attentifs\u00a0\u00bb, on pr\u00e9cisait que \u00ab\u00a0chaque mobilisation est singuli\u00e8re et l\u2019objectif des services de l\u2019\u00c9tat demeure le m\u00eame\u00a0: garantir la s\u00e9curit\u00e9 de tous et assurer le maintien de l\u2019ordre public\u00a0\u00bb.<\/p>\n<p>On voit bien que le projet du gouvernement, c\u2019est de faire encore peser sur les gens qui travaillent et les retrait\u00e9s tandis que les grandes fortunes n\u2019y participent pas<\/p>\n<p><strong>Jacky Chauvi\u00e8re, d\u00e9l\u00e9gu\u00e9 syndical FO <\/strong>Amboise<\/p>\n<p><strong>9\u00a0h\u00a015.<\/strong> \u00c0 <strong>Amboise<\/strong>, en <strong>Indre-et-Loire<\/strong>, le barrage filtrant est sur le point de prendre fin sur le rond-point de la Pagode. Les manifestants quittent les lieux et redescendent vers le lyc\u00e9e Vinci pour faire un point sur l\u2019action de ce matin et de celle \u00e0 venir et savoir qui se rend \u00e0 Tours pour midi.<\/p>\n<p>Jacky Chauvi\u00e8re travaille \u00e0 M\u00e9cachrome. Il est d\u00e9l\u00e9gu\u00e9 syndical FO et secr\u00e9taire de l\u2019union locale FO et pr\u00e9sent sur le rond-point de la pagode aujourd\u2019hui. \u00ab\u00a0L\u2019id\u00e9e, c\u2019est de partager notre opposition, confie-t-il. On voit bien que le projet du gouvernement, c\u2019est de faire encore peser sur les gens qui travaillent et les retrait\u00e9s tandis que les grandes fortunes n\u2019y participent pas. C\u2019est la continuit\u00e9 d\u2019une politique qui aboutit \u00e0 rien. Il n\u2019y a qu\u2019\u00e0 voir l\u2019\u00e9tat de l\u2019industrie en Indre-et-Loire. Aptech, STM Electronics, on a TI Automotive qui va fermer \u00e0 Nazelles. Moi je suis dans la m\u00e9tallurgie et c\u2019est une catastrophe. Il y a une arche industrie dans la zone qui a ferm\u00e9. Ce sont les m\u00eames qui nous disent qu\u2019ils vont trouver des solutions, mais qu\u2019ils changent de m\u00e9thode. Vraiment. L\u2019id\u00e9e de ce mouvement, c\u2019est d\u2019aller au-del\u00e0 des syndicats.\u00a0\u00bb<\/p>\n<p><img alt=\"Les manifestants quittent le rond-point de la Pagode, \u00e0 Amboise.\" loading=\"lazy\" width=\"980\" height=\"573\" decoding=\"async\" data-nimg=\"1\" class=\"img-responsive spinner-show\" style=\"color:transparent;background-size:cover;background-position:50% 50%;background-repeat:no-repeat;background-image:url(&quot;data:image\/svg+xml;charset=utf-8,%3Csvg xmlns='http:\/\/www.w3.org\/2000\/svg' viewBox='0 0 980 573'%3E%3Cfilter id='b' color-interpolation-filters='sRGB'%3E%3CfeGaussianBlur stdDeviation='20'\/%3E%3CfeColorMatrix values='1 0 0 0 0 0 1 0 0 0 0 0 1 0 0 0 0 0 100 -1' result='s'\/%3E%3CfeFlood x='0' y='0' width='100%25' height='100%25'\/%3E%3CfeComposite operator='out' in='s'\/%3E%3CfeComposite in2='SourceGraphic'\/%3E%3CfeGaussianBlur stdDeviation='20'\/%3E%3C\/filter%3E%3Cimage width='100%25' height='100%25' x='0' y='0' preserveAspectRatio='none' style='filter: url(%23b);' href='https:\/\/images.lanouvellerepublique.fr\/image\/upload\/t_88w\/f_auto\/68c12895474c6b8a3d8b4570.jpg'\/%3E%3C\/svg%3E&quot;)\"   src=\"https:\/\/www.europesays.com\/fr\/wp-content\/uploads\/2025\/09\/68c12895474c6b8a3d8b4570.jpg\"\/><\/p>\n<p style=\"background-color:#F2F2F2;padding:5px;margin-top:0px;margin-bottom:10px\">Les manifestants quittent le rond-point de la Pagode, \u00e0 Amboise.<br \/> \u00a9 Photo NR, Mathieu Renard<\/p>\n<p><strong>9\u00a0h\u00a010.<\/strong>\u00a0Dans un communiqu\u00e9, la pr\u00e9fecture des <strong>Deux-S\u00e8vres<\/strong> indique avoir autoris\u00e9 \u00ab\u00a0la captation, l\u2019enregistrement et la diffusion d\u2019images capt\u00e9es \u00e0 partir d\u2019a\u00e9ronefs\u00a0\u00bb \u00e0 Bressuire, Parthenay, La Cr\u00e8che, Melle et Limalonges ce mercredi 10\u00a0septembre, \u00ab\u00a0pour appuyer l\u2019action des forces de s\u00e9curit\u00e9 int\u00e9rieure\u00a0\u00bb.<\/p>\n<p><strong>9\u00a0h\u00a007.<\/strong>\u00a0Point de situation \u00e0 <strong>Amboise<\/strong>, en <strong>Indre-et-Loire<\/strong>. Depuis pr\u00e8s de 45 minutes, la circulation est l\u00e9g\u00e8rement perturb\u00e9e sur la D31, au niveau du rond-point de la pagode de Chanteloup. \u00ab\u00a0Aujourd\u2019hui, on est r\u00e9uni dans le cadre de l\u2019action \u201c\u00a0Bloquons tout\u00a0\u201d, souligne Muriel Navarro, d\u00e9l\u00e9gu\u00e9e Force ouvri\u00e8re FNEC-FP. Nous, ici, on est \u00e0 la fois enseignants, territoriaux, hospitaliers, salari\u00e9s du priv\u00e9 et citoyens, retrait\u00e9s, lyc\u00e9ens,\u00a0etc. Nous avons d\u00e9cid\u00e9 de faire une action de blocage filtrant sur ce rond-point, pour manifester notre opposition au plan d\u2019aust\u00e9rit\u00e9 budg\u00e9taire et au gouvernement qu\u2019il met en place. Le nom change avec Monsieur Lecornu mais le plan reste et pour nous, il faut absolument s\u2019en d\u00e9barrasser car c\u2019est une catastrophe pour les salari\u00e9s et les citoyens.\u00a0\u00bb<\/p>\n<p><strong>9\u00a0h\u00a005.<\/strong> Dans les <strong>Deux-S\u00e8vres<\/strong>, du c\u00f4t\u00e9 de <strong>Parthenay<\/strong>, la circulation est fluide. Entre 8\u00a0h et 8\u00a0h\u00a030, aucun des ronds-points qui jalonnent la ceinture de la ville n\u2019\u00e9tait occup\u00e9 par des manifestants. Dans la sous-pr\u00e9fecture de G\u00e2tine, un rassemblement est pr\u00e9vu \u00e0 17\u00a0h ce mercredi, place du Drapeau, \u00e0 l\u2019appel de la CGT.<\/p>\n<p><strong>9\u00a0h.<\/strong> \u00c0 <strong>Blois<\/strong>, la trentaine de manifestants est arriv\u00e9e au rond-point du Leclerc, avenue Ch\u00e2teaudun. Apr\u00e8s concertation, ils ont d\u00e9cid\u00e9 de bloquer la sortie vers le centre commercial. Ils sont toujours encadr\u00e9s par les policiers qui assurent la s\u00e9curit\u00e9 avec les automobilistes.<\/p>\n<p>Finalement, apr\u00e8s discussion avec la police, ils mettent en place un\u00a0blocage filtrant, afin de laisser passer certains automobilistes qui vont travailler. Le groupe s\u2019opposera \u00e0 tout passage de SUV et de Tesla.<\/p>\n<p><img alt=\"Une trentaine de personnes bloquent le rond-point du Leclerc, \u00e0 Blois.\" loading=\"lazy\" width=\"980\" height=\"573\" decoding=\"async\" data-nimg=\"1\" class=\"img-responsive spinner-show\" style=\"color:transparent;background-size:cover;background-position:50% 50%;background-repeat:no-repeat;background-image:url(&quot;data:image\/svg+xml;charset=utf-8,%3Csvg xmlns='http:\/\/www.w3.org\/2000\/svg' viewBox='0 0 980 573'%3E%3Cfilter id='b' color-interpolation-filters='sRGB'%3E%3CfeGaussianBlur stdDeviation='20'\/%3E%3CfeColorMatrix values='1 0 0 0 0 0 1 0 0 0 0 0 1 0 0 0 0 0 100 -1' result='s'\/%3E%3CfeFlood x='0' y='0' width='100%25' height='100%25'\/%3E%3CfeComposite operator='out' in='s'\/%3E%3CfeComposite in2='SourceGraphic'\/%3E%3CfeGaussianBlur stdDeviation='20'\/%3E%3C\/filter%3E%3Cimage width='100%25' height='100%25' x='0' y='0' preserveAspectRatio='none' style='filter: url(%23b);' href='https:\/\/images.lanouvellerepublique.fr\/image\/upload\/t_88w\/f_auto\/68c122618f1cd298048b4582.jpg'\/%3E%3C\/svg%3E&quot;)\"   src=\"https:\/\/www.europesays.com\/fr\/wp-content\/uploads\/2025\/09\/68c122618f1cd298048b4582.jpg\"\/><\/p>\n<p style=\"background-color:#F2F2F2;padding:5px;margin-top:0px;margin-bottom:10px\">Une trentaine de personnes bloquent le rond-point du Leclerc, \u00e0 Blois.<br \/> \u00a9 Photo NR, Thomas Langeard<\/p>\n<p>Dans le centre-ville, au lyc\u00e9e Dessaignes, une trentaine de lyc\u00e9ens manifestent sans bloquer l\u2019entr\u00e9e. Ils incitent leurs camarades \u00e0 ne pas entrer dans l\u2019\u00e9tablissement.\u00a0P\u00eale-m\u00eale, des appels \u00e0 \u00ab\u00a0D\u00e9gager Macron\u00a0\u00bb, ou \u00ab\u00a0Nous sommes tous des enfants de Gaza\u00a0\u00bb se font entendre.<\/p>\n<p><strong>8\u00a0h\u00a058.<\/strong> Au rond-point Saint-Sauveur, \u00e0 <strong>Tours<\/strong>, o\u00f9 un barrage filtrant est en cours, Sandra Barbier, qui a \u00e9t\u00e9 candidate aux l\u00e9gislatives en 2024 sous la banni\u00e8re du Nouveau Front populaire, salue la mobilisation des citoyens. \u00ab\u00a0D\u00e8s 7\u00a0h\u00a015 nous \u00e9tions une quinzaine. Et d\u2019autres nous ont rejoints progressivement. C\u2019est arriv\u00e9 au fur et \u00e0 mesure pour organiser un barrage filtrant. Nous pensons rester l\u00e0 jusqu\u2019\u00e0 9\u00a0h maximum. Il y a des militants, des syndicats et des citoyens\u00a0: c\u2019est assez m\u00e9lang\u00e9.\u00a0\u00bb<\/p>\n<p><strong>8\u00a0h\u00a055.<\/strong> Des nouvelles de la mobilisation \u00e0 <strong>Poitiers<\/strong>\u00a0: deux personnes ont \u00e9t\u00e9 interpell\u00e9es par les gendarmes \u00e0 la barri\u00e8re de p\u00e9age de Poitiers-sud au moment du d\u00e9blocage, selon les manifestants.<\/p>\n<p><strong>8\u00a0h\u00a050.<\/strong>\u00a0\u00c0 <strong>Amboise<\/strong>, en <strong>Indre-et-Loire<\/strong>, une soixantaine de personnes se sont rassembl\u00e9es aux alentours de 7\u00a0h\u00a015 devant le lyc\u00e9e g\u00e9n\u00e9ral L\u00e9onard-de-Vinci, d\u2019apr\u00e8s les forces de l\u2019ordre. L\u2019assembl\u00e9e, convoqu\u00e9e par des militants syndicaux, dont la d\u00e9l\u00e9gu\u00e9e Force ouvri\u00e8re FNEC-FP Muriel Navarro, sert \u00e0 d\u00e9finir l\u2019action de la matin\u00e9e et \u00e0 faire un point politique. Une demi-heure plus tard, les participants d\u00e9cident de rejoindre le rond-point de la Pagode de Chanteloup. Ils s\u2019y installent avec des pancartes et distribuent des tracts aux automobilistes \u00e0 chaque entr\u00e9e. Le blocage est plut\u00f4t bien accueilli par les automobilistes et les camions qui encouragent les manifestants \u00e0 coups de klaxons.<\/p>\n<p><strong>8\u00a0h\u00a045.<\/strong> Le mouvement \u00ab\u00a0Bloquons tout\u00a0\u00bb d\u00e9marre dans l\u2019<strong>Indre<\/strong> avec un tractage de la CGT dans la zone du forum au <strong>Poin\u00e7onnet<\/strong>. \u00ab\u00a0L\u2019objectif, c\u2019est de sensibiliser les salari\u00e9s de la zone et ensuite de les encourager \u00e0 se mobiliser. Au d\u00e9part c\u2019est un mouvement citoyen que la CGT soutient\u00a0\u00bb, explique Laurent Joly, d\u00e9l\u00e9gu\u00e9 syndical CGT du groupe GMD.<\/p>\n<p><strong>8\u00a0h\u00a040.<\/strong> \u00c0 <strong>Limalonges<\/strong>, dans les <strong>Deux-S\u00e8vres<\/strong>, un incident est signal\u00e9 sur le rond-point des Maisons-Blanches o\u00f9 est install\u00e9 un barrage filtrant\u00a0: un camion a forc\u00e9 le barrage en montant sur le terre-plein, arrachant l\u2019arri\u00e8re d\u2019un autre camion.<\/p>\n<p><img alt=\"\u00c0 Limalonges, un camion a forc\u00e9 le barrage filtrant et arrach\u00e9 l\u2019arri\u00e8re d\u2019un autre camion.\" loading=\"lazy\" width=\"980\" height=\"573\" decoding=\"async\" data-nimg=\"1\" class=\"img-responsive spinner-show\" style=\"color:transparent;background-size:cover;background-position:50% 50%;background-repeat:no-repeat;background-image:url(&quot;data:image\/svg+xml;charset=utf-8,%3Csvg xmlns='http:\/\/www.w3.org\/2000\/svg' viewBox='0 0 980 573'%3E%3Cfilter id='b' color-interpolation-filters='sRGB'%3E%3CfeGaussianBlur stdDeviation='20'\/%3E%3CfeColorMatrix values='1 0 0 0 0 0 1 0 0 0 0 0 1 0 0 0 0 0 100 -1' result='s'\/%3E%3CfeFlood x='0' y='0' width='100%25' height='100%25'\/%3E%3CfeComposite operator='out' in='s'\/%3E%3CfeComposite in2='SourceGraphic'\/%3E%3CfeGaussianBlur stdDeviation='20'\/%3E%3C\/filter%3E%3Cimage width='100%25' height='100%25' x='0' y='0' preserveAspectRatio='none' style='filter: url(%23b);' href='https:\/\/images.lanouvellerepublique.fr\/image\/upload\/t_88w\/f_auto\/68c11e558f1cd2a7608b45ed.jpg'\/%3E%3C\/svg%3E&quot;)\"   src=\"https:\/\/www.europesays.com\/fr\/wp-content\/uploads\/2025\/09\/68c11e558f1cd2a7608b45ed.jpg\"\/><\/p>\n<p style=\"background-color:#F2F2F2;padding:5px;margin-top:0px;margin-bottom:10px\">\u00c0 Limalonges, un camion a forc\u00e9 le barrage filtrant et arrach\u00e9 l\u2019arri\u00e8re d\u2019un autre camion.<br \/> \u00a9 Photo cor. NR, B\u00e9atrice Baron-Drum<\/p>\n<p><strong>8\u00a0h\u00a035.<\/strong>\u00a0\u00c0 <strong>Bressuire<\/strong>, une soixantaine de manifestants se sont install\u00e9s sur le giratoire du boulevard de Thouars, \u00e0 hauteur de Bocapole, pour se coordonner pour la journ\u00e9e. Ils distribuent des tracts aux automobilistes sous la surveillance des gendarmes.<\/p>\n<p><strong>8\u00a0h\u00a032.<\/strong> Les pr\u00e9fectures s\u2019organisent aussi de leur c\u00f4t\u00e9.\u00a0Dans un communiqu\u00e9, celle des <strong>Deux-S\u00e8vres<\/strong> appelle les usagers \u00e0 \u00ab\u00a0\u00e9viter les secteurs\u00a0\u00bb du d\u00e9partement \u00ab\u00a0o\u00f9 des rassemblements sont signal\u00e9s\u00a0\u00bb\u00a0: la zone Mend\u00e8s-France \u00e0 Niort (avec fermeture de la bretelle d\u2019acc\u00e8s par l\u2019avenue de Paris), le rond-point au niveau du parking de Bocapole \u00e0 Bressuire, le rond-point de la Colonne \u00e0 Melle et celui des Maisons Blanches \u00e0 Limalonges.<\/p>\n<p>En Indre-et-Loire, le pr\u00e9fet annonce plusieurs interdictions, dont celles de port d\u2019arme par nature ou par destination, d\u2019utilisation d\u2019artifices ou d\u2019acquisition et transport de certains produits chimiques, inflammables ou explosifs.<\/p>\n<p><strong>8\u00a0h\u00a030.<\/strong> \u00c0 <strong>Loches<\/strong>, en <strong>Indre-et-Loire<\/strong>, la vingtaine d\u2019\u00e9l\u00e8ves rassembl\u00e9s devant les grilles du lyc\u00e9e Th\u00e9r\u00e8se-Planiol d\u00e9marrent un atelier pancartes. Certains ont exprim\u00e9 le d\u00e9sir de rallier Tours dans la matin\u00e9e pour se greffer aux autres actions pr\u00e9vues durant la journ\u00e9e.<\/p>\n<p><img alt=\"Un atelier pancarte s\u2019improvise devant le lyc\u00e9e Th\u00e9r\u00e8se-Planiol.\" loading=\"lazy\" width=\"980\" height=\"573\" decoding=\"async\" data-nimg=\"1\" class=\"img-responsive spinner-show\" style=\"color:transparent;background-size:cover;background-position:50% 50%;background-repeat:no-repeat;background-image:url(&quot;data:image\/svg+xml;charset=utf-8,%3Csvg xmlns='http:\/\/www.w3.org\/2000\/svg' viewBox='0 0 980 573'%3E%3Cfilter id='b' color-interpolation-filters='sRGB'%3E%3CfeGaussianBlur stdDeviation='20'\/%3E%3CfeColorMatrix values='1 0 0 0 0 0 1 0 0 0 0 0 1 0 0 0 0 0 100 -1' result='s'\/%3E%3CfeFlood x='0' y='0' width='100%25' height='100%25'\/%3E%3CfeComposite operator='out' in='s'\/%3E%3CfeComposite in2='SourceGraphic'\/%3E%3CfeGaussianBlur stdDeviation='20'\/%3E%3C\/filter%3E%3Cimage width='100%25' height='100%25' x='0' y='0' preserveAspectRatio='none' style='filter: url(%23b);' href='https:\/\/images.lanouvellerepublique.fr\/image\/upload\/t_88w\/f_auto\/68c11b1a7ed410a4308b4582.jpg'\/%3E%3C\/svg%3E&quot;)\"   src=\"https:\/\/www.europesays.com\/fr\/wp-content\/uploads\/2025\/09\/68c11b1a7ed410a4308b4582.jpg\"\/><\/p>\n<p style=\"background-color:#F2F2F2;padding:5px;margin-top:0px;margin-bottom:10px\">Un atelier pancarte s\u2019improvise devant le lyc\u00e9e Th\u00e9r\u00e8se-Planiol.<br \/> \u00a9 Photo NR, Bruno Bouchet<\/p>\n<p><strong>8\u00a0h\u00a027.<\/strong> C\u00f4t\u00e9 forces de l\u2019ordre, \u00e0 <strong>Niort<\/strong>, un dispositif de s\u00e9curit\u00e9 semble se mettre en place pour agir. Alors que l\u2019ouverture du Leclerc est pr\u00e9vue \u00e0 9\u00a0h, les manifestants se tiennent \u00e0 proximit\u00e9 des chariots pour emp\u00eacher la police de les d\u00e9placer.<\/p>\n<p>Les manifestants pr\u00e9sents \u00e0 Melle depuis 6\u00a0h du matin vont venir \u00e0 Niort pour soutenir le mouvement ici.<\/p>\n<p><img alt=\"\u00c0 Niort, les policiers sont en place avec les boucliers anti-\u00e9meute.\" loading=\"lazy\" width=\"980\" height=\"573\" decoding=\"async\" data-nimg=\"1\" class=\"img-responsive spinner-show\" style=\"color:transparent;background-size:cover;background-position:50% 50%;background-repeat:no-repeat;background-image:url(&quot;data:image\/svg+xml;charset=utf-8,%3Csvg xmlns='http:\/\/www.w3.org\/2000\/svg' viewBox='0 0 980 573'%3E%3Cfilter id='b' color-interpolation-filters='sRGB'%3E%3CfeGaussianBlur stdDeviation='20'\/%3E%3CfeColorMatrix values='1 0 0 0 0 0 1 0 0 0 0 0 1 0 0 0 0 0 100 -1' result='s'\/%3E%3CfeFlood x='0' y='0' width='100%25' height='100%25'\/%3E%3CfeComposite operator='out' in='s'\/%3E%3CfeComposite in2='SourceGraphic'\/%3E%3CfeGaussianBlur stdDeviation='20'\/%3E%3C\/filter%3E%3Cimage width='100%25' height='100%25' x='0' y='0' preserveAspectRatio='none' style='filter: url(%23b);' href='https:\/\/images.lanouvellerepublique.fr\/image\/upload\/t_88w\/f_auto\/68c11d04474c6b33718b45b5.jpg'\/%3E%3C\/svg%3E&quot;)\"   src=\"https:\/\/www.europesays.com\/fr\/wp-content\/uploads\/2025\/09\/68c11d04474c6b33718b45b5.jpg\"\/><\/p>\n<p style=\"background-color:#F2F2F2;padding:5px;margin-top:0px;margin-bottom:10px\">\u00c0 Niort, les policiers sont en place avec les boucliers anti-\u00e9meute.<br \/> \u00a9 Photo NR, R\u00e9mi Simonet<\/p>\n<p><strong>8\u00a0h\u00a025.<\/strong>\u00a0\u00c0 <strong>Poitiers-sud<\/strong>, les manifestants ont pr\u00e9vu de rester, si l\u2019on en croit l\u2019installation d\u2019une cantine improvis\u00e9e sur le bord du rond-point. Dans le m\u00eame temps, des policiers ont rejoint des gendarmes. Une intervention est-elle en pr\u00e9paration\u00a0?<\/p>\n<p><strong>8\u00a0h\u00a020.<\/strong>\u00a0Une dizaine de manifestants, encadr\u00e9s par la police, bloquent la circulation avenue de Ch\u00e2teaudun, au nord de <strong>Blois<\/strong>. Apr\u00e8s dix minutes de blocage, le groupe parti de la pr\u00e9fecture reprend le chemin. La circulation vers le centre commercial est fortement ralentie, les manifestants occupent toute la largeur de la route.<\/p>\n<p>Le gouvernement prend des d\u00e9cisions qui vont \u00e0 l\u2019encontre de l\u2019int\u00e9r\u00eat g\u00e9n\u00e9ral<\/p>\n<p><strong>Une lyc\u00e9enne lors d\u2019une prise de parole<\/strong> Ch\u00e2tellerault<\/p>\n<p><strong>8\u00a0h\u00a015.<\/strong> \u00c0 <strong>Niort<\/strong>, les manifestants sont dispers\u00e9s aux diff\u00e9rentes entr\u00e9es du centre commercial et seraient environ 200. D\u2019autres participants continuent d\u2019arriver \u00e0 pied, par petits groupes.<\/p>\n<p><strong>8\u00a0h\u00a010.<\/strong> \u00c7a bouge dans la <strong>Vienne<\/strong>\u00a0: \u00e0 Poitiers-sud, les gendarmes ont lib\u00e9r\u00e9 la barri\u00e8re de p\u00e9age et ils emp\u00eachent d\u00e9sormais l\u2019acc\u00e8s \u00e0 la bretelle d\u2019entr\u00e9e sur l\u2019A10.<\/p>\n<p>\u00c0 <strong>Ch\u00e2tellerault<\/strong>, deux lyc\u00e9ennes prennent la parole \u00e0 l\u2019entr\u00e9e du lyc\u00e9e Berthelot, devant 200 personnes, dont beaucoup d\u2019\u00e9l\u00e8ves. \u00ab\u00a0Nous avons organis\u00e9 ce blocus, pas seulement dans le but de bloquer les cours mais pour d\u00e9noncer ce qui se passe en France. Le gouvernement prend des d\u00e9cisions qui vont \u00e0 l\u2019encontre de l\u2019int\u00e9r\u00eat g\u00e9n\u00e9ral.\u00a0\u00bb Le lyc\u00e9e est toujours bloqu\u00e9.<\/p>\n<p><strong>8\u00a0h.<\/strong> Vous venez d\u2019arriver dans ce direct\u00a0? On vous fait un petit r\u00e9capitulatif de la mobilisation du mouvement \u00ab\u00a0Bloquons tout\u00a0\u00bb \u00e0 8\u00a0h, d\u00e9partement par d\u00e9partement.<\/p>\n<ul>\n<li><strong>Indre-et-Loire\u00a0:<\/strong> \u00c0 <strong>Tours<\/strong>, le lyc\u00e9e Balzac est bloqu\u00e9 depuis 6\u00a0h, tandis qu\u2019une distribution de tracts est organis\u00e9e sur le rond-point Saint-Sauveur. \u00c0 <strong>Loches<\/strong>, c\u2019est le lyc\u00e9e Th\u00e9r\u00e8se-Planiol qui est partiellement bloqu\u00e9.<\/li>\n<li><strong>Loir-et-Cher\u00a0:<\/strong> \u00c0 <strong>Blois<\/strong>, une trentaine de personnes se dirigent vers le rond-point du centre commercial Leclerc pour le bloquer.<\/li>\n<li><strong>Deux-S\u00e8vres\u00a0:<\/strong> \u00c0 <strong>Niort<\/strong>, la zone Mend\u00e8s-France est en partie paralys\u00e9e, o\u00f9 les acc\u00e8s au centre commercial Leclerc sont bloqu\u00e9s par les manifestants. Du c\u00f4t\u00e9 de <strong>Melle<\/strong>, un barrage filtrant a \u00e9t\u00e9 organis\u00e9 sur le rond-point de la Colonne, de m\u00eame qu\u2019\u00e0 <strong>Limalonges<\/strong> au rond-point des Maisons-Blanches.<\/li>\n<li><strong>Vienne<\/strong>\u00a0: \u00c0 <strong>Poitiers<\/strong>, la zone de Poitiers-sud est bloqu\u00e9e depuis t\u00f4t ce matin, notamment le rond-point mais \u00e9galement une partie du p\u00e9age. Sur la rocade, des syndicalistes de la CGT op\u00e8rent un barrage filtrant au niveau du carrefour de la patinoire. \u00c0 <strong>Ch\u00e2tellerault<\/strong>, le lyc\u00e9e Berthelot est bloqu\u00e9.<\/li>\n<\/ul>\n<p><strong>7\u00a0h\u00a055.<\/strong> Retour en <strong>Indre-et-Loire<\/strong>, \u00e0 <strong>Loches<\/strong>\u00a0: le blocage partiel du lyc\u00e9e g\u00e9n\u00e9ral et technologique Th\u00e9r\u00e8se-Planiol a d\u00e9marr\u00e9 avec une poign\u00e9e de lyc\u00e9ens mobilis\u00e9s et de quelques soutiens ext\u00e9rieurs en pr\u00e9sence de gendarmes. La proviseure \u00e9tait pr\u00e9sente quelques minutes sur place avant de rediriger les \u00e9l\u00e8ves qui voulaient emprunter une autre entr\u00e9e du lyc\u00e9e.<\/p>\n<p><strong>7\u00a0h\u00a050.<\/strong> Dans la <strong>Vienne<\/strong>, \u00e0 <strong>Ch\u00e2tellerault<\/strong>, le lyc\u00e9e Marcelin-Berthelot, en centre-ville, est bloqu\u00e9. Aucun \u00e9l\u00e8ve ne peut entrer dans l\u2019\u00e9tablissement, les acc\u00e8s ont \u00e9t\u00e9 entrav\u00e9s. Environ 70 manifestants, majoritairement des lyc\u00e9ens, sont post\u00e9s devant les grilles, dans le calme.<\/p>\n<p><img alt=\"\u00c0 Poitiers, la CGT a mis en place un barrage filtrant sur le carrefour de la patinoire.\" loading=\"lazy\" width=\"980\" height=\"573\" decoding=\"async\" data-nimg=\"1\" class=\"img-responsive spinner-show\" style=\"color:transparent;background-size:cover;background-position:50% 50%;background-repeat:no-repeat;background-image:url(&quot;data:image\/svg+xml;charset=utf-8,%3Csvg xmlns='http:\/\/www.w3.org\/2000\/svg' viewBox='0 0 980 573'%3E%3Cfilter id='b' color-interpolation-filters='sRGB'%3E%3CfeGaussianBlur stdDeviation='20'\/%3E%3CfeColorMatrix values='1 0 0 0 0 0 1 0 0 0 0 0 1 0 0 0 0 0 100 -1' result='s'\/%3E%3CfeFlood x='0' y='0' width='100%25' height='100%25'\/%3E%3CfeComposite operator='out' in='s'\/%3E%3CfeComposite in2='SourceGraphic'\/%3E%3CfeGaussianBlur stdDeviation='20'\/%3E%3C\/filter%3E%3Cimage width='100%25' height='100%25' x='0' y='0' preserveAspectRatio='none' style='filter: url(%23b);' href='https:\/\/images.lanouvellerepublique.fr\/image\/upload\/t_88w\/f_auto\/68c116a5c4c92b7b388b45a7.jpg'\/%3E%3C\/svg%3E&quot;)\"   src=\"https:\/\/www.europesays.com\/fr\/wp-content\/uploads\/2025\/09\/68c116a5c4c92b7b388b45a7.jpg\"\/><\/p>\n<p style=\"background-color:#F2F2F2;padding:5px;margin-top:0px;margin-bottom:10px\">\u00c0 Poitiers, la CGT a mis en place un barrage filtrant sur le carrefour de la patinoire.<br \/> \u00a9 Photo NR, Mathieu Herduin<\/p>\n<p><strong>7\u00a0h\u00a048.<\/strong> \u00c0 <strong>Limalonges<\/strong>, dans les <strong>Deux-S\u00e8vres<\/strong> pr\u00e8s du centre routier de la route nationale 10, entre Sauz\u00e9-Vaussais et Civray (Vienne), des manifestants se positionnent sur le rond-point des Maisons-Blanches. Ils sont au nombre d\u2019une quinzaine vers 7\u00a0h\u00a030, avec l\u2019intention de mettre en place un barrage filtrant.<\/p>\n<p><strong>7\u00a0h\u00a045.<\/strong> Du c\u00f4t\u00e9 de <strong>Tours<\/strong>, au rond-point Saint-Sauveur, une quarantaine de manifestants distribuent des tracts. Ils freinent la circulation \u00e0 tous les acc\u00e8s. Cela cr\u00e9e des bouchons et suscite des crispations. \u00ab\u00a0Si vous, vous ne travaillez pas, moi je travaille\u00a0\u00bb, vient de lancer un automobiliste en repartant en trombe.<\/p>\n<p><strong>7\u00a0h\u00a043.<\/strong> \u00c0 <strong>Poitiers<\/strong>, la CGT a r\u00e9uni une cinquantaine de ses membres dans le quartier des Couronneries en marge du blocage organis\u00e9 \u00e0 Poitiers-sud. Ils envisagent de bloquer le carrefour de la patinoire en soutien du mouvement.<\/p>\n<p><strong>7\u00a0h\u00a040.<\/strong> Et dans le reste du pays\u00a0? Suivez l\u2019ampleur de la mobilisation un peu partout en France dans notre direct consacr\u00e9 au blocage \u00e0 l\u2019\u00e9chelle nationale\u00a0:<\/p>\n<p><strong>7\u00a0h\u00a037.<\/strong>\u00a0Premi\u00e8re action en cours au Leclerc de <strong>Niort<\/strong>. Sur une proposition de la CGT, les manifestants r\u00e9cup\u00e8rent les caddies pour bloquer l\u2019entr\u00e9e du centre commercial.<\/p>\n<p><img alt=\"\u00c0 Niort, les manifestants bloquent le centre commercial Leclerc \u00e0 l\u2019aide de caddies.\" loading=\"lazy\" width=\"980\" height=\"573\" decoding=\"async\" data-nimg=\"1\" class=\"img-responsive spinner-show\" style=\"color:transparent;background-size:cover;background-position:50% 50%;background-repeat:no-repeat;background-image:url(&quot;data:image\/svg+xml;charset=utf-8,%3Csvg xmlns='http:\/\/www.w3.org\/2000\/svg' viewBox='0 0 980 573'%3E%3Cfilter id='b' color-interpolation-filters='sRGB'%3E%3CfeGaussianBlur stdDeviation='20'\/%3E%3CfeColorMatrix values='1 0 0 0 0 0 1 0 0 0 0 0 1 0 0 0 0 0 100 -1' result='s'\/%3E%3CfeFlood x='0' y='0' width='100%25' height='100%25'\/%3E%3CfeComposite operator='out' in='s'\/%3E%3CfeComposite in2='SourceGraphic'\/%3E%3CfeGaussianBlur stdDeviation='20'\/%3E%3C\/filter%3E%3Cimage width='100%25' height='100%25' x='0' y='0' preserveAspectRatio='none' style='filter: url(%23b);' href='https:\/\/images.lanouvellerepublique.fr\/image\/upload\/t_88w\/f_auto\/68c1119bc4c92bbd2e8b456f.jpg'\/%3E%3C\/svg%3E&quot;)\"   src=\"https:\/\/www.europesays.com\/fr\/wp-content\/uploads\/2025\/09\/68c1119bc4c92bbd2e8b456f.jpg\"\/><\/p>\n<p style=\"background-color:#F2F2F2;padding:5px;margin-top:0px;margin-bottom:10px\">\u00c0 Niort, les manifestants bloquent le centre commercial Leclerc \u00e0 l\u2019aide de caddies.<br \/> \u00a9 Photo NR, Jean-Andr\u00e9 Boutier<\/p>\n<p><strong>7\u00a0h\u00a035.<\/strong> \u00c0 <strong>Blois<\/strong>, une quinzaine de manifestants du NPA a tent\u00e9 de bloquer le lyc\u00e9e Dessaignes. Une action avort\u00e9e puisque des jeunes lyc\u00e9ens passent aujourd\u2019hui les rattrapages du baccalaur\u00e9at dans cet \u00e9tablissement.<\/p>\n<p><strong>7\u00a0h\u00a032.<\/strong>\u00a0Rue Origet, \u00e0 <strong>Tours<\/strong>, le blocage du lyc\u00e9e Balzac se renforce\u00a0: des jeunes obstruent l\u2019entr\u00e9e sud de l\u2019\u00e9tablissement. Dans la soir\u00e9e de lundi, la direction avait pr\u00e9venu les parents du mouvement, les incitant \u00e0 ne pas \u00ab\u00a0envoyer\u00a0\u00bb leurs enfants au lyc\u00e9e \u00ab\u00a0par s\u00e9curit\u00e9\u00a0\u00bb.<\/p>\n<p><img alt=\"\u00c0 Tours, le blocage du lyc\u00e9e Balzac s\u2019organise.\" loading=\"lazy\" width=\"980\" height=\"573\" decoding=\"async\" data-nimg=\"1\" class=\"img-responsive spinner-show\" style=\"color:transparent;background-size:cover;background-position:50% 50%;background-repeat:no-repeat;background-image:url(&quot;data:image\/svg+xml;charset=utf-8,%3Csvg xmlns='http:\/\/www.w3.org\/2000\/svg' viewBox='0 0 980 573'%3E%3Cfilter id='b' color-interpolation-filters='sRGB'%3E%3CfeGaussianBlur stdDeviation='20'\/%3E%3CfeColorMatrix values='1 0 0 0 0 0 1 0 0 0 0 0 1 0 0 0 0 0 100 -1' result='s'\/%3E%3CfeFlood x='0' y='0' width='100%25' height='100%25'\/%3E%3CfeComposite operator='out' in='s'\/%3E%3CfeComposite in2='SourceGraphic'\/%3E%3CfeGaussianBlur stdDeviation='20'\/%3E%3C\/filter%3E%3Cimage width='100%25' height='100%25' x='0' y='0' preserveAspectRatio='none' style='filter: url(%23b);' href='https:\/\/images.lanouvellerepublique.fr\/image\/upload\/t_88w\/f_auto\/68c10fcbfc368775198b45a7.jpg'\/%3E%3C\/svg%3E&quot;)\"   src=\"https:\/\/www.europesays.com\/fr\/wp-content\/uploads\/2025\/09\/68c10fcbfc368775198b45a7.jpg\"\/><\/p>\n<p style=\"background-color:#F2F2F2;padding:5px;margin-top:0px;margin-bottom:10px\">\u00c0 Tours, le blocage du lyc\u00e9e Balzac s\u2019organise.<br \/> \u00a9 Photo NR, Julien Coquet<\/p>\n<p><strong>7\u00a0h\u00a030.<\/strong>\u00a0Quelle ambiance \u00e0 <strong>Niort<\/strong>\u00a0? D\u2019anciens Gilets jaunes, des syndicalistes et des familles se c\u00f4toient ce matin sur la zone Mend\u00e8s-France, dans une ambiance sereine. Les discussions portent sur le quotidien, le pouvoir d\u2019achat et la r\u00e9cente <a target=\"_self\" href=\"https:\/\/www.lanouvellerepublique.fr\/a-la-une\/chute-de-francois-bayrou-sebastien-lecornu-nomme-premier-ministre-1757440839\" rel=\"noopener\">nomination de S\u00e9bastien Lecornu au poste de premier ministre<\/a>. Les manifestants sont rassembl\u00e9s sur le rond-point en attendant le d\u00e9but de l\u2019assembl\u00e9e g\u00e9n\u00e9rale. Deux tracteurs de la Conf\u00e9d\u00e9ration paysanne viennent d\u2019arriver sous les applaudissements. Ils sont environ 200 \u00e0 attendre avec impatience que le jour se l\u00e8ve.<\/p>\n<p><strong>7\u00a0h\u00a025.<\/strong> Retour \u00e0 <strong>Poitiers<\/strong>\u00a0: la barri\u00e8re de p\u00e9age de Poitiers-sud est partiellement bloqu\u00e9e depuis quelques minutes par une trentaine de manifestants. Les barri\u00e8res ont \u00e9t\u00e9 enlev\u00e9es. Une seule voie de circulation est possible pour la sortie.<\/p>\n<p><strong>7\u00a0h\u00a020.<\/strong>\u00a0\u00c0 <strong>Melle<\/strong>, dans les <strong>Deux-S\u00e8vres<\/strong>, une trentaine de manifestants sont install\u00e9s sur le rond-point de la Colonne, o\u00f9 un barrage filtrant est mis en place, au moyen de palettes, pneus et morceaux de grillage. Des gendarmes sont pr\u00e9sents sur place, il n\u2019y a pas d\u2019incident. Un taureau de 5\u00a0ans, Rosbif, a \u00e9t\u00e9 amen\u00e9 sur le rond-point. Peu avant 7\u00a0h, une assembl\u00e9e g\u00e9n\u00e9rale s\u2019est tenue\u00a0: les manifestants, qui entendent rester sur place toute la journ\u00e9e, ont d\u00e9cid\u00e9 de bloquer trois des quatre voies du rond-point (routes de Brioux, Sauz\u00e9 et Poitiers), lib\u00e9rant le passage toutes les trois minutes. Ils vont aller \u00e0 la rencontre des conducteurs pour leur expliquer le mouvement et les inviter \u00e0 descendre prendre un caf\u00e9.<\/p>\n<p><img alt=\"\u00c0 Melle, une trentaine de manifestants occupent le rond-point de la Colonne.\" loading=\"lazy\" width=\"980\" height=\"573\" decoding=\"async\" data-nimg=\"1\" class=\"img-responsive spinner-show\" style=\"color:transparent;background-size:cover;background-position:50% 50%;background-repeat:no-repeat;background-image:url(&quot;data:image\/svg+xml;charset=utf-8,%3Csvg xmlns='http:\/\/www.w3.org\/2000\/svg' viewBox='0 0 980 573'%3E%3Cfilter id='b' color-interpolation-filters='sRGB'%3E%3CfeGaussianBlur stdDeviation='20'\/%3E%3CfeColorMatrix values='1 0 0 0 0 0 1 0 0 0 0 0 1 0 0 0 0 0 100 -1' result='s'\/%3E%3CfeFlood x='0' y='0' width='100%25' height='100%25'\/%3E%3CfeComposite operator='out' in='s'\/%3E%3CfeComposite in2='SourceGraphic'\/%3E%3CfeGaussianBlur stdDeviation='20'\/%3E%3C\/filter%3E%3Cimage width='100%25' height='100%25' x='0' y='0' preserveAspectRatio='none' style='filter: url(%23b);' href='https:\/\/images.lanouvellerepublique.fr\/image\/upload\/t_88w\/f_auto\/68c10b8fc4c92b33148b4571.jpg'\/%3E%3C\/svg%3E&quot;)\"   src=\"https:\/\/www.europesays.com\/fr\/wp-content\/uploads\/2025\/09\/68c10b8fc4c92b33148b4571.jpg\"\/><\/p>\n<p style=\"background-color:#F2F2F2;padding:5px;margin-top:0px;margin-bottom:10px\">\u00c0 Melle, une trentaine de manifestants occupent le rond-point de la Colonne.<br \/> \u00a9 Photo cor. NR, Didier Darrigrand<\/p>\n<p><strong>7\u00a0h\u00a015.<\/strong> Du c\u00f4t\u00e9 de <strong>Tours<\/strong>, le blocus du lyc\u00e9e Balzac, rue d\u2019Entraigues, s\u2019organise depuis 6\u00a0h.\u00a0Palettes, poubelles, barri\u00e8res et grilles de chantier barrent l\u2019acc\u00e8s \u00e0 l\u2019\u00e9tablissement. Une cinquantaine de personnes sont pr\u00e9sentes, notamment derri\u00e8re des drapeaux \u00ab\u00a0Jeunes communistes\u00a0\u00bb et \u00ab\u00a0Solidaires\u00a0\u00bb<\/p>\n<p><strong>7\u00a0h\u00a010.<\/strong>\u00a0\u00c0 <strong>Blois<\/strong>, les manifestants s\u2019\u00e9taient donn\u00e9 rendez-vous \u00e0 6\u00a0h devant la pr\u00e9fecture\u00a0: ils \u00e9taient une dizaine \u00e0 6\u00a0h\u00a010, une quarantaine \u00e0 7\u00a0h. Trois patrouilles de police, d\u00e9j\u00e0 sur place, ont proc\u00e9d\u00e9 \u00e0 des contr\u00f4les d\u2019identit\u00e9 et \u00e0 une v\u00e9rification des sacs \u00e0 dos. Les Bl\u00e9sois se sont finalement regroup\u00e9s pour \u00e9changer une vingtaine de minutes et discuter des actions \u00e0 mener\u00a0: bloquer la gare, un centre commercial, une station Total, mener une op\u00e9ration escargot sur la voie rapide, occuper un rond-point\u00a0? Apr\u00e8s avoir vot\u00e9, la majorit\u00e9 a d\u00e9cid\u00e9 d\u2019aller bloquer le rond-point du Leclerc, rue du bout des haies, au nord de la ville.<\/p>\n<p><img alt=\"\u00c0 Blois, les manifestants ont d\u00e9cid\u00e9 de bloquer le rond-point du Leclerc.\" loading=\"lazy\" width=\"980\" height=\"573\" decoding=\"async\" data-nimg=\"1\" class=\"img-responsive spinner-show\" style=\"color:transparent;background-size:cover;background-position:50% 50%;background-repeat:no-repeat;background-image:url(&quot;data:image\/svg+xml;charset=utf-8,%3Csvg xmlns='http:\/\/www.w3.org\/2000\/svg' viewBox='0 0 980 573'%3E%3Cfilter id='b' color-interpolation-filters='sRGB'%3E%3CfeGaussianBlur stdDeviation='20'\/%3E%3CfeColorMatrix values='1 0 0 0 0 0 1 0 0 0 0 0 1 0 0 0 0 0 100 -1' result='s'\/%3E%3CfeFlood x='0' y='0' width='100%25' height='100%25'\/%3E%3CfeComposite operator='out' in='s'\/%3E%3CfeComposite in2='SourceGraphic'\/%3E%3CfeGaussianBlur stdDeviation='20'\/%3E%3C\/filter%3E%3Cimage width='100%25' height='100%25' x='0' y='0' preserveAspectRatio='none' style='filter: url(%23b);' href='https:\/\/images.lanouvellerepublique.fr\/image\/upload\/t_88w\/f_auto\/68c107aa7ed410b54e8b45fe.jpg'\/%3E%3C\/svg%3E&quot;)\"   src=\"https:\/\/www.europesays.com\/fr\/wp-content\/uploads\/2025\/09\/68c107aa7ed410b54e8b45fe.jpg\"\/><\/p>\n<p style=\"background-color:#F2F2F2;padding:5px;margin-top:0px;margin-bottom:10px\">\u00c0 Blois, les manifestants ont d\u00e9cid\u00e9 de bloquer le rond-point du Leclerc.<br \/> \u00a9 Photo NR, Thomas Langeard<\/p>\n<p><strong>7\u00a0h\u00a005.<\/strong>\u00a0\u00c0 <strong>Niort<\/strong>, aucune perturbation n\u2019est \u00e0 signaler ce matin au niveau du rond-point de la zone Mend\u00e8s France. En revanche, le parking de la zone commerciale se remplit progressivement. Une centaine de manifestants y patientent d\u00e9j\u00e0. Les forces de l\u2019ordre ont pris la parole pour rappeler les consignes de s\u00e9curit\u00e9\u00a0: \u00ab\u00a0Je ne connais pas votre parcours, je ne sais pas o\u00f9 vous allez, mais je vous invite \u00e0 porter des chasubles, au moins en t\u00eate et en queue de cort\u00e8ge, pour rester visibles dans la nuit. L\u2019objectif, c\u2019est que vous soyez arriv\u00e9s en bonne sant\u00e9\u2026 et que vous repartiez de m\u00eame.\u00a0\u00bb<\/p>\n<p><strong>7\u00a0h.<\/strong>\u00a0\u00c0 <strong>Poitiers-sud<\/strong>, le rond-point est bloqu\u00e9 par des palettes et des grilles depuis 5\u00a0h\u00a040. Plus d\u2019une centaine de manifestants sont pr\u00e9sents, dont beaucoup de syndicalistes et de jeunes. L\u2019ambiance est d\u00e9tendue, quelques-uns sont masqu\u00e9s. Deux policiers sont venus constater le blocage sans intervenir. Dans le bouchon d\u2019automobilistes qui se forme, il y a un peu d\u2019agacement mais aussi des gestes de solidarit\u00e9 avec le mouvement.<\/p>\n<p><strong>6\u00a0h\u00a045.<\/strong>\u00a0C\u2019est le grand jour pour le mouvement \u00ab\u00a0Bloquons tout\u00a0\u00bb. Annonc\u00e9 il y a plusieurs semaines et assez impr\u00e9visible, le rendez-vous de ce mercredi 10\u00a0septembre 2025 va concentrer tous les regards\u00a0: des militants traditionnels, des partis politiques, du gouvernement et des citoyens.<\/p>\n<p><strong>\u00c0 quoi s\u2019attendre\u00a0?<\/strong> Difficile de pr\u00e9dire l\u2019ampleur de ce mouvement qui sort du cadre habituel des mobilisations syndicales, mais nos journalistes ont sond\u00e9 le terrain lors des derni\u00e8res assembl\u00e9es g\u00e9n\u00e9rales. Des blocages de sites strat\u00e9giques \u00e0 la gr\u00e8ve de la carte bleue, voici ce qu\u2019il faut retenir pour chaque d\u00e9partement\u00a0:<\/p>\n<p>&gt; <a title=\"Lien vers notre article Mouvement du 10 septembre dans l\u2019Indre : vers une mobilisation tr\u00e8s incertaine\" target=\"_self\" href=\"https:\/\/www.lanouvellerepublique.fr\/chateauroux\/mouvement-du-10-septembre-dans-l-indre-vers-une-mobilisation-tres-incertaine-1756391390\" rel=\"noopener\">Indre\u00a0: vers une mobilisation tr\u00e8s incertaine<\/a><\/p>\n<p>&gt; <a title=\"Lien vers notre article Mobilisation du 10 septembre : les actions annonc\u00e9es en Indre-et-Loire\" target=\"_self\" href=\"https:\/\/www.lanouvellerepublique.fr\/tours\/mobilisation-du-10-septembre-les-actions-annoncees-en-indre-et-loire-1757100137\" rel=\"noopener\">Indre-et-Loire\u00a0: les actions annonc\u00e9es<\/a><\/p>\n<p>&gt; <a title=\"Lien vers notre article \u00ab Bloquons tout \u00bb : \u00e0 quoi faut-il s\u2019attendre le 10 septembre en Loir-et-Cher ?\" target=\"_self\" href=\"https:\/\/www.lanouvellerepublique.fr\/blois\/bloquons-tout-a-quoi-faut-il-s-attendre-le-10-septembre-en-loir-et-cher-1757260984\" rel=\"noopener\">Loir-et-Cher\u00a0: \u00e0 quoi faut-il s\u2019attendre\u00a0?<\/a><\/p>\n<p>&gt; <a title=\"Lien vers notre article Mouvement \u00ab Bloquons tout \u00bb : quels blocages dans les Deux-S\u00e8vres le 10 septembre\" target=\"_self\" href=\"https:\/\/www.lanouvellerepublique.fr\/deux-sevres\/en-greve-et-dans-l-action-16-organisations-unies-pour-bloquons-tout-dans-les-deux-sevres-1757345857\" rel=\"noopener\">Deux-S\u00e8vres\u00a0: quels blocages le 10\u00a0septembre<\/a><\/p>\n<p>&gt; <a title=\"Lien vers notre article Vienne : des blocages pr\u00e9vus \u00e0 Poitiers, Ch\u00e2tellerault et Montmorillon, ce mercredi 10 septembre\" target=\"_self\" href=\"https:\/\/www.lanouvellerepublique.fr\/poitiers\/vienne-des-blocages-prevus-a-poitiers-chatellerault-et-montmorillon-ce-mercredi-10-septembre-1757424761\" rel=\"noopener\">Vienne\u00a0: des blocages pr\u00e9vus \u00e0 Poitiers, Ch\u00e2tellerault et Montmorillon<\/a><\/p>\n<p><strong>Pourquoi se mobilisent-ils\u00a0?<\/strong> De ce que nous avons pu constater lors des assembl\u00e9es auxquelles nous nous sommes rendus, la col\u00e8re sur laquelle repose le mouvement est multiple. Si elle a pour point de d\u00e9part les annonces budg\u00e9taires du premier ministre d\u00e9missionnaire Fran\u00e7ois Bayrou, elle d\u00e9coule notamment de la d\u00e9gradation des acquis sociaux et d\u2019une augmentation de la pr\u00e9carit\u00e9, mais aussi du sentiment de d\u00e9connexion de la classe politique et d\u2019une r\u00e9partition jug\u00e9e injuste des richesses.<\/p>\n<p><strong>Qui se mobilise\u00a0?<\/strong> Le mouvement reste n\u00e9buleux mais il semble regrouper des \u00e9lectrons libres penchant souvent \u00e0 gauche, d\u2019anciens Gilets jaunes, ainsi que des militants politiques et syndicalistes. D\u2019un point de vue un peu plus sociologique, le directeur de l\u2019Observatoire de l\u2019opinion de l\u2019institut Jean-Jaur\u00e8s, Antoine Bristielle, brosse le portrait d\u2019une mobilisation plut\u00f4t jeune, masculine, dipl\u00f4m\u00e9e et politis\u00e9e \u00e0 gauche, issue des petites et moyennes villes, et principalement organis\u00e9e autour de l\u2019application de messagerie Telegram.<\/p>\n<p><img alt=\"Un chercheur a men\u00e9 l\u2019\u00e9tude pour savoir quels Fran\u00e7ais participaient \u00e0 l\u2019organisation du mouvement \u00ab\u00a0Bloquons tout\u00a0\u00bb.\" loading=\"lazy\" width=\"980\" height=\"573\" decoding=\"async\" data-nimg=\"1\" class=\"img-responsive spinner-show\" style=\"color:transparent;background-size:cover;background-position:50% 50%;background-repeat:no-repeat;background-image:url(&quot;data:image\/svg+xml;charset=utf-8,%3Csvg xmlns='http:\/\/www.w3.org\/2000\/svg' viewBox='0 0 980 573'%3E%3Cfilter id='b' color-interpolation-filters='sRGB'%3E%3CfeGaussianBlur stdDeviation='20'\/%3E%3CfeColorMatrix values='1 0 0 0 0 0 1 0 0 0 0 0 1 0 0 0 0 0 100 -1' result='s'\/%3E%3CfeFlood x='0' y='0' width='100%25' height='100%25'\/%3E%3CfeComposite operator='out' in='s'\/%3E%3CfeComposite in2='SourceGraphic'\/%3E%3CfeGaussianBlur stdDeviation='20'\/%3E%3C\/filter%3E%3Cimage width='100%25' height='100%25' x='0' y='0' preserveAspectRatio='none' style='filter: url(%23b);' href='https:\/\/images.lanouvellerepublique.fr\/image\/upload\/t_88w\/f_auto\/68c107aa8f1cd28b048b45e7.jpg'\/%3E%3C\/svg%3E&quot;)\"   src=\"https:\/\/www.europesays.com\/fr\/wp-content\/uploads\/2025\/09\/68c107aa8f1cd28b048b45e7.jpg\"\/><\/p>\n<p style=\"background-color:#F2F2F2;padding:5px;margin-top:0px;margin-bottom:10px\">Un chercheur a men\u00e9 l\u2019\u00e9tude pour savoir quels Fran\u00e7ais participaient \u00e0 l\u2019organisation du mouvement \u00ab\u00a0Bloquons tout\u00a0\u00bb.<br \/> \u00a9 Infographie NR<\/p>\n<p><strong>D\u2019o\u00f9 vient le mouvement\u00a0?<\/strong> N\u00e9 cet \u00e9t\u00e9 sur les r\u00e9seaux sociaux, il n\u2019a pas soulev\u00e9 d\u2019engouement imm\u00e9diat mais, au fil des semaines, il a finalement ralli\u00e9 le soutien de plusieurs syndicats et gagn\u00e9 la sympathie d\u2019une majeure partie de la gauche, de La France insoumise au Parti socialiste.<\/p>\n<p><strong>Et la suite\u00a0?<\/strong> L\u00e0 encore, il n\u2019est pas ais\u00e9 de pr\u00e9dire la dur\u00e9e de la mobilisation. En plusieurs assembl\u00e9es citoyennes o\u00f9 nos journalistes se sont rendus, la possibilit\u00e9 d\u2019une poursuite imm\u00e9diate du mouvement a \u00e9t\u00e9 \u00e9voqu\u00e9e avec la perspective directe d\u2019assembl\u00e9es g\u00e9n\u00e9rales d\u00e8s ce soir pour d\u00e9cider coll\u00e9gialement d\u2019une potentielle suite.<\/p>\n<p><strong>Quid de la r\u00e9ponse du gouvernement\u00a0?<\/strong> Face \u00e0 ce mouvement impr\u00e9visible, le ministre de l&rsquo;Int\u00e9rieur, Bruno Retailleau, affiche la plus grande fermet\u00e9. Il a annonc\u00e9 la mobilisation de quelque 80.000 gendarmes et policiers et affirm\u00e9 qu\u2019aucune violence ne serait tol\u00e9r\u00e9e.<\/p>\n","protected":false},"excerpt":{"rendered":"Bienvenue dans ce direct. Il est assur\u00e9 par nos journalistes sur le terrain dans l\u2019Indre, en Indre-et-Loire, Loir-et-Cher,&hellip;\n","protected":false},"author":2,"featured_media":380985,"comment_status":"","ping_status":"","sticky":false,"template":"","format":"standard","meta":{"footnotes":""},"categories":[2],"tags":[328,1392,11,2545,1011,27,5052,1387,4368,12,316,801,1584],"class_list":{"0":"post-380984","1":"post","2":"type-post","3":"status-publish","4":"format-standard","5":"has-post-thumbnail","7":"category-actualites","8":"tag-a-la-une","9":"tag-a-la-une-local","10":"tag-actualites","11":"tag-deux-sevres","12":"tag-fr","13":"tag-france","14":"tag-indre","15":"tag-indre-et-loire","16":"tag-loir-et-cher","17":"tag-news","18":"tag-politique","19":"tag-social","20":"tag-vienne"},"share_on_mastodon":{"url":"https:\/\/pubeurope.com\/@fr\/115181667054108199","error":""},"_links":{"self":[{"href":"https:\/\/www.europesays.com\/fr\/wp-json\/wp\/v2\/posts\/380984","targetHints":{"allow":["GET"]}}],"collection":[{"href":"https:\/\/www.europesays.com\/fr\/wp-json\/wp\/v2\/posts"}],"about":[{"href":"https:\/\/www.europesays.com\/fr\/wp-json\/wp\/v2\/types\/post"}],"author":[{"embeddable":true,"href":"https:\/\/www.europesays.com\/fr\/wp-json\/wp\/v2\/users\/2"}],"replies":[{"embeddable":true,"href":"https:\/\/www.europesays.com\/fr\/wp-json\/wp\/v2\/comments?post=380984"}],"version-history":[{"count":0,"href":"https:\/\/www.europesays.com\/fr\/wp-json\/wp\/v2\/posts\/380984\/revisions"}],"wp:featuredmedia":[{"embeddable":true,"href":"https:\/\/www.europesays.com\/fr\/wp-json\/wp\/v2\/media\/380985"}],"wp:attachment":[{"href":"https:\/\/www.europesays.com\/fr\/wp-json\/wp\/v2\/media?parent=380984"}],"wp:term":[{"taxonomy":"category","embeddable":true,"href":"https:\/\/www.europesays.com\/fr\/wp-json\/wp\/v2\/categories?post=380984"},{"taxonomy":"post_tag","embeddable":true,"href":"https:\/\/www.europesays.com\/fr\/wp-json\/wp\/v2\/tags?post=380984"}],"curies":[{"name":"wp","href":"https:\/\/api.w.org\/{rel}","templated":true}]}}