{"id":380986,"date":"2025-09-10T19:30:17","date_gmt":"2025-09-10T19:30:17","guid":{"rendered":"https:\/\/www.europesays.com\/fr\/380986\/"},"modified":"2025-09-10T19:30:17","modified_gmt":"2025-09-10T19:30:17","slug":"la-fouillouse-mariage-felicitations-a-tiphaine-et-matthieu","status":"publish","type":"post","link":"https:\/\/www.europesays.com\/fr\/380986\/","title":{"rendered":"La Fouillouse | Mariage. F\u00e9licitations \u00e0 Tiphaine et Matthieu"},"content":{"rendered":"<p>Samedi 6\u00a0septembre \u00e0 14 heures, Tiphaine et Matthieu se sont dit le solennel \u00ab\u00a0oui\u00a0\u00bb.<\/p>\n<p>Tiphaine Gil, n\u00e9e en 1997, \u00e0 Firminy est m\u00e9decin h\u00e9pato gastro ent\u00e9rologue. Elle est la fille de Richard Gil, et de Catherine Bourlionne, domicili\u00e9s \u00e0 Saint-\u00c9tienne<\/p>\n<p>Matthieu Sevenier, n\u00e9 en 1994 \u00e0 Aubenas en Ard\u00e8che, est m\u00e9decin g\u00e9n\u00e9raliste. Il est le fils de Christophe Sevenier et de Corine Charavay, domicili\u00e9s \u00e0 Lavilledieu en Ard\u00e8che.<\/p>\n","protected":false},"excerpt":{"rendered":"Samedi 6\u00a0septembre \u00e0 14 heures, Tiphaine et Matthieu se sont dit le solennel \u00ab\u00a0oui\u00a0\u00bb. Tiphaine Gil, n\u00e9e en&hellip;\n","protected":false},"author":2,"featured_media":380987,"comment_status":"","ping_status":"","sticky":false,"template":"","format":"standard","meta":{"footnotes":""},"categories":[9653],"tags":[1111,11,2430,9223,7539,1777,674,1011,27,12296,1930,12,25,4001,9664,104],"class_list":{"0":"post-380986","1":"post","2":"type-post","3":"status-publish","4":"format-standard","5":"has-post-thumbnail","7":"category-saint-etienne","8":"tag-actu","9":"tag-actualites","10":"tag-auvergne-rhone-alpes","11":"tag-carnet-du-jour","12":"tag-edition-loire-sud","13":"tag-eu","14":"tag-europe","15":"tag-fr","16":"tag-france","17":"tag-la-fouillouse","18":"tag-mariage","19":"tag-news","20":"tag-republique-francaise","21":"tag-saint-etienne","22":"tag-saint-etienne-bassin","23":"tag-societe"},"share_on_mastodon":{"url":"https:\/\/pubeurope.com\/@fr\/115181667109229580","error":""},"_links":{"self":[{"href":"https:\/\/www.europesays.com\/fr\/wp-json\/wp\/v2\/posts\/380986","targetHints":{"allow":["GET"]}}],"collection":[{"href":"https:\/\/www.europesays.com\/fr\/wp-json\/wp\/v2\/posts"}],"about":[{"href":"https:\/\/www.europesays.com\/fr\/wp-json\/wp\/v2\/types\/post"}],"author":[{"embeddable":true,"href":"https:\/\/www.europesays.com\/fr\/wp-json\/wp\/v2\/users\/2"}],"replies":[{"embeddable":true,"href":"https:\/\/www.europesays.com\/fr\/wp-json\/wp\/v2\/comments?post=380986"}],"version-history":[{"count":0,"href":"https:\/\/www.europesays.com\/fr\/wp-json\/wp\/v2\/posts\/380986\/revisions"}],"wp:featuredmedia":[{"embeddable":true,"href":"https:\/\/www.europesays.com\/fr\/wp-json\/wp\/v2\/media\/380987"}],"wp:attachment":[{"href":"https:\/\/www.europesays.com\/fr\/wp-json\/wp\/v2\/media?parent=380986"}],"wp:term":[{"taxonomy":"category","embeddable":true,"href":"https:\/\/www.europesays.com\/fr\/wp-json\/wp\/v2\/categories?post=380986"},{"taxonomy":"post_tag","embeddable":true,"href":"https:\/\/www.europesays.com\/fr\/wp-json\/wp\/v2\/tags?post=380986"}],"curies":[{"name":"wp","href":"https:\/\/api.w.org\/{rel}","templated":true}]}}