{"id":380988,"date":"2025-09-10T19:31:32","date_gmt":"2025-09-10T19:31:32","guid":{"rendered":"https:\/\/www.europesays.com\/fr\/380988\/"},"modified":"2025-09-10T19:31:32","modified_gmt":"2025-09-10T19:31:32","slug":"un-magasin-carrefour-fracasse-par-des-manifestants-filmes","status":"publish","type":"post","link":"https:\/\/www.europesays.com\/fr\/380988\/","title":{"rendered":"un magasin Carrefour fracass\u00e9 par des manifestants film\u00e9s"},"content":{"rendered":"<p>            Par<br \/>\n        <strong><br \/>\n            <a href=\"https:\/\/actu.fr\/auteur\/julien-sournies\" title=\"Consulter tous les articles de Julien Sournies\" target=\"_blank\" rel=\"noopener\">Julien Sournies<\/a><br \/>\n        <\/strong><\/p>\n<p>        Publi\u00e9 le<\/p>\n<p>            10 sept. 2025 \u00e0 18h08        <\/p>\n<p>Tandis que les manifestations se voulaient \u00eatre principalement pacifistes, une poign\u00e9e de manifestants a commis des <strong>d\u00e9bordements<\/strong> en marge du mouvement \u00ab\u2009Bloquons tout\u2009\u00bb ce mercredi 10\u00a0septembre \u00e0 <a href=\"https:\/\/actu.fr\/auvergne-rhone-alpes\/saint-etienne_42218\" target=\"_blank\" rel=\"noopener\">Saint-\u00c9tienne<\/a>.<\/p>\n<p>Une manifestation sauvage<\/p>\n<p class=\" wall-content\">D\u2019abord r\u00e9unis sur le parvis de la gare de Saint-\u00c9tienne-Chateaucreux, les quelque 200 manifestants pr\u00e9sents d\u00e8s 8h30 ont entam\u00e9 une marche sauvage dans les rues du centre-ville de la capitale de la <a href=\"https:\/\/actu.fr\/auvergne-rhone-alpes\/loire_42\" target=\"_blank\" rel=\"noopener\">Loire<\/a>.<\/p>\n<p class=\" wall-content\">Sur le passage du cort\u00e8ge, certains manifestants ont pris pour cible des commerces, dont le magasin<strong> Carrefour City<\/strong> de la place Anatole-France, en t\u00e9moigne une vid\u00e9o partag\u00e9e par un internaute sur les r\u00e9seaux sociaux.<\/p>\n<p>    <a href=\"https:\/\/www.facebook.com\/plugins\/video.php?height=476&amp;href=https%3A%2F%2Fwww.facebook.com%2Fjean.joumard%2Fvideos%2F1908243956773596%2F&amp;show_text=false&amp;width=350&amp;t=0\" title=\"Ouvrie le lien\" target=\"_blank\" rel=\"noopener\">Cliquez ici pour visualiser le contenu<\/a><\/p>\n<p>D\u2019autres perturbations<\/p>\n<p class=\" wall-content\">En parall\u00e8le, dans la matin\u00e9e, des rassemblements ont par ailleurs eu lieu devant les lyc\u00e9es Etienne Mimard, Claude Fauriel et Honor\u00e9 d\u2019Urf\u00e9 ainsi que le campus Tr\u00e9filerie.<\/p>\n<p class=\" wall-content\">\n<p class=\" wall-content\">\u00c0 cela, pr\u00e8s de Saint-\u00c9tienne, quelques manifestants ont \u00e9galement <a href=\"https:\/\/actu.fr\/auvergne-rhone-alpes\/la-grand-croix_42103\/bloquons-tout-le-10-septembre-pagaille-sur-l-a47-pres-de-saint-etienne-ce-qu-il-s-est-passe_63138952.html\" target=\"_blank\" rel=\"noopener\">sem\u00e9 la pagaille sur l\u2019autoroute A47<\/a> en direction de Lyon. En effet, en raison d\u2019un incendie volontaire, la circulation a \u00e9t\u00e9 paralys\u00e9e plus de trente minutes \u00e0 hauteur de La Grand-Croix.<\/p>\n<p class=\" wall-content\">Personnalisez votre actualit\u00e9 en ajoutant vos villes et m\u00e9dias en favori avec <a href=\"https:\/\/moncompte.actu.fr\" title=\"D\u00e9couvez Mon Actu\" rel=\"nofollow noopener\" data-trk=\"{&quot;cta&quot;:{&quot;action&quot;:&quot;https:\\\/\\\/moncompte.actu.fr&quot;,&quot;category&quot;:&quot;mon compte&quot;,&quot;from&quot;:&quot;article footer&quot;,&quot;name&quot;:&quot;Mon actu&quot;,&quot;type&quot;:&quot;cta&quot;}}\" target=\"_blank\">Mon Actu<\/a>.<\/p>\n","protected":false},"excerpt":{"rendered":"Par Julien Sournies Publi\u00e9 le 10 sept. 2025 \u00e0 18h08 Tandis que les manifestations se voulaient \u00eatre principalement&hellip;\n","protected":false},"author":2,"featured_media":380989,"comment_status":"","ping_status":"","sticky":false,"template":"","format":"standard","meta":{"footnotes":""},"categories":[9653],"tags":[1111,11,2430,47212,1777,674,1011,27,1272,50957,12,25,4001,104],"class_list":{"0":"post-380988","1":"post","2":"type-post","3":"status-publish","4":"format-standard","5":"has-post-thumbnail","7":"category-saint-etienne","8":"tag-actu","9":"tag-actualites","10":"tag-auvergne-rhone-alpes","11":"tag-bloquons-tout","12":"tag-eu","13":"tag-europe","14":"tag-fr","15":"tag-france","16":"tag-manifestations","17":"tag-mouvement-du-10-septembre","18":"tag-news","19":"tag-republique-francaise","20":"tag-saint-etienne","21":"tag-societe"},"share_on_mastodon":{"url":"https:\/\/pubeurope.com\/@fr\/115181668521192638","error":""},"_links":{"self":[{"href":"https:\/\/www.europesays.com\/fr\/wp-json\/wp\/v2\/posts\/380988","targetHints":{"allow":["GET"]}}],"collection":[{"href":"https:\/\/www.europesays.com\/fr\/wp-json\/wp\/v2\/posts"}],"about":[{"href":"https:\/\/www.europesays.com\/fr\/wp-json\/wp\/v2\/types\/post"}],"author":[{"embeddable":true,"href":"https:\/\/www.europesays.com\/fr\/wp-json\/wp\/v2\/users\/2"}],"replies":[{"embeddable":true,"href":"https:\/\/www.europesays.com\/fr\/wp-json\/wp\/v2\/comments?post=380988"}],"version-history":[{"count":0,"href":"https:\/\/www.europesays.com\/fr\/wp-json\/wp\/v2\/posts\/380988\/revisions"}],"wp:featuredmedia":[{"embeddable":true,"href":"https:\/\/www.europesays.com\/fr\/wp-json\/wp\/v2\/media\/380989"}],"wp:attachment":[{"href":"https:\/\/www.europesays.com\/fr\/wp-json\/wp\/v2\/media?parent=380988"}],"wp:term":[{"taxonomy":"category","embeddable":true,"href":"https:\/\/www.europesays.com\/fr\/wp-json\/wp\/v2\/categories?post=380988"},{"taxonomy":"post_tag","embeddable":true,"href":"https:\/\/www.europesays.com\/fr\/wp-json\/wp\/v2\/tags?post=380988"}],"curies":[{"name":"wp","href":"https:\/\/api.w.org\/{rel}","templated":true}]}}