{"id":380996,"date":"2025-09-10T19:38:11","date_gmt":"2025-09-10T19:38:11","guid":{"rendered":"https:\/\/www.europesays.com\/fr\/380996\/"},"modified":"2025-09-10T19:38:11","modified_gmt":"2025-09-10T19:38:11","slug":"deux-centres-speedy-une-enseigne-elue-meilleur-service-client","status":"publish","type":"post","link":"https:\/\/www.europesays.com\/fr\/380996\/","title":{"rendered":"deux centres Speedy, une enseigne \u00e9lue meilleur Service client"},"content":{"rendered":"<p>            Par<br \/>\n        <strong><br \/>\n            <a href=\"https:\/\/actu.fr\/auteur\/metropoop\" title=\"Consulter tous les articles de R\u00e9daction M\u00e9tropolitain\" rel=\"nofollow noopener\" target=\"_blank\">R\u00e9daction M\u00e9tropolitain<\/a><br \/>\n        <\/strong><\/p>\n<p>        Publi\u00e9 le<\/p>\n<p>            10 sept. 2025 \u00e0 20h35        <\/p>\n<p><strong>Speedy France<\/strong> poursuit son d\u00e9veloppement \u00e0 <strong>Montpellier<\/strong> avec la reprise en franchise d\u2019un centre et l\u2019ouverture d\u2019un nouveau.<\/p>\n<p class=\" wall-content\">Les centres sont tenus par Alexandre Dessain, entrepreneur depuis 2009 qui a cr\u00e9\u00e9 et g\u00e9r\u00e9 plusieurs soci\u00e9t\u00e9s sous l\u2019enseigne Ecolustr, sp\u00e9cialis\u00e9es dans le nettoyage automobile pour particuliers et professionnels, principalement aupr\u00e8s des concessionnaires en Occitanie. Il a ensuite d\u00e9velopp\u00e9 son activit\u00e9 avec la gestion de plusieurs structures r\u00e9parties sur Perpignan, Narbonne, <strong>B\u00e9ziers<\/strong>, Carcassonne et Montpellier. Fort de cette exp\u00e9rience en cr\u00e9ation et d\u00e9veloppement d\u2019entreprises dans le secteur automobile, il choisit en 2025 de rejoindre le r\u00e9seau Speedy, afin de dynamiser les centres de Montpellier, \u00e9largir son offre de services et d\u00e9velopper de nouvelles activit\u00e9s pour ses clients.<\/p>\n<p>    <a href=\"https:\/\/www.google.com\/maps\/embed?pb=!1m18!1m12!1m3!1d4518.276881179509!2d3.8630472473772968!3d43.59809356780209!2m3!1f0!2f0!3f0!3m2!1i1024!2i768!4f13.1!3m3!1m2!1s0x12b6ae4c9586ac69%3A0x67afdae8152383a!2sSpeedy!5e0!3m2!1sfr!2sfr!4v1757522110295!5m2!1sfr!2sfr\" title=\"Ouvrie le lien\" rel=\"nofollow noopener\" target=\"_blank\">Cliquez ici pour visualiser le contenu<\/a><\/p>\n<p>Le centre Speedy avenue de Toulouse<\/p>\n<p class=\" wall-content\">Le centre Speedy de l\u2019avenue de Toulouse a ouvert en succursale en 1987, puis a \u00e9t\u00e9 repris en franchise depuis le 17 juin 2025. Trois personnes travaillent au sein de ce centre de 380 m\u00b2 qui dispose de trois ponts : J\u00e9r\u00f4me, chef de centre de ce site depuis 2011, accompagn\u00e9 de Mathieu et de Jean Fran\u00e7ois, deux collaborateurs exp\u00e9riment\u00e9s. Des travaux ont d\u00e9j\u00e0 \u00e9t\u00e9 r\u00e9alis\u00e9s avec le remplacement de la fa\u00e7ade et du mobilier d\u2019accueil au nouveau concept Speedy.<\/p>\n<p>Le nouveau centre Speedy avenue du Mas d\u2019Argelliers<\/p>\n<p class=\" wall-content\">Quatre personnes travaillent au sein de ce nouveau centre de 600 m\u00b2, dans le quartier des Pr\u00e8s d\u2019Ar\u00e8nes, auquel s\u2019ajoute un \u00e9tage de stockage pour les pneus en gardiennage. L\u2019\u00e9tablissement dispose de cinq ponts, ainsi que d\u2019un emplacement d\u00e9di\u00e9 au vitrage. Des travaux sont pr\u00e9vus pour r\u00e9nover l\u2019accueil client et installer le nouveau mobilier.<\/p>\n<p>Vid\u00e9os : en ce moment sur Actu<br \/>\n    <a href=\"https:\/\/www.google.com\/maps\/embed?pb=!1m18!1m12!1m3!1d4614.177561448207!2d3.8883116146798895!3d43.58554620182673!2m3!1f0!2f0!3f0!3m2!1i1024!2i768!4f13.1!3m3!1m2!1s0x12b6afebb8a7a5e3%3A0xfef28d2f647d75e5!2sAv.%20du%20Mas%20d%27Argelliers%2C%2034000%20Montpellier!5e0!3m2!1sfr!2sfr!4v1757522264610!5m2!1sfr!2sfr\" title=\"Ouvrie le lien\" rel=\"nofollow noopener\" target=\"_blank\">Cliquez ici pour visualiser le contenu<\/a><\/p>\n<p class=\" wall-content\">L\u2019\u00e9quipe est compos\u00e9e de Pedro, qui assurait auparavant le recrutement dans les soci\u00e9t\u00e9s de M.Dessain et qui prend d\u00e9sormais la t\u00eate du centre, accompagn\u00e9 de Cyril et de Jean Charles, deux anciens collaborateurs de C\u00f4t\u00e9 Route et de Chaul, tous trois m\u00e9caniciens.\u00a0Avec ces deux centres, Speedy se rapproche de son objectif d\u2019\u00eatre pr\u00e9sent \u00e0 moins de 15 minutes de route de chaque Fran\u00e7ais.<\/p>\n<p>Votre r\u00e9gion, votre actu !<\/p>\n<p>Recevez chaque jour les infos qui comptent pour vous.<\/p>\n<p>\t<a href=\"https:\/\/actu.fr\/newsletter\" class=\"ac-btn ac-btn--corner ac-btn--medium ac-btn--blue800\" rel=\"nofollow noopener\" target=\"_blank\">S&rsquo;incrire<\/a><\/p>\n<p class=\" wall-content\">\u00ab\u00a0Les centres Speedy offrent une large gamme de services comprenant l\u2019entretien, la r\u00e9paration et le remplacement des pneus, des freins, des amortisseurs, des batteries, des essuie-glaces etc. Les techniciens qualifi\u00e9s de Speedy travaillent chaque jour pour garantir la s\u00e9curit\u00e9 et la performance optimale de chaque v\u00e9hicule et rendre la meilleure exp\u00e9rience client possible\u00a0\u00bb, souligne Alexandre Dessain. Speedy est pour la onzi\u00e8me ann\u00e9e cons\u00e9cutive \u00e9lu Service client de l\u2019ann\u00e9e en 2025. \u00a0Bref, \u00e7a roule bien pour Speedy !\u00a0<\/p>\n<p class=\" wall-content\">Personnalisez votre actualit\u00e9 en ajoutant vos villes et m\u00e9dias en favori avec <a href=\"https:\/\/moncompte.actu.fr\" title=\"D\u00e9couvez Mon Actu\" rel=\"nofollow noopener\" data-trk=\"{&quot;cta&quot;:{&quot;action&quot;:&quot;https:\\\/\\\/moncompte.actu.fr&quot;,&quot;category&quot;:&quot;mon compte&quot;,&quot;from&quot;:&quot;article footer&quot;,&quot;name&quot;:&quot;Mon actu&quot;,&quot;type&quot;:&quot;cta&quot;}}\" target=\"_blank\">Mon Actu<\/a>.<\/p>\n","protected":false},"excerpt":{"rendered":"Par R\u00e9daction M\u00e9tropolitain Publi\u00e9 le 10 sept. 2025 \u00e0 20h35 Speedy France poursuit son d\u00e9veloppement \u00e0 Montpellier avec&hellip;\n","protected":false},"author":2,"featured_media":380997,"comment_status":"","ping_status":"","sticky":false,"template":"","format":"standard","meta":{"footnotes":""},"categories":[9599],"tags":[1111,11,646,33,1777,674,1011,27,2208,12,2680,25],"class_list":{"0":"post-380996","1":"post","2":"type-post","3":"status-publish","4":"format-standard","5":"has-post-thumbnail","7":"category-montpellier","8":"tag-actu","9":"tag-actualites","10":"tag-automobile","11":"tag-economie","12":"tag-eu","13":"tag-europe","14":"tag-fr","15":"tag-france","16":"tag-montpellier","17":"tag-news","18":"tag-occitanie","19":"tag-republique-francaise"},"share_on_mastodon":{"url":"https:\/\/pubeurope.com\/@fr\/115181696120071951","error":""},"_links":{"self":[{"href":"https:\/\/www.europesays.com\/fr\/wp-json\/wp\/v2\/posts\/380996","targetHints":{"allow":["GET"]}}],"collection":[{"href":"https:\/\/www.europesays.com\/fr\/wp-json\/wp\/v2\/posts"}],"about":[{"href":"https:\/\/www.europesays.com\/fr\/wp-json\/wp\/v2\/types\/post"}],"author":[{"embeddable":true,"href":"https:\/\/www.europesays.com\/fr\/wp-json\/wp\/v2\/users\/2"}],"replies":[{"embeddable":true,"href":"https:\/\/www.europesays.com\/fr\/wp-json\/wp\/v2\/comments?post=380996"}],"version-history":[{"count":0,"href":"https:\/\/www.europesays.com\/fr\/wp-json\/wp\/v2\/posts\/380996\/revisions"}],"wp:featuredmedia":[{"embeddable":true,"href":"https:\/\/www.europesays.com\/fr\/wp-json\/wp\/v2\/media\/380997"}],"wp:attachment":[{"href":"https:\/\/www.europesays.com\/fr\/wp-json\/wp\/v2\/media?parent=380996"}],"wp:term":[{"taxonomy":"category","embeddable":true,"href":"https:\/\/www.europesays.com\/fr\/wp-json\/wp\/v2\/categories?post=380996"},{"taxonomy":"post_tag","embeddable":true,"href":"https:\/\/www.europesays.com\/fr\/wp-json\/wp\/v2\/tags?post=380996"}],"curies":[{"name":"wp","href":"https:\/\/api.w.org\/{rel}","templated":true}]}}