{"id":380998,"date":"2025-09-10T19:39:12","date_gmt":"2025-09-10T19:39:12","guid":{"rendered":"https:\/\/www.europesays.com\/fr\/380998\/"},"modified":"2025-09-10T19:39:12","modified_gmt":"2025-09-10T19:39:12","slug":"des-echaffourees-et-des-degradations-a-montpellier-lors-de-la-mobilisation-bloquons-tout","status":"publish","type":"post","link":"https:\/\/www.europesays.com\/fr\/380998\/","title":{"rendered":"des \u00e9chaffour\u00e9es et des d\u00e9gradations \u00e0 Montpellier lors de la mobilisation \u00ab\u00a0Bloquons tout\u00a0\u00bb"},"content":{"rendered":"<p>La pr\u00e9fecture de l&rsquo;H\u00e9rault a fait \u00e9tat de douze interpellations et de plusieurs d\u00e9gradations dans l&rsquo;agglom\u00e9ration montpelli\u00e8raine, ce mardi.<\/p>\n<p>Des heurts ont eu lieu dans les rues de Montpellier ce mardi, en marge de <a href=\"https:\/\/www.bfmtv.com\/politique\/gouvernement\/mobilisation-bloquons-tout-du-10-septembre-bruno-retailleau-annonce-une-tolerance-zero_AV-202509090564.html\" title=\"Mobilisation &quot;Bloquons tout&quot; du 10 septembre: Bruno Retailleau annonce &quot;une tol\u00e9rance z\u00e9ro&quot;\" class=\"internal_link\" rel=\"nofollow noopener\" target=\"_blank\">la mobilisation \u00ab\u00a0Bloquons tout\u00a0\u00bb<\/a>. La pr\u00e9fecture de l&rsquo;H\u00e9rault a fait savoir dans un communiqu\u00e9, publi\u00e9 sur X, des tensions qui ont \u00e9clat\u00e9 dans la ville, ainsi que l&rsquo;existence de plusieurs manifestations non d\u00e9clar\u00e9es.<\/p>\n<p>Les autorit\u00e9s polici\u00e8res ont interpell\u00e9 douze personnes sous plusieurs motifs, comme le port de masques, r\u00e9bellion ou entrave \u00e0 la circulation. Neuf personnes sont plac\u00e9es en garde \u00e0 vue et deux sont vis\u00e9es par une proc\u00e9dure de v\u00e9rification d&rsquo;identit\u00e9.<\/p>\n<p>Des projectiles et propos hostiles<\/p>\n<p>L&rsquo;avanc\u00e9e du cort\u00e8ge, compos\u00e9 de pr\u00e8s de 6.000 manifestants, a \u00e9t\u00e9 stopp\u00e9e par les forces de l&rsquo;ordre qui ont us\u00e9 de gaz lacrymog\u00e8ne pour les disperser, \u00ab\u00a0alors qu&rsquo;une partie de la foule, au visage dissimul\u00e9, scandait des propos hostiles \u00e0 la police et lan\u00e7ait des projectiles (bouteilles en verre notamment)\u00a0\u00bb.<\/p>\n<p>Un engin \u00e0 eau a \u00e9t\u00e9 utilis\u00e9 sur la Place de la Com\u00e9die. En d\u00e9but d&rsquo;apr\u00e8s-midi, peu avant 15 heures, il restait environ 1.500 personnes dans le secteur.<\/p>\n<p>Des \u00e9tablissements scolaires bloqu\u00e9s<\/p>\n<p>Lors de cette journ\u00e9e de mobilisation, plusieurs manifestations non d\u00e9clar\u00e9es se sont d\u00e9roul\u00e9es \u00e0 Montpellier.<\/p>\n<p>La pr\u00e9fecture note de nombreuses d\u00e9gradations, notamment des tags sur la devanture d&rsquo;une agence bancaire, un d\u00e9but d&rsquo;incendie sur un tractopelle, ainsi que des essuie-glaces arrach\u00e9s sur deux rames de tram.<\/p>\n<p>Durant la matin\u00e9e, des \u00e9tablissements scolaires ont \u00e9t\u00e9 enti\u00e8rement ou partiellement bloqu\u00e9s, avant que la situation ne revienne progressivement \u00e0 la normale. Seul le lyc\u00e9e Georges Cl\u00e9menceau \u00e9tait encore immobilis\u00e9 dans l&rsquo;apr\u00e8s-midi.<\/p>\n<p>L&rsquo;universit\u00e9 Paul Val\u00e9ry Montpellier 3 est quant \u00e0 elle partiellement bloqu\u00e9e.<\/p>\n<p>Plus de 700 agents de police<\/p>\n<p>\u00c0 l&rsquo;\u00e9chelle d\u00e9partementale, plusieurs op\u00e9rations de d\u00e9blocage ont eu lieu sur les routes. Dans la commune du Bosc, une op\u00e9ration escargot men\u00e9e sur l&rsquo;A75 a provoqu\u00e9 un accident, faisant un bless\u00e9 l\u00e9ger.<\/p>\n<p>La pr\u00e9fecture a d\u00e9ploy\u00e9 deux compagnies de CRS, un engin lanceur d&rsquo;eau et un h\u00e9licopt\u00e8re de la gendarmerie pour soutenir la Direction interd\u00e9partementale de la police nationale sur le terrain.<\/p>\n<p>Au total, plus de 750 policiers et gendarmes, et une centaine de sapeurs-pompiers, ont \u00e9t\u00e9 mobilis\u00e9s dans l&rsquo;H\u00e9rault sur cette journ\u00e9e du 10 septembre.<\/p>\n","protected":false},"excerpt":{"rendered":"La pr\u00e9fecture de l&rsquo;H\u00e9rault a fait \u00e9tat de douze interpellations et de plusieurs d\u00e9gradations dans l&rsquo;agglom\u00e9ration montpelli\u00e8raine, ce&hellip;\n","protected":false},"author":2,"featured_media":380999,"comment_status":"","ping_status":"","sticky":false,"template":"","format":"standard","meta":{"footnotes":""},"categories":[9599],"tags":[1111,11,1777,674,1011,27,2208,12,2680,25],"class_list":{"0":"post-380998","1":"post","2":"type-post","3":"status-publish","4":"format-standard","5":"has-post-thumbnail","7":"category-montpellier","8":"tag-actu","9":"tag-actualites","10":"tag-eu","11":"tag-europe","12":"tag-fr","13":"tag-france","14":"tag-montpellier","15":"tag-news","16":"tag-occitanie","17":"tag-republique-francaise"},"share_on_mastodon":{"url":"https:\/\/pubeurope.com\/@fr\/115181699974620098","error":""},"_links":{"self":[{"href":"https:\/\/www.europesays.com\/fr\/wp-json\/wp\/v2\/posts\/380998","targetHints":{"allow":["GET"]}}],"collection":[{"href":"https:\/\/www.europesays.com\/fr\/wp-json\/wp\/v2\/posts"}],"about":[{"href":"https:\/\/www.europesays.com\/fr\/wp-json\/wp\/v2\/types\/post"}],"author":[{"embeddable":true,"href":"https:\/\/www.europesays.com\/fr\/wp-json\/wp\/v2\/users\/2"}],"replies":[{"embeddable":true,"href":"https:\/\/www.europesays.com\/fr\/wp-json\/wp\/v2\/comments?post=380998"}],"version-history":[{"count":0,"href":"https:\/\/www.europesays.com\/fr\/wp-json\/wp\/v2\/posts\/380998\/revisions"}],"wp:featuredmedia":[{"embeddable":true,"href":"https:\/\/www.europesays.com\/fr\/wp-json\/wp\/v2\/media\/380999"}],"wp:attachment":[{"href":"https:\/\/www.europesays.com\/fr\/wp-json\/wp\/v2\/media?parent=380998"}],"wp:term":[{"taxonomy":"category","embeddable":true,"href":"https:\/\/www.europesays.com\/fr\/wp-json\/wp\/v2\/categories?post=380998"},{"taxonomy":"post_tag","embeddable":true,"href":"https:\/\/www.europesays.com\/fr\/wp-json\/wp\/v2\/tags?post=380998"}],"curies":[{"name":"wp","href":"https:\/\/api.w.org\/{rel}","templated":true}]}}