{"id":381010,"date":"2025-09-10T19:47:15","date_gmt":"2025-09-10T19:47:15","guid":{"rendered":"https:\/\/www.europesays.com\/fr\/381010\/"},"modified":"2025-09-10T19:47:15","modified_gmt":"2025-09-10T19:47:15","slug":"encore-quelques-perturbations-le-vendredi-12-septembre","status":"publish","type":"post","link":"https:\/\/www.europesays.com\/fr\/381010\/","title":{"rendered":"encore quelques perturbations le vendredi 12\u00a0septembre"},"content":{"rendered":"<p>Les <a href=\"https:\/\/www.dna.fr\/transport\/2025\/09\/08\/cts-horaires-et-frequences-modifies-le-mercredi-10-septembre\" target=\"_blank\" rel=\"nofollow noopener\">pr\u00e9visions de trafic tram et bus<\/a> pour la journ\u00e9e du 12\u00a0septembre sont les suivantes\u00a0:<\/p>\n<p>Les services scolaires et les services <a href=\"https:\/\/www.dna.fr\/transport\/2025\/08\/19\/a-2h-avec-les-oiseaux-de-nuit-du-hibus-de-strasbourg\" target=\"_blank\" rel=\"nofollow noopener\">Hibus<\/a> , Taxibus, Flex\u2019Hop et Mobistras seront assur\u00e9s normalement.<\/p>\n<p>Toutes les lignes de tram et de bus fonctionnent normalement, sauf les lignes ci-dessous dont les horaires et fr\u00e9quences sont modifi\u00e9s.<\/p>\n<p>  Services bus assur\u00e9s toute la journ\u00e9e\u00a0: horaires et fr\u00e9quences modifi\u00e9s<\/p>\n<p>La ligne de bus H circulera toutes les 10 \u00e0 12 minutes environ.<br \/>La ligne de bus 2 circulera toutes les 10 minutes environ entre jardin des Deux-Rives et Gare Centrale. Desserte d\u2019Elmerforst toutes les 20 minutes environ.<br \/>La ligne de bus 10 circulera toutes les 20 minutes dans le sens Gare Centrale via Gallia et Mus\u00e9e d\u2019Art Moderne.<br \/>La ligne de bus 13 circulera toutes les 10 \u00e0 12 minutes environ.<br \/>La ligne de bus 15 circulera toutes les 30 minutes environ.<br \/>La ligne de bus 29 circulera toutes les 25 minutes environ.<br \/>La ligne de bus 40 circulera toutes les 27 minutes environ.<\/p>\n<p>La CTS invite ses clients \u00e0 se reporter vers d\u2019autres lignes de son r\u00e9seau lorsque cela est possible.<\/p>\n<p>  Dispositif d\u2019information client\u00e8le<\/p>\n<p>Pour pr\u00e9parer ses d\u00e9placements et s\u2019informer des fr\u00e9quences et horaires de passages des bus et trams, la CTS recommande \u00e0 ses clients d\u2019utiliser les outils suivants\u00a0:<\/p>\n<p>&#8211; Le site internet\u00a0: <a href=\"https:\/\/www.cts-strasbourg.eu\/fr\/\" target=\"_blank\" rel=\"nofollow noopener\">www.cts-strasbourg.eu<\/a> , rubrique \u00ab\u00a0Se d\u00e9placer\/Temps r\u00e9el\u00a0\u00bb<br \/>&#8211; L\u2019application mobile CTS fonction \u00ab\u00a0Temps r\u00e9el\u00a0\u00bb<br \/>&#8211; Le num\u00e9ro vert 0800 00 17 70 (appel gratuit depuis un t\u00e9l\u00e9phone fixe)<\/p>\n<p>En compl\u00e9ment, le moteur de recherche d\u2019itin\u00e9raires disponible sur le site internet et sur l\u2019appli mobile de la CTS int\u00e9grera d\u00e8s le jeudi 11\u00a0septembre les horaires sp\u00e9cifiques des lignes bus et tram pour cette journ\u00e9e de gr\u00e8ve.<\/p>\n","protected":false},"excerpt":{"rendered":"Les pr\u00e9visions de trafic tram et bus pour la journ\u00e9e du 12\u00a0septembre sont les suivantes\u00a0: Les services scolaires&hellip;\n","protected":false},"author":2,"featured_media":381011,"comment_status":"","ping_status":"","sticky":false,"template":"","format":"standard","meta":{"footnotes":""},"categories":[2820],"tags":[1111,11,2389,2649,9671,2880,1777,674,107,1011,27,775,12,25,801,640,2879,2803],"class_list":{"0":"post-381010","1":"post","2":"type-post","3":"status-publish","4":"format-standard","5":"has-post-thumbnail","7":"category-strasbourg","8":"tag-actu","9":"tag-actualites","10":"tag-alsace","11":"tag-bas-rhin","12":"tag-conflit-social","13":"tag-edition-strasbourg","14":"tag-eu","15":"tag-europe","16":"tag-fil-info","17":"tag-fr","18":"tag-france","19":"tag-grand-est","20":"tag-news","21":"tag-republique-francaise","22":"tag-social","23":"tag-strasbourg","24":"tag-strasbourg-ville","25":"tag-transport"},"share_on_mastodon":{"url":"https:\/\/pubeurope.com\/@fr\/115181731549888427","error":""},"_links":{"self":[{"href":"https:\/\/www.europesays.com\/fr\/wp-json\/wp\/v2\/posts\/381010","targetHints":{"allow":["GET"]}}],"collection":[{"href":"https:\/\/www.europesays.com\/fr\/wp-json\/wp\/v2\/posts"}],"about":[{"href":"https:\/\/www.europesays.com\/fr\/wp-json\/wp\/v2\/types\/post"}],"author":[{"embeddable":true,"href":"https:\/\/www.europesays.com\/fr\/wp-json\/wp\/v2\/users\/2"}],"replies":[{"embeddable":true,"href":"https:\/\/www.europesays.com\/fr\/wp-json\/wp\/v2\/comments?post=381010"}],"version-history":[{"count":0,"href":"https:\/\/www.europesays.com\/fr\/wp-json\/wp\/v2\/posts\/381010\/revisions"}],"wp:featuredmedia":[{"embeddable":true,"href":"https:\/\/www.europesays.com\/fr\/wp-json\/wp\/v2\/media\/381011"}],"wp:attachment":[{"href":"https:\/\/www.europesays.com\/fr\/wp-json\/wp\/v2\/media?parent=381010"}],"wp:term":[{"taxonomy":"category","embeddable":true,"href":"https:\/\/www.europesays.com\/fr\/wp-json\/wp\/v2\/categories?post=381010"},{"taxonomy":"post_tag","embeddable":true,"href":"https:\/\/www.europesays.com\/fr\/wp-json\/wp\/v2\/tags?post=381010"}],"curies":[{"name":"wp","href":"https:\/\/api.w.org\/{rel}","templated":true}]}}