{"id":381012,"date":"2025-09-10T19:48:16","date_gmt":"2025-09-10T19:48:16","guid":{"rendered":"https:\/\/www.europesays.com\/fr\/381012\/"},"modified":"2025-09-10T19:48:16","modified_gmt":"2025-09-10T19:48:16","slug":"mis-en-cause-pour-une-agression-sexuelle-datant-de-1993-un-proche-de-leveque-demissionne","status":"publish","type":"post","link":"https:\/\/www.europesays.com\/fr\/381012\/","title":{"rendered":"Mis en cause pour une agression sexuelle datant de 1993, un proche de l\u2019\u00e9v\u00eaque d\u00e9missionne"},"content":{"rendered":"<p class=\"mb-4 text-lg md:leading-8 break-words\"><strong>p\u00e9docriminalit\u00e9 &#8211; Un vicaire tout juste nomm\u00e9 \u00e0 du d\u00e9missionner en raison d\u2019une affaire d\u2019agressions sexuelle sur mineur datant des ann\u00e9es\u00a01990 prescrite<\/strong><\/p>\n<p class=\"mb-4 text-lg md:leading-8 break-words\">Un eccl\u00e9siastique tout juste nomm\u00e9 \u00ab\u00a0vicaire g\u00e9n\u00e9ral\u00a0\u00bb de l\u2019archev\u00eaque de <a href=\"https:\/\/www.20minutes.fr\/strasbourg\/?at_medium=RSS%20feed&amp;at_campaign=ynews&amp;utm_source=yahoo&amp;utm_medium=rss&amp;utm_campaign=news_feed&amp;utm_content=in_article_link\" rel=\"nofollow noopener\" target=\"_blank\" data-ylk=\"slk:Strasbourg;elm:context_link;itc:0;sec:content-canvas\" class=\"link \">Strasbourg <\/a>a du d\u00e9missionner \u00e0 cause d\u2019une accusation d\u2019<a href=\"https:\/\/www.20minutes.fr\/dossier\/agression_sexuelle?at_medium=RSS%20feed&amp;at_campaign=ynews&amp;utm_source=yahoo&amp;utm_medium=rss&amp;utm_campaign=news_feed&amp;utm_content=in_article_link\" rel=\"nofollow noopener\" target=\"_blank\" data-ylk=\"slk:agression sexuelle;elm:context_link;itc:0;sec:content-canvas\" class=\"link \">agression sexuelle<\/a> sur <a href=\"https:\/\/www.20minutes.fr\/dossier\/mineur?at_medium=RSS%20feed&amp;at_campaign=ynews&amp;utm_source=yahoo&amp;utm_medium=rss&amp;utm_campaign=news_feed&amp;utm_content=in_article_link\" rel=\"nofollow noopener\" target=\"_blank\" data-ylk=\"slk:mineur;elm:context_link;itc:0;sec:content-canvas\" class=\"link \">mineur <\/a>remontant aux ann\u00e9es\u00a01990, qui avait provoqu\u00e9 beaucoup de r\u00e9actions au moment de sa nomination.<\/p>\n<p class=\"mb-4 text-lg md:leading-8 break-words\">\u00ab\u00a0En vue de pr\u00e9server la s\u00e9r\u00e9nit\u00e9 du gouvernement dioc\u00e9sain, j\u2019ai pr\u00e9sent\u00e9 [\u2026] ma d\u00e9mission \u00e0 Mgr l\u2019archev\u00eaque de Strasbourg\u00a0\u00bb, qui l\u2019a \u00ab\u00a0accept\u00e9e\u00a0\u00bb, a pr\u00e9cis\u00e9 le chanoine Hubert Schmitt dans un communiqu\u00e9 publi\u00e9 sur le site de l\u2019Eglise catholique en Alsace.<\/p>\n<p>Une affaire prescrite<\/p>\n<p class=\"mb-4 text-lg md:leading-8 break-words\">Le pr\u00eatre de 71 ans avait fait l\u2019objet d\u2019une enqu\u00eate judiciaire, \u00e0 la suite du t\u00e9moignage en\u00a02021 d\u2019un homme affirmant qu\u2019il l\u2019avait agress\u00e9 sexuellement en\u00a01993, alors qu\u2019il avait 13 ans et \u00e9tait servant de messe. \u00ab\u00a0Les faits d\u00e9nonc\u00e9s par la victime semblent cr\u00e9dibles\u00a0\u00bb, avait indiqu\u00e9 en mai\u00a02023 la procureure d\u2019alors de Mulhouse, Edwige Roux-Morizot.<\/p>\n<p class=\"mb-4 text-lg md:leading-8 break-words\">Apr\u00e8s un appel \u00e0 t\u00e9moins pour tenter de retrouver d\u2019autres victimes potentielles qui n\u2019avait rien donn\u00e9, l\u2019enqu\u00eate avait cependant \u00e9t\u00e9 class\u00e9e sans suite en octobre\u00a02024, les faits \u00e9tant prescrits.<\/p>\n<p class=\"mb-4 text-lg md:leading-8 break-words\">Dans ce contexte, la r\u00e9cente nomination du chanoine comme proche collaborateur de l\u2019archev\u00eaque de Strasbourg, Pascal Delannoy, avait suscit\u00e9 un d\u00e9but de pol\u00e9mique. L\u2019homme qui l\u2019avait accus\u00e9, Emmanuel Siess, s\u2019est notamment dit \u00ab\u00a0choqu\u00e9\u00a0\u00bb de cette promotion aupr\u00e8s de m\u00e9dias locaux.<\/p>\n<p class=\"mb-4 text-lg md:leading-8 break-words\">Il s\u2019agit l\u00e0 \u00ab\u00a0d\u2019un signal pr\u00e9occupant pour les victimes\u00a0\u00bb et \u00ab\u00a0profond\u00e9ment d\u00e9courageant\u00a0\u00bb, avait \u00e9galement estim\u00e9 dans un c(&#8230;)<\/p>\n<p class=\"mb-4 text-lg md:leading-8 break-words\"><a href=\"https:\/\/www.20minutes.fr\/societe\/4172377-20250910-strasbourg-mis-cause-agression-sexuelle-datant-1993-proche-eveque-demissionne?at_medium=RSS%20feed&amp;at_campaign=ynews&amp;utm_source=yahoo&amp;utm_medium=rss&amp;utm_campaign=news_feed&amp;utm_content=read_more_link&quot;\" rel=\"nofollow noopener\" target=\"_blank\" data-ylk=\"slk:Lire la suite sur 20minutes;elm:context_link;itc:0;sec:content-canvas\" class=\"link \">Lire la suite sur 20minutes<\/a><\/p>\n<p>\u00c0 lire aussi :<br \/><a href=\"https:\/\/www.20minutes.fr\/justice\/4163042-20250710-dijon-accuse-agression-sexuelle-mineure-17-ans-faux-pediatre-26-ans-garde-vue?at_medium=RSS%20feed&amp;at_campaign=ynews&amp;utm_source=yahoo&amp;utm_medium=rss&amp;utm_campaign=news_feed&amp;utm_content=related_content_link\" rel=\"nofollow noopener\" target=\"_blank\" data-ylk=\"slk:Dijon\u00a0: Accus\u00e9 d\u2019agression sexuelle sur une mineure de 17 ans, un faux p\u00e9diatre de 26 ans en garde \u00e0 vue;elm:context_link;itc:0;sec:content-canvas\" class=\"link \">Dijon\u00a0: Accus\u00e9 d\u2019agression sexuelle sur une mineure de 17 ans, un faux p\u00e9diatre de 26 ans en garde \u00e0 vue<\/a><br \/><a href=\"https:\/\/www.20minutes.fr\/justice\/4160684-20250627-alsace-policier-mis-examen-agression-sexuelle-soumission-chimique-fille-mineure?at_medium=RSS%20feed&amp;at_campaign=ynews&amp;utm_source=yahoo&amp;utm_medium=rss&amp;utm_campaign=news_feed&amp;utm_content=related_content_link\" rel=\"nofollow noopener\" target=\"_blank\" data-ylk=\"slk:Alsace\u00a0: Un policier mis en examen pour agression sexuelle avec soumission chimique sur sa fille mineure;elm:context_link;itc:0;sec:content-canvas\" class=\"link \">Alsace\u00a0: Un policier mis en examen pour agression sexuelle avec soumission chimique sur sa fille mineure<\/a><\/p>\n","protected":false},"excerpt":{"rendered":"p\u00e9docriminalit\u00e9 &#8211; Un vicaire tout juste nomm\u00e9 \u00e0 du d\u00e9missionner en raison d\u2019une affaire d\u2019agressions sexuelle sur mineur&hellip;\n","protected":false},"author":2,"featured_media":381013,"comment_status":"","ping_status":"","sticky":false,"template":"","format":"standard","meta":{"footnotes":""},"categories":[2820],"tags":[1111,11,1267,1777,674,1011,27,775,51421,12,1974,17453,25,51420,640],"class_list":{"0":"post-381012","1":"post","2":"type-post","3":"status-publish","4":"format-standard","5":"has-post-thumbnail","7":"category-strasbourg","8":"tag-actu","9":"tag-actualites","10":"tag-agression-sexuelle","11":"tag-eu","12":"tag-europe","13":"tag-fr","14":"tag-france","15":"tag-grand-est","16":"tag-hubert-schmitt","17":"tag-news","18":"tag-pedocriminalite","19":"tag-raison-d","20":"tag-republique-francaise","21":"tag-servant-de-messe","22":"tag-strasbourg"},"share_on_mastodon":{"url":"https:\/\/pubeurope.com\/@fr\/115181735389623199","error":""},"_links":{"self":[{"href":"https:\/\/www.europesays.com\/fr\/wp-json\/wp\/v2\/posts\/381012","targetHints":{"allow":["GET"]}}],"collection":[{"href":"https:\/\/www.europesays.com\/fr\/wp-json\/wp\/v2\/posts"}],"about":[{"href":"https:\/\/www.europesays.com\/fr\/wp-json\/wp\/v2\/types\/post"}],"author":[{"embeddable":true,"href":"https:\/\/www.europesays.com\/fr\/wp-json\/wp\/v2\/users\/2"}],"replies":[{"embeddable":true,"href":"https:\/\/www.europesays.com\/fr\/wp-json\/wp\/v2\/comments?post=381012"}],"version-history":[{"count":0,"href":"https:\/\/www.europesays.com\/fr\/wp-json\/wp\/v2\/posts\/381012\/revisions"}],"wp:featuredmedia":[{"embeddable":true,"href":"https:\/\/www.europesays.com\/fr\/wp-json\/wp\/v2\/media\/381013"}],"wp:attachment":[{"href":"https:\/\/www.europesays.com\/fr\/wp-json\/wp\/v2\/media?parent=381012"}],"wp:term":[{"taxonomy":"category","embeddable":true,"href":"https:\/\/www.europesays.com\/fr\/wp-json\/wp\/v2\/categories?post=381012"},{"taxonomy":"post_tag","embeddable":true,"href":"https:\/\/www.europesays.com\/fr\/wp-json\/wp\/v2\/tags?post=381012"}],"curies":[{"name":"wp","href":"https:\/\/api.w.org\/{rel}","templated":true}]}}