{"id":381020,"date":"2025-09-10T19:52:18","date_gmt":"2025-09-10T19:52:18","guid":{"rendered":"https:\/\/www.europesays.com\/fr\/381020\/"},"modified":"2025-09-10T19:52:18","modified_gmt":"2025-09-10T19:52:18","slug":"a-nantes-on-a-debute-avec-les-gilets-jaunes-la-colere-est-la-meme-liberation","status":"publish","type":"post","link":"https:\/\/www.europesays.com\/fr\/381020\/","title":{"rendered":"\u00e0 Nantes, \u00abon a d\u00e9but\u00e9 avec les gilets jaunes, la col\u00e8re est la m\u00eame\u00bb \u2013 Lib\u00e9ration"},"content":{"rendered":"<p class=\"sc-cPiKLX AiZTS text-element\">Il est 5h45 ce mercredi matin, dans le petit bois qui longe la quatre-voies de Bouguenais (Loire-Atlantique), il fait nuit noire. Une trentaine de personnes affluent en file indienne par les chemins de traverse humides. A bicyclette, \u00e0 pied, parfois v\u00eatus d\u2019un gilet jaune, d\u2019un casque de v\u00e9lo ou d\u2019un masque de fortune, ils rejoignent le rond-point du McDo et d\u2019autres participants. Le rendez-vous, d\u00e9cid\u00e9 en AG, circulait depuis plusieurs jours sur les r\u00e9seaux sociaux et la centaine de manifestants convergent dans l\u2019espoir d\u2019aller bloquer le p\u00e9riph\u00e9rique nantais. Du moins c\u2019\u00e9tait l\u2019objectif de d\u00e9part car sur place, <a href=\"https:\/\/www.liberation.fr\/societe\/police-justice\/face-au-mouvement-bloquons-tout-le-ministere-de-linterieur-demande-un-quadrillage-de-la-voie-publique-par-les-forces-de-lordre-20250909_B5NQXK4CLVAALNTKWVJOLJ7EZ4\/\" target=\"_blank\" rel=\"noreferrer nofollow noopener\" title=\"https:\/\/www.liberation.fr\/societe\/police-justice\/face-au-mouvement-bloquons-tout-le-ministere-de-linterieur-demande-un-quadrillage-de-la-voie-publique-par-les-forces-de-lordre-20250909_B5NQXK4CLVAALNTKWVJOLJ7EZ4\/\">les forces de l\u2019ordre les attendent de pied ferme<\/a>. \u00abC\u2019est chaud, \u00e7a va \u00eatre la confrontation direct\u00bb, soupire une femme d\u2019une trentaine d\u2019ann\u00e9es. <\/p>\n<p class=\"sc-cPiKLX AiZTS text-element\">En effet, apr\u00e8s quelques \u00e9changes, les premi\u00e8res lacrymos pleuvent. Emp\u00each\u00e9s d\u2019aller plus loin, sous la surveillance rapproch\u00e9e des forces de l\u2019ordre, certains manifestants tractent aupr\u00e8s des voitures immobilis\u00e9es. Derri\u00e8re la banderole \u00abAgoraaa l\u2019bol\u00bb, Claudie, quinquag\u00e9naire habitu\u00e9e des manifs, explique : \u00abL\u2019id\u00e9e, c\u2019est de discuter de la r\u00e9alit\u00e9 avec les gens, du budget, du gel des salaires des fonctionnaires.\u00bb Elle travaille dans l\u2019\u00e9ducation nationale. \u00abLa dette, ce n\u2019est pas une fatalit\u00e9 quand on voit les grandes fortunes. C\u2019est une aberration !\u00bb Elle \u00e9voque aussi les six professeurs manquants \u00e0 la rentr\u00e9e dans son \u00e9tablissement sur la quarantaine de postes. <\/p>\n<p class=\"sc-cPiKLX AiZTS text-element\">Quelques automobilistes klaxonnent en soutien. D\u2019autres passent leur chemin, \u00e9nerv\u00e9s, apr\u00e8s une petite demi-heure d\u2019attente. Ce sera le maximum, les CRS intervenant pour emp\u00eacher la constitution d\u2019un barrage plus cons\u00e9quent, \u00e0 coups d\u2019avertissement r\u00e9guliers : \u00abVous participez \u00e0 un attroupement. Vous devez quitter les lieux imm\u00e9diatement. Nous allons faire usage de la force. Derni\u00e8res sommations.\u00bb Au fur et \u00e0 mesure des jets de lacrymo, le groupe d\u2019une centaine de participants se disloque. <\/p>\n<p class=\"sc-cPiKLX AiZTS text-element\">Il est 8 heures, G\u00e9g\u00e9, Paulo et JF, trois copains, viennent quant \u00e0 eux d\u2019arriver. Bras ballants, ils ne peuvent pas r\u00e9cup\u00e9rer leur voiture, bloqu\u00e9e derri\u00e8re les forces de l\u2019ordre, et racontent : \u00abOn a d\u00e9but\u00e9 la mobilisation avec les gilets jaunes en 2018. Et depuis, <a href=\"https:\/\/www.liberation.fr\/economie\/social\/lappel-du-10-septembre-traduit-lexasperation-et-lattente-de-modalites-daction-plus-radicales-20250906_76XIQXNEEVAI5J2WTJ4E4OSGZU\/\" target=\"_blank\" rel=\"noreferrer nofollow noopener\" title=\"https:\/\/www.liberation.fr\/economie\/social\/lappel-du-10-septembre-traduit-lexasperation-et-lattente-de-modalites-daction-plus-radicales-20250906_76XIQXNEEVAI5J2WTJ4E4OSGZU\/\">la col\u00e8re est la m\u00eame<\/a>. Les taxes, <a href=\"https:\/\/www.liberation.fr\/economie\/social\/suppression-de-deux-jours-feries-dun-point-de-vue-economique-cest-du-bricolage-20250815_3IOBY67QRJCZHGDNUKWQKDKJFA\/\" target=\"_blank\" rel=\"noreferrer nofollow noopener\" title=\"https:\/\/www.liberation.fr\/economie\/social\/suppression-de-deux-jours-feries-dun-point-de-vue-economique-cest-du-bricolage-20250815_3IOBY67QRJCZHGDNUKWQKDKJFA\/\">les jours f\u00e9ri\u00e9s qui sautent<\/a>\u00bb, d\u00e9taille l\u2019un d\u2019eux. Ses deux copains sont \u00e0 la retraite et lui est chauffeur-accompagnateur. Il habite \u00e0 une trentaine de kilom\u00e8tres de Nantes. \u00abLe but pour nous, c\u2019est toujours de virer Macron\u00bb, poursuit-il, m\u00eame s\u2019il se dit \u00absceptique\u00bb : \u00abLe mouvement est ti\u00e8de.\u00bb <\/p>\n<p class=\"sc-cPiKLX AiZTS text-element\">Apr\u00e8s discussions, ils d\u00e9cident finalement de rejoindre la cinquantaine de manifestants qui se remotivent un peu plus loin au porte-voix. \u00abIls nous ont emp\u00each\u00e9s mais on est encore l\u00e0, \u00e0 bloquer un autre rond-point. C\u2019est l\u2019essentiel.\u00bb Dans la foule, on \u00e9voque les premi\u00e8res interpellations, l\u2019\u00e9tat des autres blocages \u2013 la plupart ont fini par bouger, sauf celui de l\u2019a\u00e9roport. Ou encore le centre-ville, o\u00f9 commencent \u00e0 affluer les participants \u00e0 la journ\u00e9e de blocage. Un peu \u00e0 l\u2019\u00e9cart, sur son v\u00e9lo, un jeune s\u2019impatiente. \u00abEt sinon, on fait quoi, on va bloquer o\u00f9 maintenant ?\u00bb <\/p>\n","protected":false},"excerpt":{"rendered":"Il est 5h45 ce mercredi matin, dans le petit bois qui longe la quatre-voies de Bouguenais (Loire-Atlantique), il&hellip;\n","protected":false},"author":2,"featured_media":381021,"comment_status":"","ping_status":"","sticky":false,"template":"","format":"standard","meta":{"footnotes":""},"categories":[2818],"tags":[1111,11,47212,1777,674,1011,27,766,12,2636,25],"class_list":{"0":"post-381020","1":"post","2":"type-post","3":"status-publish","4":"format-standard","5":"has-post-thumbnail","7":"category-nantes","8":"tag-actu","9":"tag-actualites","10":"tag-bloquons-tout","11":"tag-eu","12":"tag-europe","13":"tag-fr","14":"tag-france","15":"tag-nantes","16":"tag-news","17":"tag-pays-de-la-loire","18":"tag-republique-francaise"},"share_on_mastodon":{"url":"https:\/\/pubeurope.com\/@fr\/115181751177781305","error":""},"_links":{"self":[{"href":"https:\/\/www.europesays.com\/fr\/wp-json\/wp\/v2\/posts\/381020","targetHints":{"allow":["GET"]}}],"collection":[{"href":"https:\/\/www.europesays.com\/fr\/wp-json\/wp\/v2\/posts"}],"about":[{"href":"https:\/\/www.europesays.com\/fr\/wp-json\/wp\/v2\/types\/post"}],"author":[{"embeddable":true,"href":"https:\/\/www.europesays.com\/fr\/wp-json\/wp\/v2\/users\/2"}],"replies":[{"embeddable":true,"href":"https:\/\/www.europesays.com\/fr\/wp-json\/wp\/v2\/comments?post=381020"}],"version-history":[{"count":0,"href":"https:\/\/www.europesays.com\/fr\/wp-json\/wp\/v2\/posts\/381020\/revisions"}],"wp:featuredmedia":[{"embeddable":true,"href":"https:\/\/www.europesays.com\/fr\/wp-json\/wp\/v2\/media\/381021"}],"wp:attachment":[{"href":"https:\/\/www.europesays.com\/fr\/wp-json\/wp\/v2\/media?parent=381020"}],"wp:term":[{"taxonomy":"category","embeddable":true,"href":"https:\/\/www.europesays.com\/fr\/wp-json\/wp\/v2\/categories?post=381020"},{"taxonomy":"post_tag","embeddable":true,"href":"https:\/\/www.europesays.com\/fr\/wp-json\/wp\/v2\/tags?post=381020"}],"curies":[{"name":"wp","href":"https:\/\/api.w.org\/{rel}","templated":true}]}}