{"id":381026,"date":"2025-09-10T19:55:19","date_gmt":"2025-09-10T19:55:19","guid":{"rendered":"https:\/\/www.europesays.com\/fr\/381026\/"},"modified":"2025-09-10T19:55:19","modified_gmt":"2025-09-10T19:55:19","slug":"pierre-aoun-nouveau-president-de-lp-promotion","status":"publish","type":"post","link":"https:\/\/www.europesays.com\/fr\/381026\/","title":{"rendered":"Pierre Aoun, nouveau pr\u00e9sident de LP Promotion"},"content":{"rendered":"<p>\u00c0 compter du 1er\u00a0janvier 2026, le groupe immobilier toulousain <a href=\"https:\/\/www.touleco.fr\/Le-Toulousain-LP-Promotion-se-diversifie-et-resiste-a-la-crise,46251\" class=\"spip_in\" target=\"_blank\" rel=\"noopener\">LP Promotion<\/a> sera pr\u00e9sid\u00e9 par Pierre Aoun, son actuel directeur g\u00e9n\u00e9ral. Laurent Ponsot, dirigeant historique du groupe, quitte en effet ses fonctions \u00e0 la fin de l\u2019ann\u00e9e 2025. LP Promotion d\u00e9veloppe des r\u00e9sidences d\u2019habitation et de services, dont il assure \u00e9galement la gestion et le syndic. Le groupe couvre l\u2019ensemble du parcours r\u00e9sidentiel (accession \u00e0 la propri\u00e9t\u00e9, r\u00e9sidences de services pour les \u00e9tudiants, les jeunes actifs et les seniors ainsi que des espaces de coworking).<\/p>\n<p>Il revendique un chiffre d\u2019affaires de 268 millions d\u2019euros en 2024 et pr\u00e8s de 300 collaborateurs. Il compte d\u00e9sormais neuf agences en Occitanie, Nouvelle-Aquitaine, \u00cele-de-France, Auvergne-Rh\u00f4ne-Alpes et Bretagne-Pays de la Loire. LP Promotion est devenue, en 2023, <a href=\"https:\/\/www.touleco.tv\/On-se-prepare-chez-LP-Promotion-a-faire-evoluer-nos-modes-de,33205\" class=\"spip_out\" rel=\"external noopener\" target=\"_blank\">une soci\u00e9t\u00e9 \u00e0 mission<\/a>.<\/p>\n","protected":false},"excerpt":{"rendered":"\u00c0 compter du 1er\u00a0janvier 2026, le groupe immobilier toulousain LP Promotion sera pr\u00e9sid\u00e9 par Pierre Aoun, son actuel&hellip;\n","protected":false},"author":2,"featured_media":373637,"comment_status":"","ping_status":"","sticky":false,"template":"","format":"standard","meta":{"footnotes":""},"categories":[2816],"tags":[1111,11,1777,674,1011,27,1116,51425,12,2680,25,2312],"class_list":{"0":"post-381026","1":"post","2":"type-post","3":"status-publish","4":"format-standard","5":"has-post-thumbnail","7":"category-toulouse","8":"tag-actu","9":"tag-actualites","10":"tag-eu","11":"tag-europe","12":"tag-fr","13":"tag-france","14":"tag-immobilier","15":"tag-lp-promotion","16":"tag-news","17":"tag-occitanie","18":"tag-republique-francaise","19":"tag-toulouse"},"share_on_mastodon":{"url":"https:\/\/pubeurope.com\/@fr\/115181762813461930","error":""},"_links":{"self":[{"href":"https:\/\/www.europesays.com\/fr\/wp-json\/wp\/v2\/posts\/381026","targetHints":{"allow":["GET"]}}],"collection":[{"href":"https:\/\/www.europesays.com\/fr\/wp-json\/wp\/v2\/posts"}],"about":[{"href":"https:\/\/www.europesays.com\/fr\/wp-json\/wp\/v2\/types\/post"}],"author":[{"embeddable":true,"href":"https:\/\/www.europesays.com\/fr\/wp-json\/wp\/v2\/users\/2"}],"replies":[{"embeddable":true,"href":"https:\/\/www.europesays.com\/fr\/wp-json\/wp\/v2\/comments?post=381026"}],"version-history":[{"count":0,"href":"https:\/\/www.europesays.com\/fr\/wp-json\/wp\/v2\/posts\/381026\/revisions"}],"wp:featuredmedia":[{"embeddable":true,"href":"https:\/\/www.europesays.com\/fr\/wp-json\/wp\/v2\/media\/373637"}],"wp:attachment":[{"href":"https:\/\/www.europesays.com\/fr\/wp-json\/wp\/v2\/media?parent=381026"}],"wp:term":[{"taxonomy":"category","embeddable":true,"href":"https:\/\/www.europesays.com\/fr\/wp-json\/wp\/v2\/categories?post=381026"},{"taxonomy":"post_tag","embeddable":true,"href":"https:\/\/www.europesays.com\/fr\/wp-json\/wp\/v2\/tags?post=381026"}],"curies":[{"name":"wp","href":"https:\/\/api.w.org\/{rel}","templated":true}]}}