{"id":381033,"date":"2025-09-10T19:59:11","date_gmt":"2025-09-10T19:59:11","guid":{"rendered":"https:\/\/www.europesays.com\/fr\/381033\/"},"modified":"2025-09-10T19:59:11","modified_gmt":"2025-09-10T19:59:11","slug":"de-nouvelles-actions-prevues-ce-samedi-13-septembre-a-marseille","status":"publish","type":"post","link":"https:\/\/www.europesays.com\/fr\/381033\/","title":{"rendered":"de nouvelles actions pr\u00e9vues ce samedi 13 septembre \u00e0 Marseille"},"content":{"rendered":"<p>Ce mercredi 10 septembre, c&rsquo;est depuis le square des R\u00e9form\u00e9s qu&rsquo;\u00e9tait partie <a href=\"https:\/\/www.laprovence.com\/article\/societe\/2258223338854114\/10-septembre-plus-de-8000-manifestants-a-marseille-200-a-aix-300-a-avignon-le-bilan-de-la-mobilisation-en-provence\" target=\"_blank\" rel=\"noopener\">la principale manifestation<\/a> en milieu de matin\u00e9e, en direction de la Pr\u00e9fecture dans un premier temps. C&rsquo;est \u00e9galement l\u00e0 que des centaines de manifestants s&rsquo;\u00e9taient \u00e0 nouveau rassembl\u00e9s, d\u00e8s la fin de l&rsquo;apr\u00e8s-midi.<\/p>\n<p>En marge d&rsquo;une kermesse militante, une assembl\u00e9e g\u00e9n\u00e9rale a \u00e9t\u00e9 organis\u00e9e en d\u00e9but de soir\u00e9e. Elle devait d\u00e9cider de la suite \u00e0 donner \u00e0 c<a href=\"https:\/\/www.laprovence.com\/article\/societe\/94317460323543\/direct-laprovence-direct-bloquons-tout-le-10-septembre-points-de-rendez-vous-perturbations-dans-les-transports\" target=\"_blank\" rel=\"noopener\">e mouvement<\/a>, \u00e0 Marseille.<\/p>\n<p>Dans le courant de la soir\u00e9e, il a \u00e9t\u00e9 vot\u00e9 \u00e0 la majorit\u00e9 que de nouvelles actions seront men\u00e9es, ce samedi 13 septembre. Pour \u00e9viter un certain \u00e9puisement et une forme d&rsquo;essoufflement dans les rangs des manifestants, il a \u00e9t\u00e9 effectivement convenu que la programmation d&rsquo;op\u00e9rations de blocage r\u00e9p\u00e9t\u00e9es au cours des heures et des jours \u00e0 venir n&rsquo;\u00e9tait pas l&rsquo;option la plus opportune qui soit.<\/p>\n<p>Un nouveau rendez-vous fix\u00e9 \u00e0 samedi a donc \u00e9t\u00e9 privil\u00e9gi\u00e9, \u00e0 cinq jours d&rsquo;une autre grande journ\u00e9e de mobilisation nationale, le jeudi 18 septembre. Une assembl\u00e9e g\u00e9n\u00e9rale aura lieu, ce jeudi 11 septembre, pour en d\u00e9finir les modalit\u00e9s. On pourrait s&rsquo;acheminer, une fois encore, vers des manifestations \u00e0 travers le centre-ville et divers blocages \u00e0 des endroits strat\u00e9giques.\u00a0 \u00a0 \u00a0 \u00a0<\/p>\n","protected":false},"excerpt":{"rendered":"Ce mercredi 10 septembre, c&rsquo;est depuis le square des R\u00e9form\u00e9s qu&rsquo;\u00e9tait partie la principale manifestation en milieu de&hellip;\n","protected":false},"author":2,"featured_media":381034,"comment_status":"","ping_status":"","sticky":false,"template":"","format":"standard","meta":{"footnotes":""},"categories":[2814],"tags":[49970,17,15033,1111,11,1102,1777,674,1011,27,884,12,1113,51426,882,16,25,3982,395,3585],"class_list":{"0":"post-381033","1":"post","2":"type-post","3":"status-publish","4":"format-standard","5":"has-post-thumbnail","7":"category-marseille","8":"tag-bloquons","9":"tag-17","10":"tag-actions","11":"tag-actu","12":"tag-actualites","13":"tag-breakingnews","14":"tag-eu","15":"tag-europe","16":"tag-fr","17":"tag-france","18":"tag-marseille","19":"tag-news","20":"tag-nouvelles","21":"tag-prevues","22":"tag-provence-alpes-cote-dazur","23":"tag-region","24":"tag-republique-francaise","25":"tag-samedi","26":"tag-septembre","27":"tag-tout"},"share_on_mastodon":{"url":"https:\/\/pubeurope.com\/@fr\/115181778787395133","error":""},"_links":{"self":[{"href":"https:\/\/www.europesays.com\/fr\/wp-json\/wp\/v2\/posts\/381033","targetHints":{"allow":["GET"]}}],"collection":[{"href":"https:\/\/www.europesays.com\/fr\/wp-json\/wp\/v2\/posts"}],"about":[{"href":"https:\/\/www.europesays.com\/fr\/wp-json\/wp\/v2\/types\/post"}],"author":[{"embeddable":true,"href":"https:\/\/www.europesays.com\/fr\/wp-json\/wp\/v2\/users\/2"}],"replies":[{"embeddable":true,"href":"https:\/\/www.europesays.com\/fr\/wp-json\/wp\/v2\/comments?post=381033"}],"version-history":[{"count":0,"href":"https:\/\/www.europesays.com\/fr\/wp-json\/wp\/v2\/posts\/381033\/revisions"}],"wp:featuredmedia":[{"embeddable":true,"href":"https:\/\/www.europesays.com\/fr\/wp-json\/wp\/v2\/media\/381034"}],"wp:attachment":[{"href":"https:\/\/www.europesays.com\/fr\/wp-json\/wp\/v2\/media?parent=381033"}],"wp:term":[{"taxonomy":"category","embeddable":true,"href":"https:\/\/www.europesays.com\/fr\/wp-json\/wp\/v2\/categories?post=381033"},{"taxonomy":"post_tag","embeddable":true,"href":"https:\/\/www.europesays.com\/fr\/wp-json\/wp\/v2\/tags?post=381033"}],"curies":[{"name":"wp","href":"https:\/\/api.w.org\/{rel}","templated":true}]}}