{"id":381035,"date":"2025-09-10T20:00:24","date_gmt":"2025-09-10T20:00:24","guid":{"rendered":"https:\/\/www.europesays.com\/fr\/381035\/"},"modified":"2025-09-10T20:00:24","modified_gmt":"2025-09-10T20:00:24","slug":"kermesse-militante-tentatives-de-blocus-a-marseille-lappel-a-mobilisation-a-ete-entendu","status":"publish","type":"post","link":"https:\/\/www.europesays.com\/fr\/381035\/","title":{"rendered":"kermesse militante, tentatives de blocus&#8230; \u00e0 Marseille, l&rsquo;appel \u00e0 mobilisation a \u00e9t\u00e9 entendu"},"content":{"rendered":"<p>\u00ab\u00a0Une bataille apr\u00e8s l\u2019autre\u00a0\u00bb\u00a0: au fronton du cin\u00e9ma Artplexe, au-dessus d\u2019un Leonardo DiCaprio de 10\u00a0m\u00e8tres de haut, le titre du nouveau film de Paul Thomas Anderson claque d\u2019un coup comme un slogan. Square L\u00e9on-Blum (1er), d\u2019autres ont pris d\u2019assaut les arbres, les banderoles\u00a0: au <a href=\"https:\/\/www.laprovence.com\/article\/culture-loisirs\/5057280427710514\/jul-sch-alonzo-kofs-decouvrez-le-titre-et-le-clip-bande-organisee-2\" target=\"_blank\" rel=\"noopener\">\u00ab\u00a0julesque\u00a0\u00bb \u00ab\u00a0Nique la guerre sur la Canebi\u00e8re, nique leur or sur le Vieux-Port\u00a0\u00bb<\/a> r\u00e9pond un \u00ab\u00a0Manu ciao\u00a0\u00bb.<\/p>\n<p>Le rejet du pr\u00e9sident de la R\u00e9publique, le sentiment d\u2019injustice sociale et fiscale ont allum\u00e9 la m\u00e8che du <a href=\"https:\/\/www.laprovence.com\/article\/societe\/94317460323543\/direct-laprovence-direct-bloquons-tout-le-10-septembre-points-de-rendez-vous-perturbations-dans-les-transports\" target=\"_blank\" rel=\"noopener\">mouvement citoyen \u00ab\u00a0Bloquons tout\u00a0\u00bb<\/a>, lanc\u00e9 cet \u00e9t\u00e9 sur les r\u00e9seaux sociaux, apr\u00e8s la pr\u00e9sentation du <a href=\"https:\/\/www.laprovence.com\/article\/economie\/1224628011452815\/budget-2026-francois-bayrou-presente-son-plan-d-economie-pour-economiser-40-milliards-d-euros\" target=\"_blank\" rel=\"noopener\">projet de budget de Fran\u00e7ois Bayrou<\/a>. Largement relay\u00e9e sur Telegram, Signal ou Facebook, mais sans leaders ni porte-paroles, l\u2019initiative devait encore passer l\u2019\u00e9preuve de la rue : en parvenant, mercredi 10 septembre, \u00e0 rassembler plusieurs milliers de manifestants (8 000 selon la police, 80 000 selon la CGT), elle semble \u00e0 <a href=\"https:\/\/www.laprovence.com\/bouches-du-rhone\/marseille-13055\" target=\"_blank\" rel=\"noopener\">Marseille<\/a> avoir tenu son pari. \u00ab\u00a0C\u2019est notre 49.3.\u00a0\u00bb, lit-on sur une pancarte.<\/p>\n<p>Venus d\u2019<a href=\"https:\/\/www.laprovence.com\/bouches-du-rhone\/istres-13047\" target=\"_blank\" rel=\"noopener\">Istres<\/a> et <a href=\"https:\/\/www.laprovence.com\/bouches-du-rhone\/martigues-13056\" target=\"_blank\" rel=\"noopener\">Martigues<\/a> sous la banni\u00e8re de la F\u00e9d\u00e9ration autonome des sapeurs-pompiers, des soldats du feu du Sdis\u00a013 disent leur crainte \u00ab\u00a0des coupes budg\u00e9taires alors qu\u2019on est d\u00e9j\u00e0 sursollicit\u00e9s\u00a0\u00bb. Bien&#8230;<\/p>\n","protected":false},"excerpt":{"rendered":"\u00ab\u00a0Une bataille apr\u00e8s l\u2019autre\u00a0\u00bb\u00a0: au fronton du cin\u00e9ma Artplexe, au-dessus d\u2019un Leonardo DiCaprio de 10\u00a0m\u00e8tres de haut, le&hellip;\n","protected":false},"author":2,"featured_media":381036,"comment_status":"","ping_status":"","sticky":false,"template":"","format":"standard","meta":{"footnotes":""},"categories":[2814],"tags":[17,1111,11,11857,1777,674,1011,27,51427,30132,884,26545,12,882,16,25,395,41110],"class_list":{"0":"post-381035","1":"post","2":"type-post","3":"status-publish","4":"format-standard","5":"has-post-thumbnail","7":"category-marseille","8":"tag-17","9":"tag-actu","10":"tag-actualites","11":"tag-blocus","12":"tag-eu","13":"tag-europe","14":"tag-fr","15":"tag-france","16":"tag-kermesse","17":"tag-lappel","18":"tag-marseille","19":"tag-militante","20":"tag-news","21":"tag-provence-alpes-cote-dazur","22":"tag-region","23":"tag-republique-francaise","24":"tag-septembre","25":"tag-tentatives"},"share_on_mastodon":{"url":"https:\/\/pubeurope.com\/@fr\/115181782546574491","error":""},"_links":{"self":[{"href":"https:\/\/www.europesays.com\/fr\/wp-json\/wp\/v2\/posts\/381035","targetHints":{"allow":["GET"]}}],"collection":[{"href":"https:\/\/www.europesays.com\/fr\/wp-json\/wp\/v2\/posts"}],"about":[{"href":"https:\/\/www.europesays.com\/fr\/wp-json\/wp\/v2\/types\/post"}],"author":[{"embeddable":true,"href":"https:\/\/www.europesays.com\/fr\/wp-json\/wp\/v2\/users\/2"}],"replies":[{"embeddable":true,"href":"https:\/\/www.europesays.com\/fr\/wp-json\/wp\/v2\/comments?post=381035"}],"version-history":[{"count":0,"href":"https:\/\/www.europesays.com\/fr\/wp-json\/wp\/v2\/posts\/381035\/revisions"}],"wp:featuredmedia":[{"embeddable":true,"href":"https:\/\/www.europesays.com\/fr\/wp-json\/wp\/v2\/media\/381036"}],"wp:attachment":[{"href":"https:\/\/www.europesays.com\/fr\/wp-json\/wp\/v2\/media?parent=381035"}],"wp:term":[{"taxonomy":"category","embeddable":true,"href":"https:\/\/www.europesays.com\/fr\/wp-json\/wp\/v2\/categories?post=381035"},{"taxonomy":"post_tag","embeddable":true,"href":"https:\/\/www.europesays.com\/fr\/wp-json\/wp\/v2\/tags?post=381035"}],"curies":[{"name":"wp","href":"https:\/\/api.w.org\/{rel}","templated":true}]}}