{"id":38104,"date":"2025-04-20T05:31:19","date_gmt":"2025-04-20T05:31:19","guid":{"rendered":"https:\/\/www.europesays.com\/fr\/38104\/"},"modified":"2025-04-20T05:31:19","modified_gmt":"2025-04-20T05:31:19","slug":"un-film-a-cote-de-la-plaque-sur-la-securite-des-chefs-detat","status":"publish","type":"post","link":"https:\/\/www.europesays.com\/fr\/38104\/","title":{"rendered":"un film \u00e0 c\u00f4t\u00e9 de la plaque sur la s\u00e9curit\u00e9 des chefs d\u2019\u00c9tat"},"content":{"rendered":"<p>On savait depuis Independance Day\u00a0que les pr\u00e9sidents am\u00e9ricains \u00e9taient capables de\u00a0diriger une guerre de r\u00e9sistance plan\u00e9taire contre des extraterrestres, y compris \u00e0 la t\u00eate d&rsquo;une escadrille de chasse. Avec G20, thriller muscl\u00e9 sign\u00e9 Patricia Riggen et disponible sur Prime Video depuis le 11\u00a0avril, nous franchissons une nouvelle \u00e9tape puisqu&rsquo;une pr\u00e9sidente des \u00c9tats-Unis, Danielle Sutton (jou\u00e9e par Viola Davis) se la joue carr\u00e9ment Expendables. \u00c0 l&rsquo;\u00e9cran, c&rsquo;est une guerri\u00e8re capable de botter les fesses d&rsquo;une bande de mercenaires patibulaires. Cela pourrait nous amuser, mais il\u00a0s&rsquo;en d\u00e9gage, h\u00e9las, un sentiment de ratage absolu.<\/p>\n<p>L&rsquo;intrigue\u00a0? L&rsquo;ensemble des chefs d&rsquo;\u00c9tats et de gouvernements du G20, le club des plus grandes puissances \u00e9conomiques mondiales, sont pris en otage par une bande de terroristes (r\u00e9pondant au nom d&rsquo;Awake) men\u00e9e par Rutledge (Antony Starr), un ancien caporal des forces sp\u00e9ciales australiennes. Il pr\u00e9tend agir au nom des peuples, contre un syst\u00e8me international injuste, mais ne cherche finalement qu&rsquo;\u00e0 produire un effondrement du syst\u00e8me mon\u00e9taire lui permettant de s&rsquo;enrichir en bitcoins. Pas vraiment cr\u00e9dible, Antony Starr (beaucoup plus convaincant en \u00ab\u00a0Protecteur\u00a0\u00bb dans <a class=\"link \" href=\"https:\/\/www.lepoint.fr\/pop-culture\/the-boys-c-est-valide-26-07-2019-2326937_2920.php\" rel=\"nofollow noopener\" target=\"_blank\" data-ylk=\"slk:The Boys;elm:context_link;itc:0;sec:content-canvas\">The Boys<\/a>) donne plus l&rsquo;impression d&rsquo;\u00eatre un junkie psychopathe ou un \u00e9mule du Joker qu&rsquo;un ancien d&rsquo;un commando d&rsquo;\u00e9lite.<\/p>\n<blockquote data-src=\"https:\/\/www.youtube.com\/embed\/mhQcpvKHis4?si=WkRVJ7U4JiSNK6f9\" allowfullscreen=\"\"><\/blockquote>\n<p>G20\u00a0et Club Med, m\u00eame combat<\/p>\n<p>On ne comprend pas pourquoi un simple caporal (un militaire du rang) est suivi par une troupe h\u00e9t\u00e9roclite d&rsquo;anciens sold [&#8230;] <a href=\"https:\/\/www.lepoint.fr\/pop-culture\/g20-sur-amazon-prime-video-un-film-a-cote-de-la-plaque-sur-la-securite-des-chefs-d-etat-19-04-2025-2587730_2920.php\" rel=\"nofollow noopener\" target=\"_blank\" data-ylk=\"slk:Lire la suite;elm:context_link;itc:0;sec:content-canvas\" class=\"link \">Lire la suite<\/a><\/p>\n","protected":false},"excerpt":{"rendered":"On savait depuis Independance Day\u00a0que les pr\u00e9sidents am\u00e9ricains \u00e9taient capables de\u00a0diriger une guerre de r\u00e9sistance plan\u00e9taire contre des&hellip;\n","protected":false},"author":2,"featured_media":38105,"comment_status":"","ping_status":"","sticky":false,"template":"","format":"standard","meta":{"footnotes":""},"categories":[1354],"tags":[12048,58,59,12052,1346,1011,27,1360,12049,12050,12051],"class_list":{"0":"post-38104","1":"post","2":"type-post","3":"status-publish","4":"format-standard","5":"has-post-thumbnail","7":"category-films","8":"tag-antony-starr","9":"tag-divertissement","10":"tag-entertainment","11":"tag-escadrille-de-chasse","12":"tag-films","13":"tag-fr","14":"tag-france","15":"tag-movies","16":"tag-patricia-riggen","17":"tag-presidents-americains","18":"tag-viola-davis"},"share_on_mastodon":{"url":"https:\/\/pubeurope.com\/@fr\/114368655231071200","error":""},"_links":{"self":[{"href":"https:\/\/www.europesays.com\/fr\/wp-json\/wp\/v2\/posts\/38104","targetHints":{"allow":["GET"]}}],"collection":[{"href":"https:\/\/www.europesays.com\/fr\/wp-json\/wp\/v2\/posts"}],"about":[{"href":"https:\/\/www.europesays.com\/fr\/wp-json\/wp\/v2\/types\/post"}],"author":[{"embeddable":true,"href":"https:\/\/www.europesays.com\/fr\/wp-json\/wp\/v2\/users\/2"}],"replies":[{"embeddable":true,"href":"https:\/\/www.europesays.com\/fr\/wp-json\/wp\/v2\/comments?post=38104"}],"version-history":[{"count":0,"href":"https:\/\/www.europesays.com\/fr\/wp-json\/wp\/v2\/posts\/38104\/revisions"}],"wp:featuredmedia":[{"embeddable":true,"href":"https:\/\/www.europesays.com\/fr\/wp-json\/wp\/v2\/media\/38105"}],"wp:attachment":[{"href":"https:\/\/www.europesays.com\/fr\/wp-json\/wp\/v2\/media?parent=38104"}],"wp:term":[{"taxonomy":"category","embeddable":true,"href":"https:\/\/www.europesays.com\/fr\/wp-json\/wp\/v2\/categories?post=38104"},{"taxonomy":"post_tag","embeddable":true,"href":"https:\/\/www.europesays.com\/fr\/wp-json\/wp\/v2\/tags?post=38104"}],"curies":[{"name":"wp","href":"https:\/\/api.w.org\/{rel}","templated":true}]}}