{"id":381040,"date":"2025-09-10T20:03:14","date_gmt":"2025-09-10T20:03:14","guid":{"rendered":"https:\/\/www.europesays.com\/fr\/381040\/"},"modified":"2025-09-10T20:03:14","modified_gmt":"2025-09-10T20:03:14","slug":"1000-emplois-etudiants-mentors-dans-les-universites-franciliennes","status":"publish","type":"post","link":"https:\/\/www.europesays.com\/fr\/381040\/","title":{"rendered":"1000 emplois \u00e9tudiants mentors dans les universit\u00e9s franciliennes"},"content":{"rendered":"<p>Depuis 2023,<strong>\u00a0la R\u00e9gion \u00cele-de-France a mis en place et finance 1<\/strong>\u00a0<strong>000 emplois \u00e9tudiants mentors dans 16 universit\u00e9s et Sciences Po du territoire.\u00a0<\/strong><\/p>\n<p>Ouverts \u00e0 tous les \u00e9tudiants de moins de 26 ans inscrits dans un \u00e9tablissement d\u2019enseignement sup\u00e9rieur et de recherche francilien, ces contrats de 6 \u00e0 10 mois ont pour objectif de\u00a0<strong>redynamiser le lien social entre les \u00e9tudiants<\/strong>\u00a0en proposant des emplois compatibles avec le rythme des \u00e9tudes sup\u00e9rieures, et d\u2019am\u00e9liorer leur pouvoir d\u2019achat.<\/p>\n","protected":false},"excerpt":{"rendered":"Depuis 2023,\u00a0la R\u00e9gion \u00cele-de-France a mis en place et finance 1\u00a0000 emplois \u00e9tudiants mentors dans 16 universit\u00e9s et&hellip;\n","protected":false},"author":2,"featured_media":381041,"comment_status":"","ping_status":"","sticky":false,"template":"","format":"standard","meta":{"footnotes":""},"categories":[1592],"tags":[1111,11,1777,674,1011,27,662,12,626,25],"class_list":{"0":"post-381040","1":"post","2":"type-post","3":"status-publish","4":"format-standard","5":"has-post-thumbnail","7":"category-ile-de-france","8":"tag-actu","9":"tag-actualites","10":"tag-eu","11":"tag-europe","12":"tag-fr","13":"tag-france","14":"tag-ile-de-france","15":"tag-news","16":"tag-paris","17":"tag-republique-francaise"},"share_on_mastodon":{"url":"https:\/\/pubeurope.com\/@fr\/115181794418325210","error":""},"_links":{"self":[{"href":"https:\/\/www.europesays.com\/fr\/wp-json\/wp\/v2\/posts\/381040","targetHints":{"allow":["GET"]}}],"collection":[{"href":"https:\/\/www.europesays.com\/fr\/wp-json\/wp\/v2\/posts"}],"about":[{"href":"https:\/\/www.europesays.com\/fr\/wp-json\/wp\/v2\/types\/post"}],"author":[{"embeddable":true,"href":"https:\/\/www.europesays.com\/fr\/wp-json\/wp\/v2\/users\/2"}],"replies":[{"embeddable":true,"href":"https:\/\/www.europesays.com\/fr\/wp-json\/wp\/v2\/comments?post=381040"}],"version-history":[{"count":0,"href":"https:\/\/www.europesays.com\/fr\/wp-json\/wp\/v2\/posts\/381040\/revisions"}],"wp:featuredmedia":[{"embeddable":true,"href":"https:\/\/www.europesays.com\/fr\/wp-json\/wp\/v2\/media\/381041"}],"wp:attachment":[{"href":"https:\/\/www.europesays.com\/fr\/wp-json\/wp\/v2\/media?parent=381040"}],"wp:term":[{"taxonomy":"category","embeddable":true,"href":"https:\/\/www.europesays.com\/fr\/wp-json\/wp\/v2\/categories?post=381040"},{"taxonomy":"post_tag","embeddable":true,"href":"https:\/\/www.europesays.com\/fr\/wp-json\/wp\/v2\/tags?post=381040"}],"curies":[{"name":"wp","href":"https:\/\/api.w.org\/{rel}","templated":true}]}}