{"id":381042,"date":"2025-09-10T20:04:13","date_gmt":"2025-09-10T20:04:13","guid":{"rendered":"https:\/\/www.europesays.com\/fr\/381042\/"},"modified":"2025-09-10T20:04:13","modified_gmt":"2025-09-10T20:04:13","slug":"des-personnes-etrangeres-ayant-quitte-le-territoire-suspectees","status":"publish","type":"post","link":"https:\/\/www.europesays.com\/fr\/381042\/","title":{"rendered":"des personnes \u00e9trang\u00e8res ayant quitt\u00e9 le territoire suspect\u00e9es"},"content":{"rendered":"<p>L&rsquo;enqu\u00eate avance dans l&rsquo;affaire des <a href=\"https:\/\/www.ledauphine.com\/faits-divers-justice\/2025\/09\/09\/des-tetes-de-cochon-trouvees-devant-plusieurs-mosquees-au-reveil\" target=\"_blank\" rel=\"noopener\">t\u00eates de cochon d\u00e9pos\u00e9es devant des mosqu\u00e9es en r\u00e9gion parisienne<\/a>. Ces actes auraient \u00e9t\u00e9 r\u00e9alis\u00e9s par des \u00ab personnes de nationalit\u00e9 \u00e9trang\u00e8re qui ont aussit\u00f4t quitt\u00e9 le territoire \u00bb, a indiqu\u00e9 mercredi le parquet de Paris, d\u00e9non\u00e7ant \u00ab une volont\u00e9 manifeste de provoquer le trouble au sein de la nation \u00bb.<\/p>\n<p>Selon le parquet, sollicit\u00e9 par l&rsquo;AFP apr\u00e8s une information de <a href=\"https:\/\/www.bfmtv.com\/police-justice\/tetes-de-porc-decapitees-devant-des-mosquees-de-nouvelles-images-de-videosurveillance-d-un-suspect_AN-202509100446.html\" target=\"_blank\" rel=\"nofollow noopener\">BFMTV<\/a>, \u00ab un agriculteur normand s&rsquo;est manifest\u00e9 aupr\u00e8s des enqu\u00eateurs pour signaler que deux personnes \u00e9taient venues lui acheter une dizaine de t\u00eates de cochon \u00bb, avec un v\u00e9hicule \u00ab dont la plaque d&rsquo;immatriculation serait serbe \u00bb.<\/p>\n<p>\u00ab Les recherches en mati\u00e8re de vid\u00e9o-protection ont \u00e9tabli que c&rsquo;est avec ce m\u00eame v\u00e9hicule que ces personnes sont arriv\u00e9es \u00e0 Paris, pr\u00e8s (du quartier) Oberkampf, dans la nuit de lundi 8 \u00e0 mardi 9 septembre \u00bb, a expliqu\u00e9 le minist\u00e8re public.<\/p>\n<p>\u00ab Actions d&rsquo;ing\u00e9rence \u00e9trang\u00e8re \u00bb<\/p>\n<p>Il a pr\u00e9cis\u00e9 que les images avaient \u00ab \u00e9galement montr\u00e9 deux hommes d\u00e9poser les t\u00eates devant un certain nombre de mosqu\u00e9es \u00bb. Ces individus \u00ab sont susceptibles d&rsquo;avoir utilis\u00e9 une ligne de t\u00e9l\u00e9phone croate, dont le suivi atteste d&rsquo;un franchissement de la fronti\u00e8re franco-belge d\u00e8s le mardi matin, apr\u00e8s la commission des faits \u00bb, a encore indiqu\u00e9 le parquet.<\/p>\n<p>Neuf t\u00eates de porc, animal consid\u00e9r\u00e9 comme impur par l&rsquo;islam, ont \u00e9t\u00e9 d\u00e9couvertes mardi matin devant des mosqu\u00e9es de la capitale et de la r\u00e9gion parisienne, suscitant des r\u00e9actions indign\u00e9es. Ces t\u00eates de porc ont notamment \u00e9t\u00e9 d\u00e9couvertes \u00e0 Paris, devant des mosqu\u00e9es des 15e, 18e et 20e arrondissement, ainsi que devant l&rsquo;entr\u00e9e de la mosqu\u00e9e Islah \u00e0 Montreuil (Seine-Saint-Denis), et \u00e0 Montrouge, Malakoff (Hauts-de-Seine) et Gentilly (Val-de-Marne).<\/p>\n<p>Le pr\u00e9fet de police, Laurent Nunez, avait dans la foul\u00e9e \u00e9voqu\u00e9 de possibles \u00ab actions d&rsquo;ing\u00e9rence \u00e9trang\u00e8re \u00bb. Il faisait r\u00e9f\u00e9rence \u00e0 de pr\u00e9c\u00e9dentes affaires, attribu\u00e9es \u00e0 de possibles ing\u00e9rences \u00e9trang\u00e8res, dont les tags d&rsquo;\u00e9toiles de David dans Paris \u00e0 l&rsquo;automne 2023 ou de mains rouges sur le M\u00e9morial de la Shoah en mai 2024.<\/p>\n","protected":false},"excerpt":{"rendered":"L&rsquo;enqu\u00eate avance dans l&rsquo;affaire des t\u00eates de cochon d\u00e9pos\u00e9es devant des mosqu\u00e9es en r\u00e9gion parisienne. Ces actes auraient&hellip;\n","protected":false},"author":2,"featured_media":381043,"comment_status":"","ping_status":"","sticky":false,"template":"","format":"standard","meta":{"footnotes":""},"categories":[1592],"tags":[1111,11,271,272,1777,674,274,107,1011,27,329,662,12,626,5889,25],"class_list":{"0":"post-381042","1":"post","2":"type-post","3":"status-publish","4":"format-standard","5":"has-post-thumbnail","7":"category-ile-de-france","8":"tag-actu","9":"tag-actualites","10":"tag-crime","11":"tag-delit-et-contravention","12":"tag-eu","13":"tag-europe","14":"tag-faits-divers-justice","15":"tag-fil-info","16":"tag-fr","17":"tag-france","18":"tag-france-monde","19":"tag-ile-de-france","20":"tag-news","21":"tag-paris","22":"tag-religion-croyance","23":"tag-republique-francaise"},"share_on_mastodon":{"url":"https:\/\/pubeurope.com\/@fr\/115181798402457298","error":""},"_links":{"self":[{"href":"https:\/\/www.europesays.com\/fr\/wp-json\/wp\/v2\/posts\/381042","targetHints":{"allow":["GET"]}}],"collection":[{"href":"https:\/\/www.europesays.com\/fr\/wp-json\/wp\/v2\/posts"}],"about":[{"href":"https:\/\/www.europesays.com\/fr\/wp-json\/wp\/v2\/types\/post"}],"author":[{"embeddable":true,"href":"https:\/\/www.europesays.com\/fr\/wp-json\/wp\/v2\/users\/2"}],"replies":[{"embeddable":true,"href":"https:\/\/www.europesays.com\/fr\/wp-json\/wp\/v2\/comments?post=381042"}],"version-history":[{"count":0,"href":"https:\/\/www.europesays.com\/fr\/wp-json\/wp\/v2\/posts\/381042\/revisions"}],"wp:featuredmedia":[{"embeddable":true,"href":"https:\/\/www.europesays.com\/fr\/wp-json\/wp\/v2\/media\/381043"}],"wp:attachment":[{"href":"https:\/\/www.europesays.com\/fr\/wp-json\/wp\/v2\/media?parent=381042"}],"wp:term":[{"taxonomy":"category","embeddable":true,"href":"https:\/\/www.europesays.com\/fr\/wp-json\/wp\/v2\/categories?post=381042"},{"taxonomy":"post_tag","embeddable":true,"href":"https:\/\/www.europesays.com\/fr\/wp-json\/wp\/v2\/tags?post=381042"}],"curies":[{"name":"wp","href":"https:\/\/api.w.org\/{rel}","templated":true}]}}