{"id":381044,"date":"2025-09-10T20:05:17","date_gmt":"2025-09-10T20:05:17","guid":{"rendered":"https:\/\/www.europesays.com\/fr\/381044\/"},"modified":"2025-09-10T20:05:17","modified_gmt":"2025-09-10T20:05:17","slug":"le-maire-de-brest-francois-cuillandre-definitivement-condamne","status":"publish","type":"post","link":"https:\/\/www.europesays.com\/fr\/381044\/","title":{"rendered":"Le maire de Brest, Fran\u00e7ois Cuillandre d\u00e9finitivement condamn\u00e9"},"content":{"rendered":"<p class=\"article__intro\">Ce mercredi 10 septembre, la cour d\u2019appel de Rennes a confirm\u00e9 la culpabilit\u00e9 de Fran\u00e7ois Cuillandre. Il avait fait appel de sa condamnation \u00e0 1\u00a0000 euros d\u2019amende pour avoir injuri\u00e9 un brestois lors d\u2019un conseil municipal en F\u00e9vrier 2024.<\/p>\n<p>\n      La Quotidienne Soci\u00e9t\u00e9\n    <\/p>\n<p>\n      De la vie quotidienne aux grands enjeux, recevez tous les jours les sujets qui font la soci\u00e9t\u00e9 locale, comme la justice, l\u2019\u00e9ducation, la sant\u00e9 et la famille.\n    <\/p>\n<p>    France T\u00e9l\u00e9visions utilise votre adresse e-mail afin de vous envoyer la newsletter \u00ab\u00a0La Quotidienne Soci\u00e9t\u00e9\u00a0\u00bb. Vous pouvez vous d\u00e9sinscrire \u00e0 tout moment via le lien en bas de cette newsletter. <a target=\"_blank\" href=\"https:\/\/www.francetelevisions.fr\/groupe\/confidentialite\/politique-de-confidentialite\/politique-de-confidentialite-de-france-televisions-6503\" rel=\"nofollow noopener\">Notre politique de confidentialit\u00e9<\/a><\/p>\n<p>Le maire de Brest comparaissait pour injure publique en raison de l\u2019ethnie, l\u2019origine, la nation la race ou la religion par personne d\u00e9positaire de l\u2019autorit\u00e9 publique.<\/p>\n<p>Le 6 F\u00e9vrier 2024, lors d\u2019un conseil municipal, Yacim Yenier, \u00ab\u00a0le Berger du Quartier\u00a0\u00bb avait sollicit\u00e9 \u00ab\u00a0une prise de parole\u00a0\u00bb pour \u00e9voquer le v\u00e9cu de la famille d\u2019une octog\u00e9naire d\u00e9c\u00e9d\u00e9e dans le quartier de Pontan\u00e9zen en mars 2023, \u00e0 l\u2019issue d\u2019un rod\u00e9o urbain.<\/p>\n<p>Le maire avait refus\u00e9 d\u2019acc\u00e9der \u00e0 sa demande, mais Nazim Yenier avait enjamb\u00e9 la rambarde de s\u00e9curit\u00e9 pour distribuer des tracts apr\u00e8s avoir \u00ab\u00a0apostroph\u00e9 pendant plusieurs minutes\u00a0\u00bb le maire et ses adjoints. \u00ab\u00a0Qui se cache derri\u00e8re le masque du berger\u00a0?\u00a0 lui avait alors demand\u00e9 Fran\u00e7ois Cuillandre. \u00ab\u00a0l\u2019extr\u00e8me droite turque la plus violente qui puisse exister\u00a0\u00bb avait-il poursuivi, au micro alors que le conseil municipal \u00e9tait diffus\u00e9 en direct sur Youtube. Le \u00ab\u00a0Berger du Quartier\u00a0\u00bb avait ensuite \u00e9t\u00e9 expuls\u00e9 de la salle du conseil par les agents de s\u00e9curit\u00e9.<\/p>\n<p>\u00a0Condamn\u00e9 \u00e0 1 000 euros d&rsquo;amende en premi\u00e8re instance<\/p>\n<p>Le tribunal correctionnel de Brest avait condamn\u00e9 le maire de Brest \u00e0\u00a01.000 \u20ac d&rsquo;amende\u00a0pour \u00ab\u00a0injure publique en raison de la race\u00a0\u00bb. Fran\u00e7ois Cuillandre &#8211; qui avait aussi d\u00fb\u00a0prendre en charge les frais de justice de la partie civile &#8211; avait alors fait appel.<\/p>\n<p>Lors de son second proc\u00e8s le 25 juin 2025, le maire de Brest avait \u00e9t\u00e9 accus\u00e9 par l&rsquo;avocat de Nazim Yenier d&rsquo;avoir voulu comparer son client aux Loups gris, une organisation ultranationaliste turque proche du pr\u00e9sident Erdogan. \u00ab\u00a0Je n&rsquo;ai jamais pr\u00e9tendu qu&rsquo;il \u00e9tait un assassin, qu&rsquo;il avait une kalachnikov dans sa voiture\u00a0\u00bb, avait r\u00e9torqu\u00e9 le maire socialiste.\u00a0\u00ab\u00a0Ma r\u00e9ponse a \u00e9t\u00e9 brutale dans un contexte brutal\u00a0\u00bb, avait surtout redit l&rsquo;\u00e9lu, confront\u00e9 \u00e0 la \u00ab\u00a0violence permanente\u00a0\u00bb de\u00a0Nazim Yenier\u00a0envers \u00ab\u00a0les institutions\u00a0\u00bb.<\/p>\n<p>Ce mercredi 10 septembre, la cour d\u2019appel de Rennes a jug\u00e9 irrecevable l\u2019exception de nullit\u00e9 qui avait \u00e9t\u00e9 soulev\u00e9e par l\u2019avocat de Fran\u00e7ois Puillandre. Le maire de Brest devra donc payer une amende de 1\u00a0000 euros et 800 euros suppl\u00e9mentaires au \u00ab\u00a0Berger du Quartiers\u00a0\u00bb pour ses frais de justice en appel.<\/p>\n<p>Selon nos confr\u00e8res d\u2019Ici,<a> il a d\u00e9cid\u00e9 de se pourvoir en cassation.<\/a><\/p>\n","protected":false},"excerpt":{"rendered":"Ce mercredi 10 septembre, la cour d\u2019appel de Rennes a confirm\u00e9 la culpabilit\u00e9 de Fran\u00e7ois Cuillandre. Il avait&hellip;\n","protected":false},"author":2,"featured_media":381045,"comment_status":"","ping_status":"","sticky":false,"template":"","format":"standard","meta":{"footnotes":""},"categories":[1888],"tags":[1111,1928,11,1927,1777,674,1011,27,12,1926,626,1925,25],"class_list":{"0":"post-381044","1":"post","2":"type-post","3":"status-publish","4":"format-standard","5":"has-post-thumbnail","7":"category-paris","8":"tag-actu","9":"tag-actu-paris","10":"tag-actualites","11":"tag-actualites-paris","12":"tag-eu","13":"tag-europe","14":"tag-fr","15":"tag-france","16":"tag-news","17":"tag-news-paris","18":"tag-paris","19":"tag-paris-news","20":"tag-republique-francaise"},"share_on_mastodon":{"url":"https:\/\/pubeurope.com\/@fr\/115181802302681505","error":""},"_links":{"self":[{"href":"https:\/\/www.europesays.com\/fr\/wp-json\/wp\/v2\/posts\/381044","targetHints":{"allow":["GET"]}}],"collection":[{"href":"https:\/\/www.europesays.com\/fr\/wp-json\/wp\/v2\/posts"}],"about":[{"href":"https:\/\/www.europesays.com\/fr\/wp-json\/wp\/v2\/types\/post"}],"author":[{"embeddable":true,"href":"https:\/\/www.europesays.com\/fr\/wp-json\/wp\/v2\/users\/2"}],"replies":[{"embeddable":true,"href":"https:\/\/www.europesays.com\/fr\/wp-json\/wp\/v2\/comments?post=381044"}],"version-history":[{"count":0,"href":"https:\/\/www.europesays.com\/fr\/wp-json\/wp\/v2\/posts\/381044\/revisions"}],"wp:featuredmedia":[{"embeddable":true,"href":"https:\/\/www.europesays.com\/fr\/wp-json\/wp\/v2\/media\/381045"}],"wp:attachment":[{"href":"https:\/\/www.europesays.com\/fr\/wp-json\/wp\/v2\/media?parent=381044"}],"wp:term":[{"taxonomy":"category","embeddable":true,"href":"https:\/\/www.europesays.com\/fr\/wp-json\/wp\/v2\/categories?post=381044"},{"taxonomy":"post_tag","embeddable":true,"href":"https:\/\/www.europesays.com\/fr\/wp-json\/wp\/v2\/tags?post=381044"}],"curies":[{"name":"wp","href":"https:\/\/api.w.org\/{rel}","templated":true}]}}