{"id":381048,"date":"2025-09-10T20:07:14","date_gmt":"2025-09-10T20:07:14","guid":{"rendered":"https:\/\/www.europesays.com\/fr\/381048\/"},"modified":"2025-09-10T20:07:14","modified_gmt":"2025-09-10T20:07:14","slug":"bloquons-tout-une-militante-du-collectif-nemesis-violemment-agressee-lors-de-la-manifestation-a-paris","status":"publish","type":"post","link":"https:\/\/www.europesays.com\/fr\/381048\/","title":{"rendered":"\u00ab Bloquons tout \u00bb : une militante du collectif N\u00e9m\u00e9sis violemment agress\u00e9e lors de la manifestation \u00e0 Paris"},"content":{"rendered":"<p>                                            Faits divers\n                                                                            <\/p>\n<p>\n                                            Une membre du collectif N\u00e9m\u00e9sis a \u00e9t\u00e9 violent\u00e9e par une manifestante particuli\u00e8rement agressive. Par la suite, les militantes du mouvement f\u00e9ministe identitaire ont \u00e9t\u00e9 expuls\u00e9es de la manifestation qui se tenait ce 10 septembre dans le cadre du mouvement \u00ab\u202fBloquons tout\u202f\u00bb.                                        <\/p>\n<p>                                                Publi\u00e9 le 10 septembre 2025 \u00e0 19h34                                                                                            <\/p>\n<p>                                            <img loading=\"lazy\" width=\"849\" height=\"640\" src=\"https:\/\/www.europesays.com\/fr\/wp-content\/uploads\/2025\/09\/nemesis.webp.webp\" class=\"attachment-post-thumbnail size-post-thumbnail wp-post-image lazy\" alt=\"Une militante de N\u00e9m\u00e9sis violemment agress\u00e9e durant la manif \u00e0 Paris \u00a9 Capture d'\u00e9cran X\" decoding=\"async\"  data-\/><\/p>\n<p>                                            Une militante de N\u00e9m\u00e9sis violemment agress\u00e9e durant la manif \u00e0 Paris \u00a9 Capture d&rsquo;\u00e9cran X<\/p>\n<p data-start=\"96\" data-end=\"527\">Durant les violences qui ont \u00e9clat\u00e9 \u00e0 travers l\u2019Hexagone, notamment \u00e0 Paris, dans le cadre du mouvement \u00ab\u202fBloquons tout\u202f\u00bb <a href=\"https:\/\/www.valeursactuelles.com\/societe\/bloquons-tout-le-10-septembre-circulation-perturbee-ecoles-fermees-corteges-dans-les-rues-ce-qui-attend-les-francais\" target=\"_blank\" rel=\"noopener\">ce mercredi 10 septembre<\/a>, une membre du collectif N\u00e9m\u00e9sis a \u00e9t\u00e9 agress\u00e9e, comme le montre une vid\u00e9o post\u00e9e sur X par Alice Cordier, pr\u00e9sidente du collectif. Ce mercredi 10 septembre, le groupe f\u00e9ministe s\u2019\u00e9tait rendu \u00e0 la manifestation qui se tenait place de la R\u00e9publique, \u00e0 Paris, pour s\u2019opposer au plan budg\u00e9taire du gouvernement.<\/p>\n<p><a href=\"https:\/\/www.valeursactuelles.com\/societe\/blocages-du-10-septembre-bruno-retailleau-accuse-lultra-gauche-davoir-detourne-la-mobilisation-apres-les-200-interpellations\" class=\"h-flex h-align-items-center h-border-tb h-ptb-15\" target=\"_blank\" rel=\"noopener\">A\u00a0LIRE\u00a0Blocages du 10 septembre : Bruno Retailleau accuse l\u2019ultragauche d\u2019avoir \u00ab d\u00e9tourn\u00e9 \u00bb la mobilisation apr\u00e8s les 200 interpellations<\/a><\/p>\n<blockquote class=\"twitter-tweet\">\n<p dir=\"ltr\" lang=\"fr\">UNE DE NOS MILITANTES <a href=\"https:\/\/twitter.com\/anais_nemesis_?ref_src=twsrc%5Etfw\" target=\"_blank\" rel=\"noopener\">@anais_nemesis_<\/a> VIENT DE SE FAIRE AGRESSER \u00c0 LA MANIF DU 10 SEPTEMBRE.<\/p>\n<p>C\u2019EST M\u00caME UNE FEMME QUI MANQUE DE L\u2019ASSOMMER. <a href=\"https:\/\/t.co\/x3yswfxqNp\">pic.twitter.com\/x3yswfxqNp<\/a><\/p>\n<p>\u2014 Alice Cordier (@CordierAlice2) <a href=\"https:\/\/twitter.com\/CordierAlice2\/status\/1965733581441159200?ref_src=twsrc%5Etfw\" target=\"_blank\" rel=\"noopener\">September 10, 2025<\/a><\/p>\n<\/blockquote>\n<p data-start=\"529\" data-end=\"876\">Comme souvent, le collectif f\u00e9ministe identitaire s\u2019est retrouv\u00e9 pris pour cible. Sa porte-parole, Ana\u00efs, a \u00e9t\u00e9 attaqu\u00e9e par une femme v\u00eatue de noir, le visage dissimul\u00e9 par un masque chirurgical et portant une casquette beige. La manifestante se tenait derri\u00e8re la jeune militante et lui a violemment tir\u00e9 les cheveux, la faisant tomber au sol.<\/p>\n<p>Une autre militante agress\u00e9e<a href=\"https:\/\/www.valeursactuelles.com\/clubvaleurs\/societe\/extreme-gauche-des-journalistes-de-va-et-des-membres-du-collectif-nemesis-violemment-agresses-par-des-militants-antifascistes\" class=\"h-flex h-align-items-center h-border-tb h-ptb-15\" target=\"_blank\" rel=\"noopener\">A\u00a0LIRE\u00a0Extr\u00eame gauche : Des journalistes de VA+ et des membres du collectif N\u00e9m\u00e9sis violemment agress\u00e9s par des militants antifascistes<\/a><\/p>\n<p data-start=\"914\" data-end=\"1361\">Un autre enregistrement, r\u00e9alis\u00e9 par un journaliste de <a href=\"https:\/\/x.com\/Frontieresmedia\/status\/1965729733477613727\" target=\"_blank\" rel=\"noopener\">Fronti\u00e8res<\/a>, capture les moments suivant la chute d\u2019Ana\u00efs. Des manifestants, visiblement agressifs, semblent nier l\u2019incident\u202f: \u00ab\u202fElle l\u2019a fait expr\u00e8s\u202f\u00bb, \u00ab\u202fElle est tomb\u00e9e toute seule\u202f\u00bb, ou encore \u00ab\u202fTa gueule\u202f\u00bb, peut-on entendre. La situation d\u00e9g\u00e9n\u00e8re rapidement, avec des bousculades, tandis que la foule hurle au collectif N\u00e9m\u00e9sis et \u00e0 l\u2019\u00e9quipe de Fronti\u00e8res\u202f: \u00ab\u202fCassez\u2011vous\u202f!\u202f\u00bb.<\/p>\n<\/p>\n<p data-start=\"1363\" data-end=\"1784\">Toujours sur son compte <a href=\"https:\/\/x.com\/CordierAlice2\/status\/1965746660979646728\" target=\"_blank\" rel=\"noopener\">X<\/a>, Alice Cordier a partag\u00e9 une nouvelle vid\u00e9o montrant une autre militante du collectif se faire prendre \u00e0 partie. Elle \u00e9crit\u202f: \u00ab\u202fUNE DEUXI\u00c8ME MILITANTE A \u00c9T\u00c9 AGRESS\u00c9E PENDANT NOTRE ACTION. Ces m\u00eames nervis qui se disent f\u00e9minines n\u2019ont aucun souci \u00e0 violenter des femmes. Leur manif est une manif de haine, je n\u2019y ai vu aucun slogan sur le budget ou la pr\u00e9carit\u00e9 du peuple. Que de la haine.\u202f\u00bb<\/p>\n<p>                                                                    <script async src=\"https:\/\/platform.twitter.com\/widgets.js\" charset=\"utf-8\"><\/script><\/p>\n","protected":false},"excerpt":{"rendered":"Faits divers Une membre du collectif N\u00e9m\u00e9sis a \u00e9t\u00e9 violent\u00e9e par une manifestante particuli\u00e8rement agressive. Par la suite,&hellip;\n","protected":false},"author":2,"featured_media":381049,"comment_status":"","ping_status":"","sticky":false,"template":"","format":"standard","meta":{"footnotes":""},"categories":[1888],"tags":[11,1120,51429,51430,1777,674,1011,27,2088,12820,12,626,25],"class_list":{"0":"post-381048","1":"post","2":"type-post","3":"status-publish","4":"format-standard","5":"has-post-thumbnail","7":"category-paris","8":"tag-actualites","9":"tag-agression","10":"tag-alice-cordier","11":"tag-collectif-nemesis","12":"tag-eu","13":"tag-europe","14":"tag-fr","15":"tag-france","16":"tag-manifestation","17":"tag-militant","18":"tag-news","19":"tag-paris","20":"tag-republique-francaise"},"share_on_mastodon":{"url":"https:\/\/pubeurope.com\/@fr\/115181810912991262","error":""},"_links":{"self":[{"href":"https:\/\/www.europesays.com\/fr\/wp-json\/wp\/v2\/posts\/381048","targetHints":{"allow":["GET"]}}],"collection":[{"href":"https:\/\/www.europesays.com\/fr\/wp-json\/wp\/v2\/posts"}],"about":[{"href":"https:\/\/www.europesays.com\/fr\/wp-json\/wp\/v2\/types\/post"}],"author":[{"embeddable":true,"href":"https:\/\/www.europesays.com\/fr\/wp-json\/wp\/v2\/users\/2"}],"replies":[{"embeddable":true,"href":"https:\/\/www.europesays.com\/fr\/wp-json\/wp\/v2\/comments?post=381048"}],"version-history":[{"count":0,"href":"https:\/\/www.europesays.com\/fr\/wp-json\/wp\/v2\/posts\/381048\/revisions"}],"wp:featuredmedia":[{"embeddable":true,"href":"https:\/\/www.europesays.com\/fr\/wp-json\/wp\/v2\/media\/381049"}],"wp:attachment":[{"href":"https:\/\/www.europesays.com\/fr\/wp-json\/wp\/v2\/media?parent=381048"}],"wp:term":[{"taxonomy":"category","embeddable":true,"href":"https:\/\/www.europesays.com\/fr\/wp-json\/wp\/v2\/categories?post=381048"},{"taxonomy":"post_tag","embeddable":true,"href":"https:\/\/www.europesays.com\/fr\/wp-json\/wp\/v2\/tags?post=381048"}],"curies":[{"name":"wp","href":"https:\/\/api.w.org\/{rel}","templated":true}]}}