{"id":381050,"date":"2025-09-10T20:08:11","date_gmt":"2025-09-10T20:08:11","guid":{"rendered":"https:\/\/www.europesays.com\/fr\/381050\/"},"modified":"2025-09-10T20:08:11","modified_gmt":"2025-09-10T20:08:11","slug":"a-paris-les-manifestants-de-bloquons-tout-dechantent-face-au-dispositif-policier-liberation","status":"publish","type":"post","link":"https:\/\/www.europesays.com\/fr\/381050\/","title":{"rendered":"\u00e0 Paris, les manifestants de Bloquons tout d\u00e9chantent face au dispositif policier \u2013 Lib\u00e9ration"},"content":{"rendered":"<p class=\"sc-cPiKLX AiZTS text-element\">C\u2019est une sorte de partie g\u00e9ante du jeu du chat et de la souris qui s\u2019est lanc\u00e9e \u00e0 Paris ce mercredi 10 septembre alors que le soleil n\u2019\u00e9tait pas encore lev\u00e9. Dans le r\u00f4le du chat, les forces de l\u2019ordre, dont il est impossible de rater la pr\u00e9sence dans les rues de la capitale. Partout on aper\u00e7oit des gyrophares bleus qui clignotent, des fourgons gar\u00e9s en file indienne et des motards en gilet pare-balles qui font des rondes \u00e0 toutes bombes. <\/p>\n<p class=\"sc-cPiKLX AiZTS text-element\">Dans celui de la souris, les manifestants. Des jeunes surtout, ancr\u00e9s tr\u00e8s \u00e0 gauche, rarement \u00e2g\u00e9s de plus de 25 ans, qui cherchent \u00e0 couper la circulation pour paralyser Paris \u00e0 l\u2019appel du <a href=\"https:\/\/www.liberation.fr\/politique\/bloquons-tout-ce-quil-faut-savoir-sur-les-actions-a-la-mi-journee-ce-mercredi-20250910_KZVRNIZY4BGLZGWCEVWHHRMH2Q\/\" target=\"_blank\" rel=\"noreferrer noopener\" title=\"https:\/\/www.liberation.fr\/politique\/bloquons-tout-ce-quil-faut-savoir-sur-les-actions-a-la-mi-journee-ce-mercredi-20250910_KZVRNIZY4BGLZGWCEVWHHRMH2Q\/\">mouvement Bloquons tout<\/a>. Objectif : mettre la pression sur le gouvernement pour qu\u2019il revienne sur le projet de budget qui selon eux demande <a href=\"https:\/\/www.liberation.fr\/economie\/social\/retraites-modestes-chomeurs-pauvres-qui-sont-les-principales-victimes-du-projet-de-bayrou-pour-le-budget-2026-20250717_WNHBOFO2ZBGJDHXV22KN5WHGIM\/\" target=\"_blank\" rel=\"noreferrer noopener\" title=\"https:\/\/www.liberation.fr\/economie\/social\/retraites-modestes-chomeurs-pauvres-qui-sont-les-principales-victimes-du-projet-de-bayrou-pour-le-budget-2026-20250717_WNHBOFO2ZBGJDHXV22KN5WHGIM\/\">beaucoup \u00e0 ceux qui ont peu<\/a> et <a href=\"https:\/\/www.liberation.fr\/economie\/dans-le-plan-budgetaire-de-bayrou-les-grandes-entreprises-et-les-plus-fortunes-epargnes-20250717_UU4FAZYU6REURN3ONFZMKGOHLQ\/\" target=\"_blank\" rel=\"noreferrer noopener\" title=\"https:\/\/www.liberation.fr\/economie\/dans-le-plan-budgetaire-de-bayrou-les-grandes-entreprises-et-les-plus-fortunes-epargnes-20250717_UU4FAZYU6REURN3ONFZMKGOHLQ\/\">peu \u00e0 ceux qui ont beaucoup<\/a>. Et d\u00e9noncer la \u00abcasse sociale\u00bb men\u00e9e par le Pr\u00e9sident depuis huit ans, glisse un manifestant remont\u00e9 par la <a href=\"https:\/\/www.liberation.fr\/politique\/sebastien-lecornu-a-matignon-lultime-provocation-de-lentete-de-lelysee-20250910_UOH24I6PNVBYVAD24RBMDBLBAY\/\" target=\"_blank\" rel=\"noreferrer noopener\" title=\"https:\/\/www.liberation.fr\/politique\/sebastien-lecornu-a-matignon-lultime-provocation-de-lentete-de-lelysee-20250910_UOH24I6PNVBYVAD24RBMDBLBAY\/\">nomination \u00e0 Matignon la veille de S\u00e9bastien Lecornu<\/a>, macroniste de la premi\u00e8re heure. <\/p>\n<p class=\"sc-cPiKLX AiZTS text-element\">Aux aurores, dans le sud de la capitale, des petits groupes se d\u00e9placent par grappes, \u00e0 pied ou \u00e0 v\u00e9lo. Ils suivent les messages \u00e9chang\u00e9s dans <a href=\"https:\/\/www.liberation.fr\/economie\/social\/mouvement-du-10-septembre-comment-la-mobilisation-sorganise-sur-les-reseaux-sociaux-20250905_LKWWQPI2ZRCKDC3MP747EEFILA\/\" target=\"_blank\" rel=\"noreferrer noopener\" title=\"https:\/\/www.liberation.fr\/economie\/social\/mouvement-du-10-septembre-comment-la-mobilisation-sorganise-sur-les-reseaux-sociaux-20250905_LKWWQPI2ZRCKDC3MP747EEFILA\/\">des dizaines de canaux Telegram<\/a>, les appels \u00e0 bloquer telle ou telle porte de Paris, et les secteurs \u00e0 \u00e9viter quand les policiers y sont pr\u00e9sents en nombre. Peu apr\u00e8s 7 heures, une centaine de personnes mettent le cap sur la porte d\u2019Ivry. Le petit cort\u00e8ge s\u2019installe en plein milieu de la route, devant une des sorties du p\u00e9riph\u00e9rique o\u00f9 des automobilistes les regardent mi-interloqu\u00e9s mi-\u00e9nerv\u00e9s. <\/p>\n<p class=\"sc-cPiKLX AiZTS text-element\">Cheveux mi-longs et masque FFP2 sous le nez, Arthur (1), la vingtaine, sourit. Cela fait deux heures qu\u2019il marche dans Paris, et apr\u00e8s avoir \u00e9chou\u00e9 avec d\u2019autres \u00e0 perturber le trafic aux portes d\u2019Orl\u00e9ans et d\u2019Italie, un bouchon se cr\u00e9e enfin devant ses yeux. \u00abIl y a beaucoup trop de flics. D\u00e8s qu\u2019on essaie de faire quoi que ce soit, on se fait gazer, souffle-t-il. On ne va pas se mentir, c\u2019est un petit peu un flop. On se fait compl\u00e8tement r\u00e9primer.\u00bb Le ralentissement ne dure pas. Les voltigeurs de <a href=\"https:\/\/www.liberation.fr\/societe\/police-justice\/au-proces-de-la-brav-m-dix-policiers-accuses-de-violences-et-de-menaces-mais-une-remise-en-question-a-minima-20250613_D7MHFX7BUZB43EFZJUNXQAQXRM\/\" target=\"_blank\" rel=\"noreferrer noopener\" title=\"https:\/\/www.liberation.fr\/societe\/police-justice\/au-proces-de-la-brav-m-dix-policiers-accuses-de-violences-et-de-menaces-mais-une-remise-en-question-a-minima-20250613_D7MHFX7BUZB43EFZJUNXQAQXRM\/\">la Brav-M<\/a> d\u00e9boulent quelques minutes plus tard. Plusieurs manifestants sont attrap\u00e9s, fouill\u00e9s, contr\u00f4l\u00e9s, et pour certains interpell\u00e9s. A 9 h 30, le minist\u00e8re de l\u2019Int\u00e9rieur parlait de 192 interpellations, dont 132 rien qu\u2019\u00e0 Paris. <\/p>\n<p class=\"sc-cPiKLX AiZTS text-element\">Pour les autres, la partie continue. \u00abBon, qu\u2019est-ce qu\u2019on fait ? On se bouge ? demande un quadrag\u00e9naire qui en est ressorti avec une simple remontrance de la part d\u2019un policier. J\u2019ai l\u2019impression que pour les blocages de ce matin, par ici, c\u2019est termin\u00e9.\u00bb A quelques rues de l\u00e0, le local d\u2019une association de quartier sert de \u00abbase arri\u00e8re\u00bb. On y sert du caf\u00e9, des fruits et des viennoiseries. Et on r\u00e9fl\u00e9chit \u00e0 la suite \u00e0 donner \u00e0 ce d\u00e9but de matin\u00e9e. <\/p>\n<p class=\"sc-cPiKLX AiZTS text-element\">Certains appellent \u00e0 se joindre aux cheminots, qui se rassembleraient \u00e0 Montparnasse. D\u2019autres \u00e0 appuyer des blocages d\u2019\u00e9tablissements scolaires, comme le lyc\u00e9e Claude-Monet dans le XIIIe arrondissement dont l\u2019entr\u00e9e est barr\u00e9e par plusieurs dizaines d\u2019\u00e9tudiants assis sur des poubelles, ou encore \u00e0 traverser Paris pour rejoindre plus au nord des manifestants qui semblent avoir un peu plus de succ\u00e8s. L\u2019engouement est un peu retomb\u00e9. Difficile de croire que la capitale sera bloqu\u00e9e ce 10 septembre. \u00abIl ne faut pas se d\u00e9courager, il n\u2019est que 8 h 45, la journ\u00e9e est encore longue, positive une \u00e9tudiante. Et puis de toute fa\u00e7on, nous, \u00e0 Paris, ce n\u2019est pas forc\u00e9ment le plus important. \u00c7a bouge partout en France et c\u2019est \u00e7a compte.\u00bb <\/p>\n<p class=\"sc-cPiKLX AiZTS text-element\">Dans les boucles Telegram, nouveau mot d\u2019ordre : se rassembler \u00e0 gare du Nord pour soutenir les cheminots et organiser une assembl\u00e9e g\u00e9n\u00e9rale. L\u2019\u00e9difice construit il y a pr\u00e8s de deux si\u00e8cles est lourdement gard\u00e9. Des gendarmes patrouillent par petits groupes \u00e0 l\u2019int\u00e9rieur et contr\u00f4lent au faci\u00e8s tous les jeunes qui n\u2019ont pas l\u2019air d\u2019\u00eatre l\u00e0 pour prendre un train. Cinq \u00e9tudiantes qui n\u2019ont pas encore 20 ans, amies de lyc\u00e9e et toutes aujourd\u2019hui dans des fili\u00e8res diff\u00e9rentes, les regardent de loin, s\u2019interrogeant sur la possibilit\u00e9 d\u2019\u00eatre plac\u00e9es en garde \u00e0 vue pour le simple motif d\u2019\u00eatre l\u00e0, devant la gare, en ce mercredi matin.<\/p>\n<p class=\"sc-cPiKLX AiZTS text-element\">Plusieurs convois finissent par arriver. Tant et si bien qu\u2019un gros millier de personnes font face \u00e0 l\u2019entr\u00e9e principale, barr\u00e9e par un cordon de forces de l\u2019ordre. Lanc\u00e9s par une petite fanfare, les chants fusent. Cela va du <a href=\"https:\/\/www.liberation.fr\/checknews\/2019\/12\/10\/d-ou-vient-l-hymne-on-est-la-chante-dans-les-manifs-depuis-un-an_1768086\/\" target=\"_blank\" rel=\"noreferrer noopener\" title=\"https:\/\/www.liberation.fr\/checknews\/2019\/12\/10\/d-ou-vient-l-hymne-on-est-la-chante-dans-les-manifs-depuis-un-an_1768086\/\">traditionnel \u00abM\u00eame si Macron ne le veut pas, nous, on est l\u00e0\u00bb<\/a> au plus circonstanci\u00e9 \u00abNous aussi, on va passer en force\u00bb. \u00abEntendre tout \u00e7a, \u00e7a me rend tellement nostalgique\u00bb, lance un jeune aux longs cheveux blonds attach\u00e9s en chignon. Une de ses camarades de lutte lui r\u00e9pond : \u00ab\u00c7a me rappelle tellement les manifs contre la <a href=\"https:\/\/www.liberation.fr\/societe\/police-justice\/securite-globale-une-proposition-de-loi-toujours-controversee-et-definitivement-adoptee-20210415_DKJE35JB5NB27G5LBEFJXMWCYU\/\" target=\"_blank\" rel=\"noreferrer noopener\" title=\"https:\/\/www.liberation.fr\/societe\/police-justice\/securite-globale-une-proposition-de-loi-toujours-controversee-et-definitivement-adoptee-20210415_DKJE35JB5NB27G5LBEFJXMWCYU\/\">loi s\u00e9curit\u00e9 globale<\/a>.\u00bb Valises \u00e0 la main, plusieurs voyageurs sourient beaucoup moins. Une dame d\u2019une cinquantaine d\u2019ann\u00e9es s\u2019\u00e9nerve face au cordon de forces de l\u2019ordre qui refuse de la laisser passer : \u00abMais putain, on a un train \u00e0 prendre !\u00bb <\/p>\n<p class=\"sc-cPiKLX AiZTS text-element\">Alors qu\u2019un cort\u00e8ge se forme et commence \u00e0 d\u00e9filer autour de la gare, la Brav-M red\u00e9barque, plusieurs fourgons de CRS aussi. La manifestation est scind\u00e9e en deux. Une partie est <a href=\"https:\/\/www.liberation.fr\/societe\/police-justice\/encerclement-dans-les-manifestations-la-police-est-toujours-a-la-nasse-20230320_7LSQM5IAGNBKRANSFHAYZIM4AA\/\" target=\"_blank\" rel=\"noreferrer noopener\" title=\"https:\/\/www.liberation.fr\/societe\/police-justice\/encerclement-dans-les-manifestations-la-police-est-toujours-a-la-nasse-20230320_7LSQM5IAGNBKRANSFHAYZIM4AA\/\">nass\u00e9e<\/a>. L\u2019autre dispers\u00e9e \u00e0 coups de gaz lacrymog\u00e8nes. Nouveau moment de flottement. On se demande s\u2019il ne vaut pas mieux rejoindre la place de la R\u00e9publique, o\u00f9 un rassemblement serait en train de se former, ou mettre le cap sur la gare de Lyon ou les Halles. Trois jeunes en blouse blanche d\u00e9barquent essouffl\u00e9s et en retard. Ils \u00e9taient des premi\u00e8res tentatives de blocage dans le sud de Paris aux aurores et viennent de traverser la capitale \u00e0 pied, racontent-ils. Face \u00e0 la foule \u00e9parpill\u00e9e, ils sont partag\u00e9s. D\u2019un c\u00f4t\u00e9, dit l\u2019un d\u2019eux, \u00ab\u00e7a fait du bien\u00bb de manifester \u00e0 nouveau et de voir \u00abque tout le monde n\u2019est pas endormi\u00bb. D\u2019un autre, souffle-t-il, \u00abje pensais qu\u2019aujourd\u2019hui on serait plus nombreux\u00bb. <\/p>\n<p class=\"sc-cPiKLX AiZTS text-element\">(1) Le pr\u00e9nom a \u00e9t\u00e9 modifi\u00e9.<\/p>\n","protected":false},"excerpt":{"rendered":"C\u2019est une sorte de partie g\u00e9ante du jeu du chat et de la souris qui s\u2019est lanc\u00e9e \u00e0&hellip;\n","protected":false},"author":2,"featured_media":381051,"comment_status":"","ping_status":"","sticky":false,"template":"","format":"standard","meta":{"footnotes":""},"categories":[1888],"tags":[11,47212,1073,1777,674,1011,27,431,12,626,25,11067],"class_list":{"0":"post-381050","1":"post","2":"type-post","3":"status-publish","4":"format-standard","5":"has-post-thumbnail","7":"category-paris","8":"tag-actualites","9":"tag-bloquons-tout","10":"tag-emmanuel-macron","11":"tag-eu","12":"tag-europe","13":"tag-fr","14":"tag-france","15":"tag-francois-bayrou","16":"tag-news","17":"tag-paris","18":"tag-republique-francaise","19":"tag-sebastien-lecornu"},"share_on_mastodon":{"url":"https:\/\/pubeurope.com\/@fr\/115181813984548272","error":""},"_links":{"self":[{"href":"https:\/\/www.europesays.com\/fr\/wp-json\/wp\/v2\/posts\/381050","targetHints":{"allow":["GET"]}}],"collection":[{"href":"https:\/\/www.europesays.com\/fr\/wp-json\/wp\/v2\/posts"}],"about":[{"href":"https:\/\/www.europesays.com\/fr\/wp-json\/wp\/v2\/types\/post"}],"author":[{"embeddable":true,"href":"https:\/\/www.europesays.com\/fr\/wp-json\/wp\/v2\/users\/2"}],"replies":[{"embeddable":true,"href":"https:\/\/www.europesays.com\/fr\/wp-json\/wp\/v2\/comments?post=381050"}],"version-history":[{"count":0,"href":"https:\/\/www.europesays.com\/fr\/wp-json\/wp\/v2\/posts\/381050\/revisions"}],"wp:featuredmedia":[{"embeddable":true,"href":"https:\/\/www.europesays.com\/fr\/wp-json\/wp\/v2\/media\/381051"}],"wp:attachment":[{"href":"https:\/\/www.europesays.com\/fr\/wp-json\/wp\/v2\/media?parent=381050"}],"wp:term":[{"taxonomy":"category","embeddable":true,"href":"https:\/\/www.europesays.com\/fr\/wp-json\/wp\/v2\/categories?post=381050"},{"taxonomy":"post_tag","embeddable":true,"href":"https:\/\/www.europesays.com\/fr\/wp-json\/wp\/v2\/tags?post=381050"}],"curies":[{"name":"wp","href":"https:\/\/api.w.org\/{rel}","templated":true}]}}