{"id":381054,"date":"2025-09-10T20:10:12","date_gmt":"2025-09-10T20:10:12","guid":{"rendered":"https:\/\/www.europesays.com\/fr\/381054\/"},"modified":"2025-09-10T20:10:12","modified_gmt":"2025-09-10T20:10:12","slug":"lintrusion-de-drones-russes-en-pologne-enflamme-les-allies-occidentaux","status":"publish","type":"post","link":"https:\/\/www.europesays.com\/fr\/381054\/","title":{"rendered":"L\u2019intrusion de drones russes en Pologne enflamme les alli\u00e9s occidentaux"},"content":{"rendered":"<p>Vous avez rat\u00e9 les derniers \u00e9v\u00e9nements sur la <a href=\"https:\/\/www.20minutes.fr\/monde\/ukraine\/\" class=\"c-link c-link--is-underlined\" target=\"_blank\" rel=\"noopener\">guerre en Ukraine<\/a>\u00a0? 20 Minutes fait le point pour vous tous les soirs. Voici l\u2019essentiel de ce mercredi 10\u00a0septembre, 1.295e jour du conflit.<\/p>\n<p>Le fait du jour<\/p>\n<p>Provocation, test ou erreur d\u2019aiguillage\u00a0? Dans la nuit de mardi \u00e0 mercredi, des drones d\u2019attaque russes ont, selon Varsovie, p\u00e9n\u00e9tr\u00e9 dans l\u2019espace a\u00e9rien de la <a href=\"https:\/\/www.20minutes.fr\/dossier\/pologne\" class=\"c-link c-link--is-underlined\" target=\"_blank\" rel=\"noopener\">Pologne<\/a>, un pays membre de l\u2019<a href=\"https:\/\/www.20minutes.fr\/monde\/otan\/\" class=\"c-link c-link--is-underlined\" target=\"_blank\" rel=\"noopener\">Otan<\/a>. 19 \u00ab\u00a0intrus\u00a0\u00bb ont \u00e9t\u00e9 rep\u00e9r\u00e9s, trois ont \u00e9t\u00e9 abattus avec le concours des forces de l\u2019Alliance.<\/p>\n<p>Le Kremlin de <a href=\"https:\/\/www.20minutes.fr\/monde\/vladimir_poutine\/\" class=\"c-link c-link--is-underlined\" target=\"_blank\" rel=\"noopener\">Vladimir Poutine<\/a> n\u2019a pas souhait\u00e9 commenter cet \u00e9v\u00e9nement, qualifi\u00e9 de \u00ab\u00a0tr\u00e8s, tr\u00e8s grave\u00a0\u00bb par l\u2019Allemagne, et condamn\u00e9 \u00ab\u00a0avec la plus grande fermet\u00e9\u00a0\u00bb par Emmanuel Macron. Mais, alors, que la Pologne est persuad\u00e9e que l\u2019incursion est \u00ab\u00a0volontaire\u00a0\u00bb, le minist\u00e8re russe des Affaires \u00e9trang\u00e8res a ni\u00e9 sa r\u00e9alit\u00e9. Il a accus\u00e9 Varsovie de vouloir \u00ab\u00a0aggraver\u00a0\u00bb le conflit en Ukraine en propageant des \u00ab\u00a0mythes\u00a0\u00bb.<\/p>\n<\/p>\n<p>Au-del\u00e0 des d\u00e9n\u00e9gations russes, l\u2019affaire a litt\u00e9ralement enflamm\u00e9 les chancelleries occidentales. \u00ab\u00a0Je pense que ce que [Vladimir] Poutine veut montrer, ce qu\u2019il veut vraiment faire, c\u2019est nous tester, savoir vraiment jusqu\u2019o\u00f9 il peut aller\u00a0\u00bb, a indiqu\u00e9 Kaja Kallas, la cheffe de la diplomatie europ\u00e9enne. \u00ab\u00a0Ce qui s\u2019est pass\u00e9 est un vrai changement et nous devons avoir une r\u00e9ponse tr\u00e8s forte\u00a0\u00bb face \u00e0 la Russie qui se lance \u00ab\u00a0d\u00e9lib\u00e9r\u00e9ment\u00a0\u00bb dans une \u00ab\u00a0escalade\u00a0\u00bb, a-t-elle ajout\u00e9.<\/p>\n<p>La d\u00e9claration du jour<\/p>\n<blockquote class=\"mx-m@xs mx-xxl@md color-ultramarine c-citation\">\n<p class=\"font-weight-regular@xs text-italic font-source-serif-pro text-l@xs c-citation__content\">\u00ab\u00a0Nous d\u00e9fendrons chaque centim\u00e8tre du territoire de l\u2019Otan\u00a0\u00bb<\/p>\n<\/blockquote>\n<p>L\u2019avertissement lanc\u00e9 \u00e0 la <a href=\"https:\/\/www.20minutes.fr\/monde\/russie\/\" class=\"c-link c-link--is-underlined\" target=\"_blank\" rel=\"noopener\">Russie<\/a> par Mark Rutte, le secr\u00e9taire g\u00e9n\u00e9ral de l\u2019Otan, apr\u00e8s l\u2019\u00e9pisode des drones en Pologne. Il a toutefois permis \u00e0 l\u2019Alliance de se tester puisque c\u2019\u00e9tait la premi\u00e8re fois qu\u2019elle faisait face \u00e0 \u00ab\u00a0des menaces potentielles dans l\u2019espace a\u00e9rien alli\u00e9\u00a0\u00bb.<\/p>\n<p>La r\u00e9action de <a href=\"https:\/\/www.20minutes.fr\/dossier\/donald_trump\" class=\"c-link c-link--is-underlined\" target=\"_blank\" rel=\"noopener\">Donald Trump<\/a> a \u00e9t\u00e9 plus \u00e9nigmatique. Apr\u00e8s un entretien avec son homologue polonais, il a \u00e9crit sur son r\u00e9seau Truth Social\u00a0: \u00ab\u00a0Qu\u2019est-ce qui se passe avec la Russie qui viole l\u2019espace a\u00e9rien polonais avec des drones\u00a0? C\u2019est parti\u00a0!\u00a0\u00bb\u2026<\/p>\n<p>Le chiffre du jour<\/p>\n<p>458. Le nombre de drones ou de missiles lanc\u00e9s dans la nuit par la Russie sur l\u2019Ukraine, selon Kiev. Une masse qui explique peut-\u00eatre pourquoi 19 d\u2019entre eux ont franchi la fronti\u00e8re polonaise. L\u2019attaque a fait au moins un mort.<\/p>\n<p>La tendance<\/p>\n<p>Pas besoin de d\u00e9bloquer cette \u00e9pargne qui fait des petits. <a href=\"https:\/\/www.20minutes.fr\/dossier\/ue\" class=\"c-link c-link--is-underlined\" target=\"_blank\" rel=\"noopener\">L\u2019Union europ\u00e9enne<\/a> va continuer \u00e0 mobiliser les avoirs russes gel\u00e9s pour aider l\u2019Ukraine, mais sans toucher \u00e0 ces actifs eux-m\u00eames, a annonc\u00e9 ce mercredi la pr\u00e9sidente de la Commission europ\u00e9enne Ursula von\u00a0der\u00a0Leyen.<\/p>\n<p><a href=\"http:\/\/www.20minutes.fr\/monde\/ukraine\" class=\"c-link c-btn c-btn--primary\" target=\"_blank\" rel=\"noopener\">Notre dossier sur la guerre en Ukraine<\/a><\/p>\n<p>\u00ab\u00a0Il nous faut travailler d\u2019urgence \u00e0 une nouvelle solution pour financer l\u2019effort de guerre de l\u2019Ukraine \u00e0 partir des avoirs russes gel\u00e9s. Gr\u00e2ce aux soldes de tr\u00e9sorerie associ\u00e9s \u00e0 ces actifs russes, nous pouvons accorder \u00e0 l\u2019Ukraine un pr\u00eat de r\u00e9paration\u00a0\u00bb, mais \u00ab\u00a0on ne touchera pas aux actifs eux-m\u00eames\u00a0\u00bb, a expliqu\u00e9 la dirigeante de l\u2019ex\u00e9cutif europ\u00e9en, lors d\u2019un discours devant les eurod\u00e9put\u00e9s \u00e0 Strasbourg.<\/p>\n","protected":false},"excerpt":{"rendered":"Vous avez rat\u00e9 les derniers \u00e9v\u00e9nements sur la guerre en Ukraine\u00a0? 20 Minutes fait le point pour vous&hellip;\n","protected":false},"author":2,"featured_media":381055,"comment_status":"","ping_status":"","sticky":false,"template":"","format":"standard","meta":{"footnotes":""},"categories":[1590],"tags":[47,11,75,564,73,1777,674,131,74,12,136,2437,132,220,555,135],"class_list":{"0":"post-381054","1":"post","2":"type-post","3":"status-publish","4":"format-standard","5":"has-post-thumbnail","7":"category-ukraine","8":"tag-actualite","9":"tag-actualites","10":"tag-donald-trump","11":"tag-drone","12":"tag-etats-unis","13":"tag-eu","14":"tag-europe","15":"tag-guerre-en-ukraine","16":"tag-monde","17":"tag-news","18":"tag-otan","19":"tag-pologne","20":"tag-russie","21":"tag-ukraine","22":"tag-union-europeenne-ue","23":"tag-vladimir-poutine"},"share_on_mastodon":{"url":"https:\/\/pubeurope.com\/@fr\/115181821931346822","error":""},"_links":{"self":[{"href":"https:\/\/www.europesays.com\/fr\/wp-json\/wp\/v2\/posts\/381054","targetHints":{"allow":["GET"]}}],"collection":[{"href":"https:\/\/www.europesays.com\/fr\/wp-json\/wp\/v2\/posts"}],"about":[{"href":"https:\/\/www.europesays.com\/fr\/wp-json\/wp\/v2\/types\/post"}],"author":[{"embeddable":true,"href":"https:\/\/www.europesays.com\/fr\/wp-json\/wp\/v2\/users\/2"}],"replies":[{"embeddable":true,"href":"https:\/\/www.europesays.com\/fr\/wp-json\/wp\/v2\/comments?post=381054"}],"version-history":[{"count":0,"href":"https:\/\/www.europesays.com\/fr\/wp-json\/wp\/v2\/posts\/381054\/revisions"}],"wp:featuredmedia":[{"embeddable":true,"href":"https:\/\/www.europesays.com\/fr\/wp-json\/wp\/v2\/media\/381055"}],"wp:attachment":[{"href":"https:\/\/www.europesays.com\/fr\/wp-json\/wp\/v2\/media?parent=381054"}],"wp:term":[{"taxonomy":"category","embeddable":true,"href":"https:\/\/www.europesays.com\/fr\/wp-json\/wp\/v2\/categories?post=381054"},{"taxonomy":"post_tag","embeddable":true,"href":"https:\/\/www.europesays.com\/fr\/wp-json\/wp\/v2\/tags?post=381054"}],"curies":[{"name":"wp","href":"https:\/\/api.w.org\/{rel}","templated":true}]}}