{"id":381058,"date":"2025-09-10T20:12:11","date_gmt":"2025-09-10T20:12:11","guid":{"rendered":"https:\/\/www.europesays.com\/fr\/381058\/"},"modified":"2025-09-10T20:12:11","modified_gmt":"2025-09-10T20:12:11","slug":"merck-renonce-a-un-centre-de-recherche-a-1-milliard-de-livres-pas-competitif-a-lechelle-internationale","status":"publish","type":"post","link":"https:\/\/www.europesays.com\/fr\/381058\/","title":{"rendered":"Merck renonce \u00e0 un centre de recherche \u00e0 1 milliard de livres, \u00abpas comp\u00e9titif \u00e0 l\u2019\u00e9chelle internationale\u00bb"},"content":{"rendered":"<p>Le groupe pharmaceutique am\u00e9ricain pointe du doigt la politique du Royaume-Uni en mati\u00e8re d\u2019investissements et de prix des m\u00e9dicaments.<\/p>\n<p class=\"fig-paragraph\">Le groupe pharmaceutique am\u00e9ricain\u00a0<a href=\"http:\/\/www.lefigaro.fr\/flash-eco\/le-groupe-pharmaceutique-merck-annonce-un-plan-d-economies-de-3-milliards-de-dollars-20250729\" data-fig-type=\"NewsFlash\" data-gtm-custom-categorie=\"navigation\" data-gtm-custom-action=\"crossclick\" data-gtm-custom-label=\"Contextuel\" data-gtm-event=\"customEventSPE\" data-fig-domain=\"LEFIGARO\" target=\"_blank\" rel=\"noopener\">Merck<\/a>\u00a0a annonc\u00e9 mercredi renoncer \u00e0 achever la construction d&rsquo;un centre de recherche \u00e0 1 milliard de livres (1,16 milliard d&rsquo;euros) \u00e0\u00a0<a href=\"http:\/\/www.lefigaro.fr\/flash-actu\/le-royaume-uni-se-prepare-a-recevoir-donald-trump-a-windsor-sans-passer-par-londres-20250910\" data-fig-type=\"NewsFlash\" data-gtm-custom-categorie=\"navigation\" data-gtm-custom-action=\"crossclick\" data-gtm-custom-label=\"Contextuel\" data-gtm-event=\"customEventSPE\" data-fig-domain=\"LEFIGARO\" target=\"_blank\" rel=\"noopener\">Londres<\/a>, bl\u00e2mant la politique du Royaume-Uni en mati\u00e8re d&rsquo;investissements et de prix des m\u00e9dicaments.<\/p>\n<p class=\"fig-paragraph\">Le groupe, aussi connu sous le nom de MSD hors d&rsquo;Am\u00e9rique du Nord, explique dans un communiqu\u00e9 qu&rsquo;il \u00abne pr\u00e9voit plus d&rsquo;occuper le site Belgrove House \u00e0 King&rsquo;s Cross\u00bb, dans le centre de Londres, o\u00f9 devaient travailler 800 personnes \u00e0 partir de 2027.<\/p>\n<p>                                    <a class=\"fig-a11y-skip a11y-hidden\" href=\"#fig-a11y-skip-main-inarticle\"><br \/>\n        Passer la publicit\u00e9<br \/>\n    <\/a><\/p>\n<p class=\"fig-paragraph\">Merck mettra \u00e9galement un terme d&rsquo;ici la fin de l&rsquo;ann\u00e9e \u00e0 ses activit\u00e9s dans deux laboratoires londoniens (au sein du London Bioscience Innovation Centre et du Francis Crick Institute), entra\u00eenant la suppression d&rsquo;environ 125 postes.<\/p>\n<p class=\"fig-paragraph\">Cette d\u00e9cision \u00abrefl\u00e8te les difficult\u00e9s rencontr\u00e9es par le Royaume-Uni pour rem\u00e9dier au manque d&rsquo;investissements dans le secteur des sciences de la vie et \u00e0 la sous-\u00e9valuation g\u00e9n\u00e9rale (du prix) des m\u00e9dicaments et vaccins innovants par les gouvernements britanniques successifs\u00bb, explique Merck, confirmant une information du Financial Times.<\/p>\n<p>\u00abDavantage de travail reste \u00e0 faire\u00bb<\/p>\n<p class=\"fig-paragraph\">\u00abPour faire simple, le Royaume-Uni n&rsquo;est pas comp\u00e9titif \u00e0 l&rsquo;\u00e9chelle internationale\u00bb, a pr\u00e9cis\u00e9 l&rsquo;entreprise au quotidien financier. Contact\u00e9 par l&rsquo;AFP, un porte-parole de l&rsquo;ex\u00e9cutif britannique a affirm\u00e9 que le gouvernement \u00e9tait \u00abpr\u00eat \u00e0 soutenir les personnes concern\u00e9es\u00bb par la d\u00e9cision de l&rsquo;entreprise, sans r\u00e9agir directement \u00e0 l&rsquo;annonce.<\/p>\n<p class=\"fig-paragraph\">\u00abLe Royaume-Uni est devenu l&rsquo;endroit le plus attractif au monde pour investir, mais nous savons que davantage de travail reste \u00e0 faire\u00bb, a ajout\u00e9 ce porte-parole.<\/p>\n<p class=\"fig-paragraph\">La d\u00e9cision de MSD intervient quelques mois apr\u00e8s l&rsquo;abandon par le g\u00e9ant pharmaceutique britannique\u00a0<a href=\"http:\/\/www.lefigaro.fr\/flash-eco\/le-benefice-trimestriel-d-astrazeneca-dope-par-une-croissance-record-aux-etats-unis-20250729\" data-fig-type=\"NewsFlash\" data-gtm-custom-categorie=\"navigation\" data-gtm-custom-action=\"crossclick\" data-gtm-custom-label=\"Contextuel\" data-gtm-event=\"customEventSPE\" data-fig-domain=\"LEFIGARO\" target=\"_blank\" rel=\"noopener\">AstraZeneca<\/a>\u00a0d&rsquo;un projet d&rsquo;usine de vaccins \u00e0 450 millions de livres (538 millions d&rsquo;euros) dans la r\u00e9gion de Liverpool, faute d&rsquo;un soutien gouvernemental suffisant.<\/p>\n<p>                                    <a class=\"fig-a11y-skip a11y-hidden\" href=\"#fig-a11y-skip-main-inarticle_mtf\"><br \/>\n        Passer la publicit\u00e9<br \/>\n    <\/a><\/p>\n<p class=\"fig-paragraph\">Les groupes pharmaceutiques font face depuis des mois aux pressions de\u00a0<a href=\"http:\/\/www.lefigaro.fr\/international\/je-ne-suis-pas-enchante-apres-les-frappes-israeliennes-a-doha-l-embarras-de-trump-vis-a-vis-du-qatar-20250910\" data-fig-type=\"Article\" data-gtm-custom-categorie=\"navigation\" data-gtm-custom-action=\"crossclick\" data-gtm-custom-label=\"Contextuel\" data-gtm-event=\"customEventSPE\" data-fig-domain=\"LEFIGARO\" target=\"_blank\" rel=\"noopener\">Donald Trump<\/a>, qui veut les pousser \u00e0 investir et produire aux \u00c9tats-Unis. MSD fait partie des 17 entreprises \u00e0 qui le pr\u00e9sident am\u00e9ricain a demand\u00e9 de pr\u00e9senter des \u00abengagements fermes\u00bb pour abaisser le prix de leurs produits aux \u00c9tats-Unis d&rsquo;ici le 29 septembre, sous peine de repr\u00e9sailles.<\/p>\n","protected":false},"excerpt":{"rendered":"Le groupe pharmaceutique am\u00e9ricain pointe du doigt la politique du Royaume-Uni en mati\u00e8re d\u2019investissements et de prix des&hellip;\n","protected":false},"author":2,"featured_media":381059,"comment_status":"","ping_status":"","sticky":false,"template":"","format":"standard","meta":{"footnotes":""},"categories":[1588],"tags":[11,1777,674,51431,12,959,473,1853,1851,1850,1852],"class_list":{"0":"post-381058","1":"post","2":"type-post","3":"status-publish","4":"format-standard","5":"has-post-thumbnail","7":"category-royaume-uni","8":"tag-actualites","9":"tag-eu","10":"tag-europe","11":"tag-merck","12":"tag-news","13":"tag-recherche","14":"tag-royaume-uni","15":"tag-royaume-uni-de-grande-bretagne-et-dirlande-du-nord","16":"tag-uk","17":"tag-united-kingdom","18":"tag-united-kingdom-of-great-britain-and-northern-ireland"},"share_on_mastodon":{"url":"https:\/\/pubeurope.com\/@fr\/115181829901491753","error":""},"_links":{"self":[{"href":"https:\/\/www.europesays.com\/fr\/wp-json\/wp\/v2\/posts\/381058","targetHints":{"allow":["GET"]}}],"collection":[{"href":"https:\/\/www.europesays.com\/fr\/wp-json\/wp\/v2\/posts"}],"about":[{"href":"https:\/\/www.europesays.com\/fr\/wp-json\/wp\/v2\/types\/post"}],"author":[{"embeddable":true,"href":"https:\/\/www.europesays.com\/fr\/wp-json\/wp\/v2\/users\/2"}],"replies":[{"embeddable":true,"href":"https:\/\/www.europesays.com\/fr\/wp-json\/wp\/v2\/comments?post=381058"}],"version-history":[{"count":0,"href":"https:\/\/www.europesays.com\/fr\/wp-json\/wp\/v2\/posts\/381058\/revisions"}],"wp:featuredmedia":[{"embeddable":true,"href":"https:\/\/www.europesays.com\/fr\/wp-json\/wp\/v2\/media\/381059"}],"wp:attachment":[{"href":"https:\/\/www.europesays.com\/fr\/wp-json\/wp\/v2\/media?parent=381058"}],"wp:term":[{"taxonomy":"category","embeddable":true,"href":"https:\/\/www.europesays.com\/fr\/wp-json\/wp\/v2\/categories?post=381058"},{"taxonomy":"post_tag","embeddable":true,"href":"https:\/\/www.europesays.com\/fr\/wp-json\/wp\/v2\/tags?post=381058"}],"curies":[{"name":"wp","href":"https:\/\/api.w.org\/{rel}","templated":true}]}}