{"id":381064,"date":"2025-09-10T20:15:10","date_gmt":"2025-09-10T20:15:10","guid":{"rendered":"https:\/\/www.europesays.com\/fr\/381064\/"},"modified":"2025-09-10T20:15:10","modified_gmt":"2025-09-10T20:15:10","slug":"le-discours-sans-ame-ni-vision-dursula-von-der-leyen","status":"publish","type":"post","link":"https:\/\/www.europesays.com\/fr\/381064\/","title":{"rendered":"Le discours \u201csans \u00e2me ni vision\u201d d\u2019Ursula von der Leyen"},"content":{"rendered":"\n<p>Quelques heures seulement avant qu\u2019Ursula von der Leyen ne se pr\u00e9sente devant les d\u00e9put\u00e9s europ\u00e9ens pour tenir l\u2019annuel discours sur l\u2019\u00e9tat de l\u2019Union, <a class=\"ithalc\" data-ithal=\"lien_externe\" data-ithalc=\"[nav_article]\" target=\"_blank\" href=\"https:\/\/www.lesoir.be\/698085\/article\/2025-09-10\/ursula-von-der-leyen-visage-unique-de-leurope-pour-le-pire-et-le-meilleur\" rel=\"noopener\"><strong>Le Soir<\/strong> faisait le point sur l\u2019importance accrue de ce rituel<\/a> ces derniers temps. \u201cEn cinq ann\u00e9es pass\u00e9es au sommet de la Commission, Ursula von der Leyen s\u2019est impos\u00e9e comme le visage unique de l\u2019Union europ\u00e9enne (UE), pointait ainsi le m\u00e9dia belge.\u00a0Mais en choisissant de r\u00e9gner sans partage sur la Commission, Ursula von der Leyen incarne, plus que jamais, toutes les failles du projet europ\u00e9en. Elle porte aussi tous les espoirs d\u2019un sursaut. C\u2019est \u00e0 cette aune que son discours sera analys\u00e9.\u201d<\/p>\n<p>Peu avant 10\u00a0h\u00a030, ce mercredi 10\u00a0septembre, la prise de parole de la pr\u00e9sidente de la Commission \u00e9tait d\u00e9j\u00e0 termin\u00e9e. Et du c\u00f4t\u00e9 <a class=\"ithalc\" data-ithal=\"lien_externe\" data-ithalc=\"[nav_article]\" target=\"_blank\" href=\"https:\/\/www.politico.eu\/article\/ursula-von-der-leyen-state-of-the-union-speech-2025-text-analysis\/\" rel=\"noopener\">du site sp\u00e9cialis\u00e9 sur les affaires europ\u00e9ennes <strong>Politico<\/strong><\/a><strong>,<\/strong> souvent peu tendre avec von der Leyen, une remarque s\u2019impose\u00a0: au cours des cinq ann\u00e9es o\u00f9 elle a \u00e9t\u00e9 au pouvoir, la responsable politique allemande a progressivement adopt\u00e9 un langage \u201ccombatif\u201d. Et ce n\u2019est pas forc\u00e9ment un compliment.<\/p>\n<p>\u201cLe discours prononc\u00e9 mercredi par la pr\u00e9sidente de la Commission a \u00e9t\u00e9 marqu\u00e9 par une lecture sombre des \u00e9v\u00e9nements g\u00e9opolitiques, allant de la guerre et des effusions de sang en Ukraine et \u00e0 Gaza \u00e0 la pression exerc\u00e9e par<\/p>\n","protected":false},"excerpt":{"rendered":"Quelques heures seulement avant qu\u2019Ursula von der Leyen ne se pr\u00e9sente devant les d\u00e9put\u00e9s europ\u00e9ens pour tenir l\u2019annuel&hellip;\n","protected":false},"author":2,"featured_media":381065,"comment_status":"","ping_status":"","sticky":false,"template":"","format":"standard","meta":{"footnotes":""},"categories":[1586],"tags":[11,1777,674,1779,1011,27,1892,16785,3257,12,25,1778,364,2475,2544],"class_list":{"0":"post-381064","1":"post","2":"type-post","3":"status-publish","4":"format-standard","5":"has-post-thumbnail","7":"category-europe","8":"tag-actualites","9":"tag-eu","10":"tag-europe","11":"tag-european-union","12":"tag-fr","13":"tag-france","14":"tag-gu00e9opolitique","15":"tag-israu00ebl","16":"tag-moyen-orient","17":"tag-news","18":"tag-republique-francaise","19":"tag-ue","20":"tag-union-europeenne","21":"tag-union-europu00e9enne","22":"tag-ursula-von-der-leyen"},"share_on_mastodon":{"url":"https:\/\/pubeurope.com\/@fr\/115181841627151508","error":""},"_links":{"self":[{"href":"https:\/\/www.europesays.com\/fr\/wp-json\/wp\/v2\/posts\/381064","targetHints":{"allow":["GET"]}}],"collection":[{"href":"https:\/\/www.europesays.com\/fr\/wp-json\/wp\/v2\/posts"}],"about":[{"href":"https:\/\/www.europesays.com\/fr\/wp-json\/wp\/v2\/types\/post"}],"author":[{"embeddable":true,"href":"https:\/\/www.europesays.com\/fr\/wp-json\/wp\/v2\/users\/2"}],"replies":[{"embeddable":true,"href":"https:\/\/www.europesays.com\/fr\/wp-json\/wp\/v2\/comments?post=381064"}],"version-history":[{"count":0,"href":"https:\/\/www.europesays.com\/fr\/wp-json\/wp\/v2\/posts\/381064\/revisions"}],"wp:featuredmedia":[{"embeddable":true,"href":"https:\/\/www.europesays.com\/fr\/wp-json\/wp\/v2\/media\/381065"}],"wp:attachment":[{"href":"https:\/\/www.europesays.com\/fr\/wp-json\/wp\/v2\/media?parent=381064"}],"wp:term":[{"taxonomy":"category","embeddable":true,"href":"https:\/\/www.europesays.com\/fr\/wp-json\/wp\/v2\/categories?post=381064"},{"taxonomy":"post_tag","embeddable":true,"href":"https:\/\/www.europesays.com\/fr\/wp-json\/wp\/v2\/tags?post=381064"}],"curies":[{"name":"wp","href":"https:\/\/api.w.org\/{rel}","templated":true}]}}