{"id":381068,"date":"2025-09-10T20:17:19","date_gmt":"2025-09-10T20:17:19","guid":{"rendered":"https:\/\/www.europesays.com\/fr\/381068\/"},"modified":"2025-09-10T20:17:19","modified_gmt":"2025-09-10T20:17:19","slug":"lingerence-etrangere-confirmee-plusieurs-suspects-en-fuite","status":"publish","type":"post","link":"https:\/\/www.europesays.com\/fr\/381068\/","title":{"rendered":"l&rsquo;ing\u00e9rence \u00e9trang\u00e8re confirm\u00e9e, plusieurs suspects en fuite"},"content":{"rendered":"<p class=\"article-p mdl\">L&rsquo;enqu\u00eate de la Brigade criminelle parisienne sur les t\u00eates de cochon d\u00e9couvertes devant des mosqu\u00e9es a d\u00e9j\u00e0 permis de confirmer la piste de l&rsquo;ing\u00e9rence \u00e9trang\u00e8re, a appris RTL aupr\u00e8s du parquet de Paris. Deux hommes de nationalit\u00e9 \u00e9trang\u00e8re qui ont \u00ab\u00a0aussit\u00f4t quitt\u00e9 le territoire\u00a0\u00bb ont \u00e9t\u00e9 identifi\u00e9s et leur acte rel\u00e8ve d&rsquo;une \u00ab\u00a0et dans une volont\u00e9 manifeste de provoquer le trouble au sein de la nation\u00a0\u00bb d&rsquo;apr\u00e8s la m\u00eame source.\u00a0<\/p>\n<p class=\"article-p mdl\"><strong>C&rsquo;est un agriculteur normand qui a permis \u00e0 l&rsquo;enqu\u00eate de progresser tr\u00e8s rapidement.<\/strong> L&rsquo;exploitant a contact\u00e9 les forces de l&rsquo;ordre pour signaler que deux personnes \u00e9taient \u00ab\u00a0venues lui acheter une dizaine de t\u00eates de cochon\u00a0\u00bb. Il a d\u00e9crit un v\u00e9hicule avec une plaque d\u2019immatriculation serbe. Le m\u00eame v\u00e9hicule a ensuite \u00e9t\u00e9 rep\u00e9r\u00e9 sur la vid\u00e9o protection de la capitale dans la nuit du 8 au 9 septembre, dans le quartier Oberkampf. Les bandes montrent \u00e9galement hommes en descendent pour d\u00e9poser les t\u00eats de porc devant \u00ab\u00a0certaines mosqu\u00e9es\u00a0\u00bb.\u00a0<\/p>\n<p class=\"article-p mdl\">D&rsquo;apr\u00e8s le parquet de Paris, l&rsquo;enqu\u00eate a \u00e9galement \u00e9tabli que les deux suspects sont suspect\u00e9s d&rsquo;utiliser une ligne de t\u00e9l\u00e9phone croate qui a \u00e9t\u00e9 g\u00e9olocalis\u00e9 en train de franchir la fronti\u00e8re franco-belge.\u00a0<\/p>\n<p class=\"article-p mdl\">L&rsquo;enqu\u00eate se poursuit sous le chef de violences volontaires sans incapacit\u00e9 \u00e0 raison de l&rsquo;appartenance ou de la non-appartenance, vraie ou suppos\u00e9e \u00e0 une religion d\u00e9termin\u00e9e commis dans le but de servir les int\u00e9r\u00eats d&rsquo;une puissance ou d&rsquo;une entreprise \u00e9trang\u00e8re, et pour provocation publique \u00e0 la haine en raison de l&rsquo;origine, l&rsquo;ethnie, la nation, la race ou la religion.<\/p>\n<p>    La r\u00e9daction vous recommande<\/p>\n<p class=\"s-newsletter__title\">\n                L\u2019actualit\u00e9 par la r\u00e9daction de RTL dans votre bo\u00eete mail.\n            <\/p>\n<p class=\"s-newsletter__subtitle\">\n                Gr\u00e2ce \u00e0 votre compte RTL abonnez-vous \u00e0 la newsletter RTL info pour suivre toute l&rsquo;actualit\u00e9 au quotidien\n            <\/p>\n<p>\n                                    Lire la suite\n                                <\/p>\n","protected":false},"excerpt":{"rendered":"L&rsquo;enqu\u00eate de la Brigade criminelle parisienne sur les t\u00eates de cochon d\u00e9couvertes devant des mosqu\u00e9es a d\u00e9j\u00e0 permis&hellip;\n","protected":false},"author":2,"featured_media":377836,"comment_status":"","ping_status":"","sticky":false,"template":"","format":"standard","meta":{"footnotes":""},"categories":[2],"tags":[11,898,118,107,1011,27,303,14577,12,25],"class_list":{"0":"post-381068","1":"post","2":"type-post","3":"status-publish","4":"format-standard","5":"has-post-thumbnail","7":"category-actualites","8":"tag-actualites","9":"tag-alerte","10":"tag-faits-divers","11":"tag-fil-info","12":"tag-fr","13":"tag-france","14":"tag-justice","15":"tag-mosquee","16":"tag-news","17":"tag-republique-francaise"},"share_on_mastodon":{"url":"https:\/\/pubeurope.com\/@fr\/115181849494032004","error":""},"_links":{"self":[{"href":"https:\/\/www.europesays.com\/fr\/wp-json\/wp\/v2\/posts\/381068","targetHints":{"allow":["GET"]}}],"collection":[{"href":"https:\/\/www.europesays.com\/fr\/wp-json\/wp\/v2\/posts"}],"about":[{"href":"https:\/\/www.europesays.com\/fr\/wp-json\/wp\/v2\/types\/post"}],"author":[{"embeddable":true,"href":"https:\/\/www.europesays.com\/fr\/wp-json\/wp\/v2\/users\/2"}],"replies":[{"embeddable":true,"href":"https:\/\/www.europesays.com\/fr\/wp-json\/wp\/v2\/comments?post=381068"}],"version-history":[{"count":0,"href":"https:\/\/www.europesays.com\/fr\/wp-json\/wp\/v2\/posts\/381068\/revisions"}],"wp:featuredmedia":[{"embeddable":true,"href":"https:\/\/www.europesays.com\/fr\/wp-json\/wp\/v2\/media\/377836"}],"wp:attachment":[{"href":"https:\/\/www.europesays.com\/fr\/wp-json\/wp\/v2\/media?parent=381068"}],"wp:term":[{"taxonomy":"category","embeddable":true,"href":"https:\/\/www.europesays.com\/fr\/wp-json\/wp\/v2\/categories?post=381068"},{"taxonomy":"post_tag","embeddable":true,"href":"https:\/\/www.europesays.com\/fr\/wp-json\/wp\/v2\/tags?post=381068"}],"curies":[{"name":"wp","href":"https:\/\/api.w.org\/{rel}","templated":true}]}}