{"id":381071,"date":"2025-09-10T20:19:13","date_gmt":"2025-09-10T20:19:13","guid":{"rendered":"https:\/\/www.europesays.com\/fr\/381071\/"},"modified":"2025-09-10T20:19:13","modified_gmt":"2025-09-10T20:19:13","slug":"golf-professionnel-lactu-du-8-au-14-septembre","status":"publish","type":"post","link":"https:\/\/www.europesays.com\/fr\/381071\/","title":{"rendered":"Golf professionnel\u00a0: L&rsquo;actu du 8 au 14 septembre"},"content":{"rendered":"<p><strong>Korn Ferry Tour\u00a0: Simmons Bank Open<\/strong><\/p>\n<p><a href=\"https:\/\/www.pgatour.com\/korn-ferry-tour\/tournaments\/2025\/simmons-bank-open-for-the-snedeker-foundation\/H2025120\/tee-times\" title=\"\" class=\"cta cta--custom_tag me-lg-10 m-10\" target=\"_blank\" rel=\"nofollow noopener\"><br \/>\n    Les d\u00e9parts<br \/>\n<\/a><br \/>\n\u00a0<a href=\"https:\/\/www.pgatour.com\/korn-ferry-tour\/tournaments\/2025\/simmons-bank-open-for-the-snedeker-foundation\/H2025120\/leaderboard\" title=\"\" class=\"cta cta--custom_tag me-lg-10 m-10\" target=\"_blank\" rel=\"nofollow noopener\"><br \/>\n    Les scores<br \/>\n<\/a>\n<\/p>\n<p>Sur la deuxi\u00e8me division du <strong>PGA Tour<\/strong>, l&rsquo;heure est aux play-offs. Les <strong>Korn Ferry Tour Finals <\/strong>d\u00e9butent ce jeudi, avec le <strong>Simmons Bank Open<\/strong>, disput\u00e9 dans le Tennessee. Une s\u00e9rie de quatre tournois va ainsi mener les joueurs jusqu&rsquo;au <strong>Korn Ferry Tour Championship<\/strong>, du 9 au 12 octobre. Au cours des quatre \u00e9v\u00e9nements, la taille du champ de joueurs va progressivement diminuer, pour passer de 156 \u00e0 75.<\/p>\n<p>Le Fran\u00e7ais <strong>J\u00e9r\u00e9my Gandon <\/strong>est d\u00e9j\u00e0 assur\u00e9 de pouvoir participer \u00e0 l&rsquo;int\u00e9gralit\u00e9 de la s\u00e9rie, puisqu&rsquo;il occupe la 19e place de la <strong>Points List<\/strong>. Mais l&rsquo;enjeu est \u00e9videmment totalement ailleurs pour le Dr\u00f4mois\u00a0: il va s&rsquo;agir, pour lui, de terminer la saison dans le top 20 de cette m\u00eame liste, afin d&rsquo;obtenir, pour la premi\u00e8re fois de sa carri\u00e8re, sa carte sur le <strong>PGA Tour<\/strong>.<\/p>\n<p><strong>Epson Tour\u00a0: Guardian Championship<\/strong><\/p>\n<p>La deuxi\u00e8me division du <strong>LPGA Tour<\/strong> est cette semaine dans l&rsquo;Alabama, pour disputer le <strong>Guardian Championship<\/strong>. <strong>Agathe Laisn\u00e9<\/strong> et <strong>Emma Broze<\/strong>, toutes deux pensionnaires de l&rsquo;<strong>Epson Tour<\/strong>, seront les deux repr\u00e9sentantes fran\u00e7aises.\u00a0<\/p>\n<p><strong>Pro Golf Tour\u00a0: The Iron Duke Belgian Open<\/strong><\/p>\n<p><a href=\"https:\/\/www.progolftour.de\/livescoring-en?tab=tee-times#livescoring-95\" title=\"\" class=\"cta cta--custom_tag me-lg-10 m-10\" target=\"_blank\" rel=\"nofollow noopener\"><br \/>\n    Les d\u00e9parts<br \/>\n<\/a><br \/>\n\u00a0<a href=\"https:\/\/www.progolftour.de\/livescoring-en?tab=livescoring#livescoring-95\" title=\"\" class=\"cta cta--custom_tag me-lg-10 m-10\" target=\"_blank\" rel=\"nofollow noopener\"><br \/>\n    Les scores<br \/>\n<\/a>\n<\/p>\n<p>Le <strong>Pro Golf Tour<\/strong> approche tout doucement de la fin de sa saison, avec un avant-dernier rendez-vous cette semaine en Belgique, \u00e0 <strong>Hulencourt<\/strong>. Ce mardi soir, apr\u00e8s le premier tour, <strong>Aubin Lacaze <\/strong>occupe seul les commandes. Le Bordelais a rendu une tr\u00e8s belle carte de 63 (-8), pour compter deux coups d&rsquo;avance. \u00c0 -5 se place l&rsquo;in\u00e9vitable <strong>Cl\u00e9ment Guichard<\/strong>, actuel deuxi\u00e8me \u00e0 l&rsquo;<strong>Ordre du m\u00e9rite<\/strong>, tandis que <strong>Rapha\u00ebl Le Bot<\/strong>, \u00e0 -4, occupe la 4e place.<\/p>\n","protected":false},"excerpt":{"rendered":"Korn Ferry Tour\u00a0: Simmons Bank Open Les d\u00e9parts \u00a0 Les scores Sur la deuxi\u00e8me division du PGA Tour,&hellip;\n","protected":false},"author":2,"featured_media":381072,"comment_status":"","ping_status":"","sticky":false,"template":"","format":"standard","meta":{"footnotes":""},"categories":[1418],"tags":[1011,27,1472,60],"class_list":{"0":"post-381071","1":"post","2":"type-post","3":"status-publish","4":"format-standard","5":"has-post-thumbnail","7":"category-golf","8":"tag-fr","9":"tag-france","10":"tag-golf","11":"tag-sports"},"share_on_mastodon":{"url":"https:\/\/pubeurope.com\/@fr\/115181857223470112","error":""},"_links":{"self":[{"href":"https:\/\/www.europesays.com\/fr\/wp-json\/wp\/v2\/posts\/381071","targetHints":{"allow":["GET"]}}],"collection":[{"href":"https:\/\/www.europesays.com\/fr\/wp-json\/wp\/v2\/posts"}],"about":[{"href":"https:\/\/www.europesays.com\/fr\/wp-json\/wp\/v2\/types\/post"}],"author":[{"embeddable":true,"href":"https:\/\/www.europesays.com\/fr\/wp-json\/wp\/v2\/users\/2"}],"replies":[{"embeddable":true,"href":"https:\/\/www.europesays.com\/fr\/wp-json\/wp\/v2\/comments?post=381071"}],"version-history":[{"count":0,"href":"https:\/\/www.europesays.com\/fr\/wp-json\/wp\/v2\/posts\/381071\/revisions"}],"wp:featuredmedia":[{"embeddable":true,"href":"https:\/\/www.europesays.com\/fr\/wp-json\/wp\/v2\/media\/381072"}],"wp:attachment":[{"href":"https:\/\/www.europesays.com\/fr\/wp-json\/wp\/v2\/media?parent=381071"}],"wp:term":[{"taxonomy":"category","embeddable":true,"href":"https:\/\/www.europesays.com\/fr\/wp-json\/wp\/v2\/categories?post=381071"},{"taxonomy":"post_tag","embeddable":true,"href":"https:\/\/www.europesays.com\/fr\/wp-json\/wp\/v2\/tags?post=381071"}],"curies":[{"name":"wp","href":"https:\/\/api.w.org\/{rel}","templated":true}]}}