{"id":381073,"date":"2025-09-10T20:21:10","date_gmt":"2025-09-10T20:21:10","guid":{"rendered":"https:\/\/www.europesays.com\/fr\/381073\/"},"modified":"2025-09-10T20:21:10","modified_gmt":"2025-09-10T20:21:10","slug":"victime-de-problemes-cardiaques-dorian-bellot-pourrait-devoir-mettre-un-terme-a-sa-carriere","status":"publish","type":"post","link":"https:\/\/www.europesays.com\/fr\/381073\/","title":{"rendered":"victime de probl\u00e8mes cardiaques, Dorian Bellot pourrait devoir mettre un terme \u00e0 sa carri\u00e8re"},"content":{"rendered":"<p>\u00ab\u00a0Je pr\u00e9f\u00e8re en parler, parce que beaucoup de gens se posent des questions.\u00a0\u00bb \u00c2g\u00e9 de 25\u00a0ans, le demi de m\u00eal\u00e9e <a href=\"https:\/\/www.sudouest.fr\/lot-et-garonne\/agen\/rugby-pro-d2-au-su-agen-tomkinson-est-bien-arrive-mais-bonnet-s-est-grievement-blesse-25843635.php\" target=\"_blank\" rel=\"follow nofollow noopener\">Dorian Bellot<\/a> brise le silence avec une touchante sinc\u00e9rit\u00e9. Le match qu\u2019il a disput\u00e9<a href=\"https:\/\/www.sudouest.fr\/lot-et-garonne\/agen\/rugby-pro-d2-retour-sur-le-festival-offensif-du-su-agen-contre-le-stade-montois-en-images-25825274.php\" target=\"_blank\" rel=\"follow nofollow noopener\"> vendredi dernier contre Mont-de-Marsan<\/a>, lors de la deuxi\u00e8me journ\u00e9e de Pro D2 (victoire 53-7 des Lot-et-Garonnais), pourrait tr\u00e8s bien avoir \u00e9t\u00e9 le dernier de sa carri\u00e8re. Pas seulement au SUA, mais de sa vie de rugbyman.<\/p>\n<p>Ce soir-l\u00e0, le demi de m\u00eal\u00e9e d\u2019Agen a fait une nouvelle crise. Cardiaque. \u00ab\u00a0De la tachycardie de type grave\u00a0\u00bb, r\u00e9sume-t-il. \u00ab\u00a0Je suis parvenu \u00e0 la contr\u00f4ler mais je suis mont\u00e9 \u00e0 plus de 200 battements par minute. Pourtant, je la jugeais \u00e0 6 sur une \u00e9chelle de 10. J\u2019ai d\u00e9j\u00e0 connu des crises plus impressionnantes.\u00a0\u00bb C\u2019est dire\u2026<\/p>\n<p>S\u2019il peut ais\u00e9ment rentrer dans les d\u00e9tails, c\u2019est parce qu\u2019il s\u2019entra\u00eene depuis trois semaines avec un appareil qui lui permet de mesurer le rythme de son c\u0153ur. Ces \u00e9pisodes, il a appris \u00e0 vivre avec depuis \u00ab\u00a0un an et demi\u00a0\u00bb. Il les pensait passagers. Mais ils n\u2019ont pas disparu. Au contraire. \u00ab\u00a0Au-del\u00e0 de ma carri\u00e8re, c\u2019est ma vie qui est en danger, avoue-t-il. Quand on t\u2019explique que tu peux mourir\u2026\u00a0\u00bb<\/p>\n<p>Deux examens en une semaine<\/p>\n<p>\u00c0 travers ses propos, l\u2019Agenais ne veut pas sombrer dans le pessimisme ni l\u2019affolement. Mais il ne se voile pas la face non plus, et pr\u00e9f\u00e8re \u00e9voquer, sereinement, les diff\u00e9rents sc\u00e9narios. D\u2019un c\u00f4t\u00e9, la poursuite de sa carri\u00e8re \u00e0 travers une op\u00e9ration ou la prise de m\u00e9dicaments. De l\u2019autre, un arr\u00eat pur et simple, parce que la vie est plus pr\u00e9cieuse. Les deux prochains examens d\u00e9termineront la suite.<\/p>\n<p>Ce vendredi 12\u00a0septembre, Dorian Bellot doit passer une IRM du c\u0153ur. Une semaine plus tard, soit le 19\u00a0septembre, c\u2019est une exploration \u00e9lectrophysiologique qu\u2019il subira. Autrement dit la mise en place d\u2019une ou plusieurs sondes, qui vont enregistrer l\u2019activit\u00e9 \u00e9lectrique de certaines parties du c\u0153ur, ce qui permettra de rechercher d\u2019\u00e9ventuelles anomalies. Et ce n\u2019est qu\u2019\u00e0 l\u2019issue de ces deux examens qu\u2019il aura une id\u00e9e plus pr\u00e9cise de ce qu\u2019il devra faire.<\/p>\n<p>Aujourd\u2019hui, le demi de m\u00eal\u00e9e est donc dans l\u2019attente. Une attente stressante, forc\u00e9ment, mais apr\u00e8s avoir accus\u00e9 le coup ces derniers jours &#8211; et quitt\u00e9 l\u2019entra\u00eenement matinal de lundi en pleurs &#8211; il a repris quelque peu du poil de la b\u00eate. Assez en tout cas pour avoir la force et le courage de parler ouvertement de probl\u00e8mes personnels de sant\u00e9. Il garde l\u2019espoir de pouvoir rejouer un jour &#8211; rapidement ou pas &#8211; mais une chose est s\u00fbre\u00a0: il ne prendra aucun risque. Si les examens sont mauvais, mais aussi &#8211; et surtout &#8211; s\u2019ils ne r\u00e9v\u00e8lent rien. Car c\u2019est une possibilit\u00e9 \u00e0 envisager.<\/p>\n<p>Ce jeudi soir (21 heures), c\u2019est donc en civil qu\u2019il vivra la r\u00e9ception de Grenoble. Nul doute qu\u2019apr\u00e8s avoir lu ces lignes, les supporters agenais ne se poseront plus de questions. Mais auront une grosse pens\u00e9e pour leur num\u00e9ro\u00a09, qui sera pr\u00e9sent \u00e0 Armandie pour soutenir ses co\u00e9quipiers.<\/p>\n","protected":false},"excerpt":{"rendered":"\u00ab\u00a0Je pr\u00e9f\u00e8re en parler, parce que beaucoup de gens se posent des questions.\u00a0\u00bb \u00c2g\u00e9 de 25\u00a0ans, le demi&hellip;\n","protected":false},"author":2,"featured_media":381074,"comment_status":"","ping_status":"","sticky":false,"template":"","format":"standard","meta":{"footnotes":""},"categories":[1416],"tags":[1011,27,479,1468,60],"class_list":{"0":"post-381073","1":"post","2":"type-post","3":"status-publish","4":"format-standard","5":"has-post-thumbnail","7":"category-rugby","8":"tag-fr","9":"tag-france","10":"tag-rugby","11":"tag-rugby-football","12":"tag-sports"},"share_on_mastodon":{"url":"https:\/\/pubeurope.com\/@fr\/115181865156997509","error":""},"_links":{"self":[{"href":"https:\/\/www.europesays.com\/fr\/wp-json\/wp\/v2\/posts\/381073","targetHints":{"allow":["GET"]}}],"collection":[{"href":"https:\/\/www.europesays.com\/fr\/wp-json\/wp\/v2\/posts"}],"about":[{"href":"https:\/\/www.europesays.com\/fr\/wp-json\/wp\/v2\/types\/post"}],"author":[{"embeddable":true,"href":"https:\/\/www.europesays.com\/fr\/wp-json\/wp\/v2\/users\/2"}],"replies":[{"embeddable":true,"href":"https:\/\/www.europesays.com\/fr\/wp-json\/wp\/v2\/comments?post=381073"}],"version-history":[{"count":0,"href":"https:\/\/www.europesays.com\/fr\/wp-json\/wp\/v2\/posts\/381073\/revisions"}],"wp:featuredmedia":[{"embeddable":true,"href":"https:\/\/www.europesays.com\/fr\/wp-json\/wp\/v2\/media\/381074"}],"wp:attachment":[{"href":"https:\/\/www.europesays.com\/fr\/wp-json\/wp\/v2\/media?parent=381073"}],"wp:term":[{"taxonomy":"category","embeddable":true,"href":"https:\/\/www.europesays.com\/fr\/wp-json\/wp\/v2\/categories?post=381073"},{"taxonomy":"post_tag","embeddable":true,"href":"https:\/\/www.europesays.com\/fr\/wp-json\/wp\/v2\/tags?post=381073"}],"curies":[{"name":"wp","href":"https:\/\/api.w.org\/{rel}","templated":true}]}}