{"id":381075,"date":"2025-09-10T20:22:13","date_gmt":"2025-09-10T20:22:13","guid":{"rendered":"https:\/\/www.europesays.com\/fr\/381075\/"},"modified":"2025-09-10T20:22:13","modified_gmt":"2025-09-10T20:22:13","slug":"atp-us-open-alcaraz-plus-prudent-que-jamais-je-suis-conscient-que-mes-propos-peuvent-etre-largement-amplifies-jessaie-simplement-de-faire-tres-attention-a-ce-que-je-dis-et-a-la-maniere-dont-j","status":"publish","type":"post","link":"https:\/\/www.europesays.com\/fr\/381075\/","title":{"rendered":"ATP, US Open > Alcaraz, plus prudent que jamais : \u00ab\u00a0Je suis conscient que mes propos peuvent \u00eatre largement amplifi\u00e9s. J&rsquo;essaie simplement de faire tr\u00e8s attention \u00e0 ce que je dis et \u00e0 la mani\u00e8re dont je le dis\u00a0\u00bb"},"content":{"rendered":"<p><a href=\"https:\/\/www.welovetennis.fr\/us-open\/carlos-alcaraz-a-propos-de-donald-trump-pour-etre-honnete-je-vais-essayer-de-ne-pas-y-penser-je-ne-veux-pas-etre-nerveux-a-cause-de-cela\" data-wpel-link=\"internal\" rel=\"nofollow noopener\" target=\"_blank\">\u00ab\u202fC\u2019est un privi\u00adl\u00e8ge pour le tournoi que le pr\u00e9sident d\u2019un pays, quel qu\u2019il soit, soutienne le tournoi et le tennis\u202f\u00bb<\/a>, avait d\u00e9clar\u00e9 Carlos Alcaraz \u00e0 propos de la pr\u00e9sence de Donald Trump pour la finale de l\u2019US Open o\u00f9 il \u00e9tait oppos\u00e9 \u00e0 Jannik Sinner.\u00a0<\/p>\n<p>Conscient d\u2019\u00eatre d\u00e9sor\u00admais une person\u00adna\u00adlit\u00e9 impor\u00adtante et parti\u00adcu\u00adli\u00e8\u00adre\u00adment \u00e9pi\u00e9e, l\u2019Espagnol a reconnu qu\u2019il pesait d\u00e9sor\u00admais le moindre mot, surtout quand les ques\u00adtions concernent la poli\u00adtique ou des sujets d\u2019actualit\u00e9.\u00a0<\/p>\n<p><strong>\u00ab\u202fJe suis conscient que mes propos peuvent \u00eatre large\u00adment ampli\u00adfi\u00e9s. Si vous dites quelque chose qui n\u2019est pas mal vu, mais que vous ne le dites pas avec les mots appro\u00adpri\u00e9s, cela peut vous causer des probl\u00e8mes. J\u2019essaie simple\u00adment de faire tr\u00e8s atten\u00adtion \u00e0 ce que je dis et \u00e0 la mani\u00e8re dont je le dis, car souvent, quand on est \u00e9nerv\u00e9 parce qu\u2019on a perdu ou parce qu\u2019on a pass\u00e9 une mauvaise journ\u00e9e, il est parfois diffi\u00adcile de mesurer ses mots. J\u2019essaie de toujours m\u2019ex\u00adprimer avec respect et fair\u2010play.\u202f\u00bb<\/strong><\/p>\n<p class=\"post-published-date\" style=\"color: silver; font-size: 75%; text-align: left;\">Publi\u00e9 le mercredi 10 septembre 2025 \u00e0 19:30<\/p>\n","protected":false},"excerpt":{"rendered":"\u00ab\u202fC\u2019est un privi\u00adl\u00e8ge pour le tournoi que le pr\u00e9sident d\u2019un pays, quel qu\u2019il soit, soutienne le tournoi et&hellip;\n","protected":false},"author":2,"featured_media":381076,"comment_status":"","ping_status":"","sticky":false,"template":"","format":"standard","meta":{"footnotes":""},"categories":[1415],"tags":[1744,1011,27,2127,60,1467],"class_list":{"0":"post-381075","1":"post","2":"type-post","3":"status-publish","4":"format-standard","5":"has-post-thumbnail","7":"category-tennis","8":"tag-alcaraz","9":"tag-fr","10":"tag-france","11":"tag-sinner","12":"tag-sports","13":"tag-tennis"},"share_on_mastodon":{"url":"https:\/\/pubeurope.com\/@fr\/115181869018870210","error":""},"_links":{"self":[{"href":"https:\/\/www.europesays.com\/fr\/wp-json\/wp\/v2\/posts\/381075","targetHints":{"allow":["GET"]}}],"collection":[{"href":"https:\/\/www.europesays.com\/fr\/wp-json\/wp\/v2\/posts"}],"about":[{"href":"https:\/\/www.europesays.com\/fr\/wp-json\/wp\/v2\/types\/post"}],"author":[{"embeddable":true,"href":"https:\/\/www.europesays.com\/fr\/wp-json\/wp\/v2\/users\/2"}],"replies":[{"embeddable":true,"href":"https:\/\/www.europesays.com\/fr\/wp-json\/wp\/v2\/comments?post=381075"}],"version-history":[{"count":0,"href":"https:\/\/www.europesays.com\/fr\/wp-json\/wp\/v2\/posts\/381075\/revisions"}],"wp:featuredmedia":[{"embeddable":true,"href":"https:\/\/www.europesays.com\/fr\/wp-json\/wp\/v2\/media\/381076"}],"wp:attachment":[{"href":"https:\/\/www.europesays.com\/fr\/wp-json\/wp\/v2\/media?parent=381075"}],"wp:term":[{"taxonomy":"category","embeddable":true,"href":"https:\/\/www.europesays.com\/fr\/wp-json\/wp\/v2\/categories?post=381075"},{"taxonomy":"post_tag","embeddable":true,"href":"https:\/\/www.europesays.com\/fr\/wp-json\/wp\/v2\/tags?post=381075"}],"curies":[{"name":"wp","href":"https:\/\/api.w.org\/{rel}","templated":true}]}}