{"id":381079,"date":"2025-09-10T20:26:11","date_gmt":"2025-09-10T20:26:11","guid":{"rendered":"https:\/\/www.europesays.com\/fr\/381079\/"},"modified":"2025-09-10T20:26:11","modified_gmt":"2025-09-10T20:26:11","slug":"giro-della-toscana-10-septembre-2025-classement-velopressecollection","status":"publish","type":"post","link":"https:\/\/www.europesays.com\/fr\/381079\/","title":{"rendered":"Giro della Toscana 10 septembre 2025 classement &#8211; Velopressecollection"},"content":{"rendered":"<ol>\n<li><a href=\"https:\/\/news.google.com\/rss\/articles\/CBMivgFBVV95cUxQb2dOTVJ5TkR4ckNFel9TUl9INTFaM19rY0EwTUhwN19IckFKQjFjdlN4NW1QbGxDeE5oYUZFazJCV3dCcGM2ekJMcVlkTTFwd1VEaFpEUkcxbEJGV1pISk53MGhYZmFOMUx2MzBFZWNQZnBhV2Z6c2ZqS2xsbnhCQnZuc1RiLXBBejFXb19Cei04Wk50ZjlTc093S01pYUFnaW80OXVWU2wxOHd3Z0U1aFk0SzktOXpjWVNzLU53?oc=5\" target=\"_blank\" rel=\"nofollow noopener\">Giro della Toscana 10 septembre 2025 classement<\/a>&nbsp;&nbsp;Velopressecollection<\/li>\n<li><a href=\"https:\/\/news.google.com\/rss\/articles\/CBMipgFBVV95cUxQTFNZelBUUWVrTGU2YXpvMWxkcG8tUklzZ3JLb1FFanNfUkZkT0RHUEN6WUVucnB3TnZqRWo5dWNGZF9UOGl2bWpSLTVaSjlsZVdzX0NEMWFXbUxicFA3TDM3VXh6aUw5R0NUOGVsSkhUT2MwZzMydEFGdG1EdXBNN2pZbzk0cEt2WU1Yd3VPaVhLMnVfbXZLZjBRUTZOaFB0RUVoNXFn?oc=5\" target=\"_blank\" rel=\"nofollow noopener\">Isaac Del Toro remporte le Tour de Toscane<\/a>&nbsp;&nbsp;L&rsquo;\u00c9quipe<\/li>\n<li><a href=\"https:\/\/news.google.com\/rss\/articles\/CBMi_AFBVV95cUxQNW44bzRkdU1PQ0RvVHdDd0hnczRXR2JCZkxMOERhRUtxYXBXbWwySHRjZ21DLWQ3cGJNc3U5YVRlT0d5Z3JCZkoyTk5weGJTUTA1d3NwOEdic0wwaWVJN1ZNa0x0ZlpZU1d5ekloWklEdmxCRHIzRWJTWFcwd2lmN0J6aTY1OXh6VWM3eVZWYzUyUzJLdE1RamR1QTFxSEdRQmJ5YXA3ZS16eGQtbUdQOVNuY1ZkM3NZVHNPVXVFOXRQd0xxUTF0Z0VaNG9CclEtcllXSFQwQk5NZ2xDemluVnNWUVdQXzd4TE16WnhFWElNWm4yZ1dHQlN1RDA?oc=5\" target=\"_blank\" rel=\"nofollow noopener\">Cyclisme &#8211; Tour de Toscane 2025 &#8211; Le R\u00e9sum\u00e9 &#8211; Isaac Del Toro inarr\u00eatable sur le Giro della Toscana<\/a>&nbsp;&nbsp;Orange Actualit\u00e9s | Sports<\/li>\n<li><a href=\"https:\/\/news.google.com\/rss\/articles\/CBMifkFVX3lxTE9SdllDdmJScjJTVTZOVlkxUms3Njl2T1dISWM0allGUnc1VGdPRTBUamEyLXN2MGJBbURWTUh5Uk5fbEZTNXlYZHJ1OFpaYk9lVzZQQXFzVi1HczUwazJBaHZ0V3ZJNFlSYzc3QVU4bTNCX29ZQm1OR3haRzUyZw?oc=5\" target=\"_blank\" rel=\"nofollow noopener\">Qui est le vainqueur du Tour de Toscane 2025 ? Classement et r\u00e9sultats<\/a>&nbsp;&nbsp;Dicodusport<\/li>\n<li><a href=\"https:\/\/news.google.com\/rss\/articles\/CBMiiAFBVV95cUxPcUUxc0NQWGhRSHpGR2lnVHFsX0NXN05pWTdGQXZ6NWFBNUhWaHZfNlIxWkxHZzU4RURqX0ZnYWxseUdtczdaRzdHSXBNNFcyUzluVXJsb3BpNWhBLVo0UTl1MXVDZEJxVk9NV1ZhTzFGSHlFUTREcS1KdXNjSWE4dkNyMXJLd2Rh?oc=5\" target=\"_blank\" rel=\"nofollow noopener\">Isaac Del Toro s\u2019adjuge le Giro della Toscana<\/a>&nbsp;&nbsp;Velo-Club<\/li>\n<\/ol>\n","protected":false},"excerpt":{"rendered":"Giro della Toscana 10 septembre 2025 classement&nbsp;&nbsp;Velopressecollection Isaac Del Toro remporte le Tour de Toscane&nbsp;&nbsp;L&rsquo;\u00c9quipe Cyclisme &#8211; Tour&hellip;\n","protected":false},"author":2,"featured_media":381080,"comment_status":"","ping_status":"","sticky":false,"template":"","format":"standard","meta":{"footnotes":""},"categories":[1411],"tags":[1154,207,1011,27,60],"class_list":{"0":"post-381079","1":"post","2":"type-post","3":"status-publish","4":"format-standard","5":"has-post-thumbnail","7":"category-cyclisme","8":"tag-cycling","9":"tag-cyclisme","10":"tag-fr","11":"tag-france","12":"tag-sports"},"share_on_mastodon":{"url":"https:\/\/pubeurope.com\/@fr\/115181884830622452","error":""},"_links":{"self":[{"href":"https:\/\/www.europesays.com\/fr\/wp-json\/wp\/v2\/posts\/381079","targetHints":{"allow":["GET"]}}],"collection":[{"href":"https:\/\/www.europesays.com\/fr\/wp-json\/wp\/v2\/posts"}],"about":[{"href":"https:\/\/www.europesays.com\/fr\/wp-json\/wp\/v2\/types\/post"}],"author":[{"embeddable":true,"href":"https:\/\/www.europesays.com\/fr\/wp-json\/wp\/v2\/users\/2"}],"replies":[{"embeddable":true,"href":"https:\/\/www.europesays.com\/fr\/wp-json\/wp\/v2\/comments?post=381079"}],"version-history":[{"count":0,"href":"https:\/\/www.europesays.com\/fr\/wp-json\/wp\/v2\/posts\/381079\/revisions"}],"wp:featuredmedia":[{"embeddable":true,"href":"https:\/\/www.europesays.com\/fr\/wp-json\/wp\/v2\/media\/381080"}],"wp:attachment":[{"href":"https:\/\/www.europesays.com\/fr\/wp-json\/wp\/v2\/media?parent=381079"}],"wp:term":[{"taxonomy":"category","embeddable":true,"href":"https:\/\/www.europesays.com\/fr\/wp-json\/wp\/v2\/categories?post=381079"},{"taxonomy":"post_tag","embeddable":true,"href":"https:\/\/www.europesays.com\/fr\/wp-json\/wp\/v2\/tags?post=381079"}],"curies":[{"name":"wp","href":"https:\/\/api.w.org\/{rel}","templated":true}]}}