{"id":381081,"date":"2025-09-10T20:27:13","date_gmt":"2025-09-10T20:27:13","guid":{"rendered":"https:\/\/www.europesays.com\/fr\/381081\/"},"modified":"2025-09-10T20:27:13","modified_gmt":"2025-09-10T20:27:13","slug":"ousmane-dembele-decroche-le-prestigieux-onze-dor-2025","status":"publish","type":"post","link":"https:\/\/www.europesays.com\/fr\/381081\/","title":{"rendered":"Ousmane Demb\u00e9l\u00e9 d\u00e9croche le prestigieux Onze d\u2019Or 2025"},"content":{"rendered":"<p dir=\"ltr\" lang=\"fr\"><strong>\u00c0 28 ans, Ousmane Demb\u00e9l\u00e9, attaquant du Paris Saint-Germain, a \u00e9t\u00e9 couronn\u00e9 du prestigieux Onze d\u2019Or 2025, d\u00e9cern\u00e9 par le magazine Onze Mondial. Avec 32,5 % des suffrages, il devance le prodige espagnol Lamine Yamal (18 ans, FC Barcelone, 30 %). Une cons\u00e9cration individuelle qui vient r\u00e9compenser sa r\u00e9gularit\u00e9 et ses sacrifices, comme l\u2019a soulign\u00e9 le joueur dans son discours.<\/strong><\/p>\n<blockquote class=\"twitter-tweet\" data-media-max-width=\"560\">\n<p dir=\"ltr\" lang=\"fr\">\ud83d\udd34\ud83d\udd35\u2728 Ousmane Demb\u00e9l\u00e9 remporte le Onze d\u2019Or 2025 !<\/p>\n<p>\u00ab Je suis fier, \u00e7a prouve que tu as bien travaill\u00e9 durant toute la saison, et je vais m\u00eame plus loin, durant toutes ces ann\u00e9es pour remporter des troph\u00e9es individuels. \u00c7a me touche, mes sacrifices et mes performances sont\u2026 <a href=\"https:\/\/t.co\/Wb8pk8hc7q\" rel=\"nofollow\">pic.twitter.com\/Wb8pk8hc7q<\/a><\/p>\n<p>\u2014 ParisSG INFOS (@Paris_sginfos) <a href=\"https:\/\/twitter.com\/Paris_sginfos\/status\/1965845269771162030?ref_src=twsrc%5Etfw\" rel=\"nofollow noopener\" target=\"_blank\">September 10, 2025<\/a><\/p>\n<\/blockquote>\n<blockquote>\n<p>\u00ab\u00a0Ousmane Demb\u00e9l\u00e9 remporte le Onze d\u2019Or 2025 ! \u00ab Je suis fier, \u00e7a prouve que tu as bien travaill\u00e9 durant toute la saison, et je vais m\u00eame plus loin, durant toutes ces ann\u00e9es pour remporter des troph\u00e9es individuels. \u00c7a me touche, mes sacrifices et mes performances sont reconnus. \u00bb Pl\u00e9biscit\u00e9 par 32,5 % des \u00e9lecteurs, Demb\u00e9l\u00e9 devance donc Yamal (30 %)\u00a0\u00bb<\/p>\n<\/blockquote>\n<p>Ce sacre marque un tournant pour Ousmane Demb\u00e9l\u00e9, longtemps critiqu\u00e9 pour sa fragilit\u00e9 physique mais qui s\u2019impose d\u00e9sormais comme une valeur s\u00fbre du Paris Saint-Germain.<\/p>\n<p>Ses performances r\u00e9guli\u00e8res, aussi bien en Ligue 1 qu\u2019en Ligue des champions, ont pes\u00e9 dans la balance. Le duel avec Lamine Yamal, nouvelle sensation du FC Barcelone, symbolise \u00e9galement la passation de pouvoir entre une g\u00e9n\u00e9ration confirm\u00e9e et une g\u00e9n\u00e9ration montante.<\/p>\n<p>Pour le PSG, ce troph\u00e9e individuel est aussi une vitrine : il confirme l\u2019impact de ses joueurs sur la sc\u00e8ne internationale et t\u00e9moigne de l\u2019attractivit\u00e9 retrouv\u00e9e du club dans les r\u00e9compenses majeures. Demb\u00e9l\u00e9 reste bless\u00e9 pour six semaines, ce qui lance mal sa saison.<\/p>\n<p>\t\t\t\t\t\t\t\t\t\t\t\t\t\t\t\t\t\t\t\t\t\t\t<img loading=\"lazy\" src=\"https:\/\/www.europesays.com\/fr\/wp-content\/uploads\/2025\/04\/ParisFans_Logo.png\" decoding=\"async\" class=\"lazyload\" width=\"240\" height=\"54\" data-eio-rwidth=\"240\" data-eio-rheight=\"54\"\/><\/p>\n<p>\t\t\t\t\t\t\t\t<script async src=\"https:\/\/platform.twitter.com\/widgets.js\" charset=\"utf-8\"><\/script><\/p>\n","protected":false},"excerpt":{"rendered":"\u00c0 28 ans, Ousmane Demb\u00e9l\u00e9, attaquant du Paris Saint-Germain, a \u00e9t\u00e9 couronn\u00e9 du prestigieux Onze d\u2019Or 2025, d\u00e9cern\u00e9&hellip;\n","protected":false},"author":2,"featured_media":381082,"comment_status":"","ping_status":"","sticky":false,"template":"","format":"standard","meta":{"footnotes":""},"categories":[1410],"tags":[63,1011,27,51433,2782,60,96],"class_list":{"0":"post-381081","1":"post","2":"type-post","3":"status-publish","4":"format-standard","5":"has-post-thumbnail","7":"category-football","8":"tag-football","9":"tag-fr","10":"tag-france","11":"tag-onze-dor","12":"tag-ousmane-dembele","13":"tag-sports","14":"tag-une"},"share_on_mastodon":{"url":"https:\/\/pubeurope.com\/@fr\/115181889388615984","error":""},"_links":{"self":[{"href":"https:\/\/www.europesays.com\/fr\/wp-json\/wp\/v2\/posts\/381081","targetHints":{"allow":["GET"]}}],"collection":[{"href":"https:\/\/www.europesays.com\/fr\/wp-json\/wp\/v2\/posts"}],"about":[{"href":"https:\/\/www.europesays.com\/fr\/wp-json\/wp\/v2\/types\/post"}],"author":[{"embeddable":true,"href":"https:\/\/www.europesays.com\/fr\/wp-json\/wp\/v2\/users\/2"}],"replies":[{"embeddable":true,"href":"https:\/\/www.europesays.com\/fr\/wp-json\/wp\/v2\/comments?post=381081"}],"version-history":[{"count":0,"href":"https:\/\/www.europesays.com\/fr\/wp-json\/wp\/v2\/posts\/381081\/revisions"}],"wp:featuredmedia":[{"embeddable":true,"href":"https:\/\/www.europesays.com\/fr\/wp-json\/wp\/v2\/media\/381082"}],"wp:attachment":[{"href":"https:\/\/www.europesays.com\/fr\/wp-json\/wp\/v2\/media?parent=381081"}],"wp:term":[{"taxonomy":"category","embeddable":true,"href":"https:\/\/www.europesays.com\/fr\/wp-json\/wp\/v2\/categories?post=381081"},{"taxonomy":"post_tag","embeddable":true,"href":"https:\/\/www.europesays.com\/fr\/wp-json\/wp\/v2\/tags?post=381081"}],"curies":[{"name":"wp","href":"https:\/\/api.w.org\/{rel}","templated":true}]}}