{"id":381083,"date":"2025-09-10T20:28:16","date_gmt":"2025-09-10T20:28:16","guid":{"rendered":"https:\/\/www.europesays.com\/fr\/381083\/"},"modified":"2025-09-10T20:28:16","modified_gmt":"2025-09-10T20:28:16","slug":"je-suis-vaccine-aux-insultes-depuis-que-je-suis-ne","status":"publish","type":"post","link":"https:\/\/www.europesays.com\/fr\/381083\/","title":{"rendered":"\u00ab Je suis vaccin\u00e9 aux insultes depuis que je suis n\u00e9 \u00bb"},"content":{"rendered":"<p>Se lancer en politique ? \u00c0 peu pr\u00e8s tout son entourage a tent\u00e9 de l&rsquo;en dissuader. \u00c0 commencer par sa m\u00e8re, <a href=\"https:\/\/www.parismatch.com\/bio\/cecilia-attias\" rel=\"nofollow noopener\" target=\"_blank\">C\u00e9cilia Attias<\/a>. \u00ab Elle conna\u00eet mieux que personne les sacrifices et la violence de l&rsquo;exercice. Mais je suis vaccin\u00e9 aux insultes depuis que je suis n\u00e9 \u00bb, confie le fiston, 28 ans. Depuis toujours, deux choses passionnent <a href=\"https:\/\/www.parismatch.com\/bio\/louis-sarkozy\" rel=\"nofollow noopener\" target=\"_blank\">Louis Sarkozy<\/a> : la guerre et la politique. \u00ab C&rsquo;est tout ce que je suis, ce que je lis, ce que je regarde. D&rsquo;ailleurs, ma femme m&rsquo;a fait remarquer qu&rsquo;on n&rsquo;a jamais vu un film dr\u00f4le depuis qu&rsquo;on est ensemble. \u00bb Le Franco-Am\u00e9ricain, qui a fait l&rsquo;acad\u00e9mie militaire de Valley Forge en Pennsylvanie, r\u00eavait de porter l&rsquo;uniforme des marines. Jusqu&rsquo;\u00e0 ce que l&rsquo;administration am\u00e9ricaine l&rsquo;informe sans ambages que ses liens familiaux seraient un frein irr\u00e9versible \u00e0 sa carri\u00e8re. Oubli\u00e9s le cliquetis des armes et l&rsquo;adr\u00e9naline des combats, ce sera donc la politique, une guerre d&rsquo;un autre genre. Et ce sera pour la France. Ce printemps, le plus jeune des fils Sarkozy a ainsi quitt\u00e9 la banlieue de Washington o\u00f9 il \u00e9tait install\u00e9 avec son \u00e9pouse croate, <a href=\"https:\/\/www.parismatch.com\/People\/louis-sarkozy-bientot-papa-pause-plage-a-menton-avec-natali-et-son-ventre-arrondi-255511\" rel=\"nofollow noopener\" target=\"_blank\">Natali Husic<\/a>.<\/p>\n<p>Son premier fait d&rsquo;armes, Louis Sarkozy a pr\u00e9vu de le r\u00e9aliser \u00e0 Menton. Une ville des Alpes-Maritimes o\u00f9 il n&rsquo;a fait que passer mais que conna\u00eet bien Natali, dont la soeur a v\u00e9cu \u00e0 Beausoleil, \u00e0 quelques kilom\u00e8tres de l\u00e0, aux portes de Monaco. L&rsquo;objectif : s&#8217;emparer de la mairie. <a href=\"https:\/\/www.parismatch.com\/actu\/politique\/louis-sarkozy-sa-candidature-a-menton-et-les-conseils-de-son-pere-256707\" rel=\"nofollow noopener\" target=\"_blank\">Un secret de Polichinelle r\u00e9cemment d\u00e9voil\u00e9<\/a> via une vid\u00e9o sur Instagram et une lettre \u00e0 ses habitants. En attendant d&rsquo;en faire son fief, le couple loue d\u00e9j\u00e0 dans la ville une maison d&rsquo;une centaine de m\u00e8tres carr\u00e9s, dans le quartier familial du Haut Borrigo. On n&rsquo;y voit pas la Grande Bleue, mais le caf\u00e9 du matin se boit en r\u00eavassant face \u00e0 la montagne, o\u00f9 sont perch\u00e9s les villages de Sainte-Agn\u00e8s et de Castellar. Dans leurs bagages, ceux que le jeune ambitieux a surnomm\u00e9s \u00ab mon fils \u00bb et \u00ab ma fille \u00bb, \u00e0 savoir Hitch, un golden retriever de 7 ans, et Phasma, un shiba inu.<\/p>\n<p>    <img decoding=\"async\" src=\"https:\/\/www.europesays.com\/fr\/wp-content\/uploads\/2025\/09\/nl_louis_sarkozy-81.jpg\" alt=\"Louis Sarkozy et Natali avec leurs deux chiens, Phasma, un shiba inu, et Hitch, un golden retriever. Natali et Louis Sarkozy sont mari\u00e9s depuis 2022.\" loading=\"lazy\"\/><\/p>\n<p>\n      Louis Sarkozy et Natali avec leurs deux chiens, Phasma, un shiba inu, et Hitch, un golden retriever. Natali et Louis Sarkozy sont mari\u00e9s depuis 2022.<\/p>\n<p>                Paris Match<br \/>\n                      \/<br \/>\n                                \u00a9 Nathan Laine<\/p>\n<p>\u00ab Je ne me suis pas cach\u00e9 sur une liste, dit-il. Je me soumets au suffrage. Il faut prendre des risques \u00bb<\/p>\n<p>\u00ab Paris, c&rsquo;est une horreur. Et Nice, c&rsquo;est Paris au soleil, explique le nouvel arrivant. Nous voulions vivre et \u00e9lever notre enfant en bord de mer, dans une ville moyenne o\u00f9 les prix ne sont pas exorbitants. Et n&rsquo;\u00eatre qu&rsquo;\u00e0 une heure et demie d&rsquo;un a\u00e9roport international pour aller voir mes parents et ceux de Natali, qui habitent \u00e0 Kinshasa depuis quarante ans. \u00bb Natali accouchera tout de m\u00eame \u00e0 Paris, o\u00f9 le couple a conserv\u00e9 un pied-\u00e0-terre, avec le m\u00e9decin, un ami, qui la suit depuis toujours. Sous sa casquette d&rsquo;essayiste, Louis continue de passer ses vendredis et samedis dans la capitale pour assurer ses chroniques sur LCI, lui qui intervient aussi sur RMC et dans l&rsquo;hebdomadaire \u00ab Valeurs actuelles \u00bb.<\/p>\n<p>    <img decoding=\"async\" src=\"https:\/\/www.europesays.com\/fr\/wp-content\/uploads\/2025\/09\/nl_louis_sarkozy-27.jpg\" alt=\"Louis Sarkozy avec Natali, qui s\u2019amuse : \u00ab Le b\u00e9b\u00e9 bouge beaucoup. Il fait du jujitsu br\u00e9silien ! \u00bb Le sport de combat pr\u00e9f\u00e9r\u00e9 de son mari.\" loading=\"lazy\"\/><\/p>\n<p>\n      Louis Sarkozy avec Natali, qui s\u2019amuse : \u00ab Le b\u00e9b\u00e9 bouge beaucoup. Il fait du jujitsu br\u00e9silien ! \u00bb Le sport de combat pr\u00e9f\u00e9r\u00e9 de son mari.<\/p>\n<p>                Paris Match<br \/>\n                      \/<br \/>\n                                \u00a9 Nathan Laine<\/p>\n<p>    <img decoding=\"async\" src=\"https:\/\/www.europesays.com\/fr\/wp-content\/uploads\/2025\/09\/nl_louis_sarko-15.jpg\" alt=\"Louis Sarkozy avec Natali, sa premi\u00e8re auditrice, il r\u00e9p\u00e8te sa chronique pour RMC au petit d\u00e9jeuner. Chez eux, \u00e0 Menton, o\u00f9 un studio d\u2019enregistrement a \u00e9t\u00e9 improvis\u00e9.\" loading=\"lazy\"\/><\/p>\n<p>\n      Louis Sarkozy avec Natali, sa premi\u00e8re auditrice, il r\u00e9p\u00e8te sa chronique pour RMC au petit d\u00e9jeuner. Chez eux, \u00e0 Menton, o\u00f9 un studio d\u2019enregistrement a \u00e9t\u00e9 improvis\u00e9.<\/p>\n<p>                Paris Match<br \/>\n                      \/<br \/>\n                                \u00a9 Nathan Laine<\/p>\n<p>\u00c9videmment, le choix de Menton ne tient pas qu&rsquo;au soleil et \u00e0 ses citrons. Emp\u00eatr\u00e9 dans une affaire autour de la gestion des ports, son maire Les R\u00e9publicains, Yves Juhel, 80 ans, ne se repr\u00e9sentera pas. Solidement implant\u00e9e, la d\u00e9put\u00e9e RN Alexandra Masson, elle, s&rsquo;y voit d\u00e9j\u00e0. Un espace reste vacant dans lequel Louis Sarkozy a vu l&rsquo;opportunit\u00e9 d&rsquo;exister politiquement. On lui reproche \u00e0 raison d&rsquo;\u00eatre \u00ab parachut\u00e9 \u00bb. \u00ab Il n&rsquo;y a pas eu un seul maire originaire de Menton depuis la Lib\u00e9ration \u00bb, balaie-t-il d&rsquo;un revers de main. Son programme est encore en gestation. Le jeune candidat dit vouloir axer sa campagne sur la nouveaut\u00e9, le rassemblement dans cette ville d&rsquo;un peu plus de 30 000 habitants marqu\u00e9e par des \u00ab querelles de clocher \u00bb. L&rsquo;ins\u00e9curit\u00e9 le pr\u00e9occupe : \u00ab Il y a dix ans, il y avait trente SDF que tout le monde connaissait et qui se comportaient bien, argumente-t-il. Aujourd&rsquo;hui, il y en a plus de cent, que personne ne conna\u00eet et qui se comportent tr\u00e8s mal. \u00bb Le candidat mise sur la d\u00e9termination. \u00ab Si on croit en quelque chose, il faut y aller \u00e0 fond. Je ne me suis pas cach\u00e9 sur une liste. Je ne me suis pas non plus fait nommer &lsquo;sous-secr\u00e9taire aux choux-fleurs&rsquo; par Les R\u00e9publicains. J&rsquo;arrive dans une ville o\u00f9 je ne suis pas n\u00e9, o\u00f9 le Rassemblement national est bien assis, et je me soumets au suffrage. C&rsquo;est mon nom, ma cr\u00e9dibilit\u00e9 et celle de ma famille qui sont sur la table. Il faut prendre des risques. Les Am\u00e9ricains ont cette expression &lsquo;skin in the game&rsquo;, mettre de la peau dans le jeu. Moi j&rsquo;ai mis de la peau. Moi je vais jouer ! \u00bb<\/p>\n<p>Adolescent en surpoids, il a \u00ab d\u00e9test\u00e9 \u00eatre gros \u00bb. \u00ab Toute sa vie, mon fils me verra faire du sport \u00bb, assure-t-il<\/p>\n<p>Longtemps pourtant, le benjamin Sarkozy a sembl\u00e9 se chercher. Sa premi\u00e8re apparition officielle s&rsquo;est faite sous les dorures de l&rsquo;\u00c9lys\u00e9e, le jour de l&rsquo;investiture paternelle le 16 mai 2007. Le petit gar\u00e7on \u00e9merveill\u00e9 par le decorum de la c\u00e9r\u00e9monie a longuement observ\u00e9 le grand collier de la L\u00e9gion d&rsquo;honneur et lu sur chaque m\u00e9daille le nom d&rsquo;un pr\u00e9sident, jusqu&rsquo;\u00e0 y trouver celui de <a href=\"https:\/\/www.parismatch.com\/bio\/nicolas-sarkozy\" rel=\"nofollow noopener\" target=\"_blank\">son p\u00e8re<\/a>. La fiert\u00e9 a laiss\u00e9 place \u00e0 la blessure, celle du divorce parental, et \u00e0 l&rsquo;\u00e9preuve de l&rsquo;exil \u00e0 New York, o\u00f9 il a grandi avec sa m\u00e8re et son beau-p\u00e8re, Richard Attias. En 2014, il a la fougue d&rsquo;un jeune homme de 17 ans et la presse s&rsquo;amuse de ses \u00e9changes de tweets, aussi vindicatifs que truff\u00e9s de fautes, avec L\u00e9onard, fils de la premi\u00e8re dame Val\u00e9rie Trierweiler. L&rsquo;ann\u00e9e suivante, c&rsquo;est sa romance, riche en rebondissements, avec Capucine Anav, ex-star de la t\u00e9l\u00e9r\u00e9alit\u00e9, qui d\u00e9fraie la chronique. En 2019, le voil\u00e0 qui lance, en partenariat avec la marque de mocassins Boonper, \u00ab The Enigma Collection by Louis Sarkozy \u00bb, donnant \u00e0 chaque cr\u00e9ation le nom d&rsquo;un esprit influent tel Marie Curie, Sigmund Freud ou Thomas Jefferson&#8230; Il a \u00e9tudi\u00e9 la philosophie et l&rsquo;histoire \u00e0 l&rsquo;universit\u00e9 de New York, travaill\u00e9 dans le priv\u00e9, mais aussi pour la banque interam\u00e9ricaine de d\u00e9veloppement et \u00e0 l&rsquo;ambassade de France \u00e0 Washington.<\/p>\n<p>    La suite apr\u00e8s cette publicit\u00e9<\/p>\n<p>    <img decoding=\"async\" src=\"https:\/\/www.europesays.com\/fr\/wp-content\/uploads\/2025\/09\/sc_m0090465.jpg\" alt=\"Louis Sarkozy \u00e0 3 mois dans les bras de son p\u00e8re, avec sa m\u00e8re, C\u00e9cilia, \u00e0 Benerville-sur-Mer, en ao\u00fbt 1997.\" loading=\"lazy\"\/><\/p>\n<p>\n      Louis Sarkozy \u00e0 3 mois dans les bras de son p\u00e8re, avec sa m\u00e8re, C\u00e9cilia, \u00e0 Benerville-sur-Mer, en ao\u00fbt 1997.<\/p>\n<p>                Paris Match<br \/>\n                      \/<br \/>\n                                \u00a9 Thierry Esch<\/p>\n<p>    <img decoding=\"async\" src=\"https:\/\/www.europesays.com\/fr\/wp-content\/uploads\/2025\/09\/sc_000_par1307316.jpg\" alt=\"L\u2019\u00e9motion en famille \u00e0 l\u2019\u00c9lys\u00e9e. Louis, avec Pierre et Jean, les deux fils a\u00een\u00e9s de Nicolas Sarkozy, et Judith et Jeanne-Marie, les filles que C\u00e9cilia a eues avec Jacques Martin\" loading=\"lazy\"\/><\/p>\n<p>\n      L\u2019\u00e9motion en famille \u00e0 l\u2019\u00c9lys\u00e9e. Louis, avec Pierre et Jean, les deux fils a\u00een\u00e9s de Nicolas Sarkozy, et Judith et Jeanne-Marie, les filles que C\u00e9cilia a eues avec Jacques Martin<\/p>\n<p>                AFP<br \/>\n                      \/<br \/>\n                                \u00a9 STF<\/p>\n<p>    <img decoding=\"async\" src=\"https:\/\/www.europesays.com\/fr\/wp-content\/uploads\/2025\/09\/sc_m0285770.jpg\" alt=\"Louis Sarkozy alors qu\u2019il f\u00eate son dipl\u00f4me de l\u2019acad\u00e9mie de Valley Forge avec ses compagnons, en 2014.\" loading=\"lazy\"\/><\/p>\n<p>\n      Louis Sarkozy alors qu\u2019il f\u00eate son dipl\u00f4me de l\u2019acad\u00e9mie de Valley Forge avec ses compagnons, en 2014.<\/p>\n<p>                                \u00a9 Instagram<\/p>\n<p>\u00c0 la rentr\u00e9e 2024, c&rsquo;est un Louis Sarkozy nouveau, pr\u00e9sent\u00e9 comme sp\u00e9cialiste des \u00c9tats-Unis, qui appara\u00eet \u00e0 l&rsquo;antenne de LCI. Passionn\u00e9 de tir, d&rsquo;armes, d&rsquo;\u00e9checs et d&rsquo;arts martiaux, le barbu de 1,90 m\u00e8tre n&rsquo;h\u00e9site pas \u00e0 sortir le bazooka, comme lorsqu&rsquo;il lance \u00e0 propos du Hezbollah et du Hamas : \u00ab Qu&rsquo;ils cr\u00e8vent tous ! Isra\u00ebl fait le travail de l&rsquo;humanit\u00e9. \u00bb Il s&rsquo;av\u00e8re plus pos\u00e9 lors de la promotion de son premier ouvrage, \u00ab Napol\u00e9on Bonaparte, l&#8217;empire des livres \u00bb (aux \u00e9ditions Pass\u00e9s \/ Compos\u00e9s). <a href=\"https:\/\/www.parismatch.com\/Culture\/louis-sarkozy-a-menton-nait-une-etoile-254131\" rel=\"nofollow noopener\" target=\"_blank\">Le premier empereur fran\u00e7ais reste un mod\u00e8le pour Sarkozy fils<\/a>. On retrouve sa pr\u00e9sence aussi bien sur les mugs du petit d\u00e9jeuner qu&rsquo;\u00e0 la petite salle de sport improvis\u00e9e \u00e0 l&rsquo;ext\u00e9rieur au-dessus de laquelle flotte le drapeau du 1er r\u00e9giment des grenadiers de la Garde imp\u00e9riale. \u00ab Quand on pense qu&rsquo;on souffre, on se rappelle ce que ces hommes ont v\u00e9cu, \u00e7a rend humble \u00bb, dit-il en souriant.<\/p>\n<p>Ses douleurs \u00e0 lui sont avant tout physiques. Sur son banc de musculation et dans sa cage \u00e0 squat, il repousse ses limites cinq \u00e0 sept fois par semaine et consigne m\u00e9ticuleusement tous ses entra\u00eenements sur un carnet pour \u00ab traquer les progr\u00e8s \u00bb. Sa femme s&rsquo;amuse \u00e0 y laisser dessins et doux mots d&rsquo;encouragement. En politique comme dans la vie, Louis Sarkozy croit aux vertus de la testost\u00e9rone. Il prend de la cr\u00e9atine, surveille de pr\u00e8s ses apports en prot\u00e9ines, entre 200 et 220 grammes par jour, et compl\u00e8te sa routine avec du v\u00e9lo d&rsquo;appartement et du jujitsu br\u00e9silien, sa passion depuis quatre ans. Le gaillard de 91 kilos, ancien adolescent en surpoids, affirme \u00ab avoir d\u00e9test\u00e9 \u00eatre gros \u00bb et a op\u00e9r\u00e9 un changement radical quand il \u00e9tait en \u00e9cole militaire aux \u00c9tats-Unis, loin de sa famille, selon une m\u00e9thode spartiate. \u00ab J&rsquo;ai pass\u00e9 un an et demi \u00e0 faire du sport et \u00e0 m&rsquo;affamer. Je bouffais une salade C\u00e9sar le midi et un yaourt \u00e0 la p\u00eache le soir. J&rsquo;ai perdu dix kilos. Je ne les ai pas repris et je ne les reprendrai jamais. \u00bb Il promet : \u00ab Toute sa vie, mon fils me verra faire du sport. Les enfants \u00e9coutent ce que vous dites mais font ce que vous faites. \u00bb<\/p>\n<p>    <img decoding=\"async\" src=\"https:\/\/www.europesays.com\/fr\/wp-content\/uploads\/2025\/09\/nl_louis_sarkozy-77.jpg\" alt=\"L\u2019entra\u00eenement du fan d\u2019arts martiaux \u00e0 l\u2019USC de Menton, situ\u00e9 \u00e0 quelques pas seulement de\u2026 la mairie. S\u00e9ance de \u00ab Luta livre \u00bb avec J\u00e9r\u00e9mie Falsone, un habitu\u00e9.\" loading=\"lazy\"\/><\/p>\n<p>\n      L\u2019entra\u00eenement du fan d\u2019arts martiaux \u00e0 l\u2019USC de Menton, situ\u00e9 \u00e0 quelques pas seulement de\u2026 la mairie. S\u00e9ance de \u00ab Luta livre \u00bb avec J\u00e9r\u00e9mie Falsone, un habitu\u00e9.<\/p>\n<p>                Paris Match<br \/>\n                      \/<br \/>\n                                \u00a9 Nathan Laine<\/p>\n<p>    <img decoding=\"async\" src=\"https:\/\/www.europesays.com\/fr\/wp-content\/uploads\/2025\/09\/nl_louis_sarkozy-78.jpg\" alt=\"Louis Sarkozy lors d\u2019un sparing avec Alice Michalkiewicz, \u00e0 son club USC de Menton.\" loading=\"lazy\"\/><\/p>\n<p>\n      Louis Sarkozy lors d\u2019un sparing avec Alice Michalkiewicz, \u00e0 son club USC de Menton.<\/p>\n<p>                Paris Match<br \/>\n                      \/<br \/>\n                                \u00a9 Nathan Laine<\/p>\n<p>Natali ne fait pas de politique, ne lit pas les commentaires sur son \u00e9poux et passe assez inaper\u00e7ue dans les rues de Menton<\/p>\n<p>Ce fils \u00e0 venir na\u00eetra fin octobre. Ses parents, ensemble depuis 2017 et mari\u00e9s cinq ans plus tard dans le Vaucluse, se sont enfin accord\u00e9s sur un pr\u00e9nom. Les conditions \u00e9taient strictes : celui-ci ne devait pas \u00eatre commun mais romain, avoir une connotation slave et africaine &#8211; hommage \u00e0 l&rsquo;enfance de Natali &#8211; et ne pas exc\u00e9der deux syllabes afin d&rsquo;\u00e9viter les surnoms. \u00ab Marcus \u00bb a tenu la corde les six premiers mois de la grossesse mais c&rsquo;est finalement \u00ab Sylla \u00bb qui a \u00e9t\u00e9 \u00e9lu. En slave, cela signifie \u00ab force \u00bb. Petit hic tout de m\u00eame, souligne le futur p\u00e8re f\u00e9ru d&rsquo;histoire : \u00ab Sylla est vu comme un dictateur romain qui a pris le pouvoir et massacr\u00e9 ses ennemis politiques. \u00bb La chambre du b\u00e9b\u00e9 n&rsquo;est pas encore pr\u00eate. Il en faut plus pour que Natali panique. Douce et d\u00e9licate, la future m\u00e8re ne r\u00e9alise pas encore le chamboulement qui les attend. Elle franchit les \u00e9tapes les unes apr\u00e8s les autres sans jamais se d\u00e9partir de son sang-froid. \u00ab Je ne suis pas la premi\u00e8re, je ne serai pas la derni\u00e8re. Si autant de personnes l&rsquo;ont fait avant moi, je peux le faire aussi \u00bb, dit-elle avec un d\u00e9licieux accent.<\/p>\n<p>L&rsquo;ann\u00e9e a \u00e9t\u00e9 dense pour la trentenaire. Pianiste de formation, elle a termin\u00e9 un master ultras\u00e9lectif dans le d\u00e9veloppement international, tout en travaillant \u00e0 temps plein en parall\u00e8le pour un think tank saoudien et une entreprise de d\u00e9veloppement international. Elle a d\u00e9missionn\u00e9 au moment de rejoindre la France, puis est tomb\u00e9e enceinte. Timing parfait ! La Croate se donne jusqu&rsquo;\u00e0 janvier avant de reprendre une activit\u00e9. Pas question de rester au foyer pour celle qui a grandi avec une m\u00e8re, pianiste \u00e9galement, fondatrice de plusieurs \u00e9coles de musique et orphelinats en Afrique, toujours en activit\u00e9 \u00e0 presque 70 ans. Natali ne fait pas de politique, ne lit pas les commentaires sur son \u00e9poux et passe assez inaper\u00e7ue dans les rues de Menton. Plus pour longtemps. \u00ab Il y a cinq mois, on \u00e9tait risibles. Il y a trois mois, on est devenu s\u00e9rieux. Aujourd&rsquo;hui, on fait peur \u00e0 tout le monde. On a foutu le bordel \u00bb, analyse celui qui ignore encore s&rsquo;il se pr\u00e9sentera sous la banni\u00e8re Les R\u00e9publicains ou sans \u00e9tiquette. Il faut dire que ses d\u00e9tracteurs lui en collent d\u00e9j\u00e0 \u00e0 foison&#8230; \u00ab Parisien \u00bb, \u00ab fils de \u00bb, \u00ab New-yorkais \u00bb, \u00ab lib\u00e9ral \u00bb, \u00ab trop \u00e0 droite \u00bb&#8230; Ses ann\u00e9es am\u00e9ricaines pass\u00e9es loin de l&rsquo;Hexagone ?<\/p>\n<p>    <img decoding=\"async\" src=\"https:\/\/www.europesays.com\/fr\/wp-content\/uploads\/2025\/09\/sc_retnl_louis_sarko_49.jpg\" alt=\"Louis Sarkozy avec Natali, 34 ans ce mois-ci, sur la plage des Sablettes \u00e0 Menton (Alpes-Maritimes), le 3 septembre. Tatou\u00e9 sur son bras droit: \u00abKi ore irat od Loovis \u00bb. R\u00e9f\u00e9rence \u00e0 un chant de croisade du XIIe si\u00e8cle : \u00abQui d\u00e9sormais ira avec Louis ne redoutera plus jamais l\u2019enfer. \u00bb\" loading=\"lazy\"\/><\/p>\n<p>\n      Louis Sarkozy avec Natali, 34 ans ce mois-ci, sur la plage des Sablettes \u00e0 Menton (Alpes-Maritimes), le 3 septembre. Tatou\u00e9 sur son bras droit: \u00abKi ore irat od Loovis \u00bb. R\u00e9f\u00e9rence \u00e0 un chant de croisade du XIIe si\u00e8cle : \u00abQui d\u00e9sormais ira avec Louis ne redoutera plus jamais l\u2019enfer. \u00bb<\/p>\n<p>                Paris Match<br \/>\n                      \/<br \/>\n                                \u00a9 Nathan Laine<\/p>\n<p>    <img decoding=\"async\" src=\"https:\/\/www.europesays.com\/fr\/wp-content\/uploads\/2025\/09\/nl_louis_sarkozy-53.jpg\" alt=\"Comme un parfum de campagne. Louis Sarkozy en visite \u00e0 l\u2019Huilerie Saint-Michel \u00e0 Menton, avec Karim Djekhar, le directeur, le 2 septembre.\" loading=\"lazy\"\/><\/p>\n<p>\n      Comme un parfum de campagne. Louis Sarkozy en visite \u00e0 l\u2019Huilerie Saint-Michel \u00e0 Menton, avec Karim Djekhar, le directeur, le 2 septembre.<\/p>\n<p>                Paris Match<br \/>\n                      \/<br \/>\n                                \u00a9 Nathan Laine<\/p>\n<p>\u00ab Son p\u00e8re, Nicolas Sarkozy, l&rsquo;a averti : &lsquo;Tu es jeune, c&rsquo;est tr\u00e8s bien. Les gens votent pour des jeunes. Mais ils doivent rassurer deux fois plus&rsquo; \u00bb<\/p>\n<p>\u00ab C&rsquo;est surtout un frein pour les bobos parisiens. J&rsquo;ai v\u00e9cu mes douze premi\u00e8res ann\u00e9es en France, je suis fran\u00e7ais et fils d&rsquo;un pr\u00e9sident de la R\u00e9publique. Avoir grandi aux \u00c9tats-Unis laisse une marque indiscutable que j&rsquo;assume. C&rsquo;est une richesse d&rsquo;avoir pu comparer les syst\u00e8mes et les philosophies de deux cultures. \u00bb En mati\u00e8re de d\u00e9finition, les actes parlent parfois mieux que les mots. Ainsi, le 3 septembre, le politicien en herbe r\u00e9alisait ce qu&rsquo;il estime \u00eatre un joli coup m\u00e9diatique : une interview du pr\u00e9sident argentin, Javier Milei, diffus\u00e9e via son podcast \u00ab En toute libert\u00e9 \u00bb. Flirter avec le chef d&rsquo;\u00c9tat populiste \u00e0 la tron\u00e7onneuse ne le d\u00e9range nullement, au contraire. \u00ab Milei a r\u00e9duit la pauvret\u00e9 dans son pays, d\u00e9truit l&rsquo;inflation, d\u00e9r\u00e9gul\u00e9 les march\u00e9s de l&rsquo;immobilier, ce qui a g\u00e9n\u00e9r\u00e9 un boom dans le secteur. Je m&rsquo;associe sans aucun probl\u00e8me ! \u00bb assume celui qui a \u00e9t\u00e9 invit\u00e9 \u00e0 l&rsquo;investiture de Trump. \u00c0 la diffusion de l&rsquo;entretien, Pascal Obispo lui a envoy\u00e9 ces quelques mots : \u00ab Le jeune loup a faim. \u00bb \u00ab C&rsquo;est joli comme message, non ? \u00bb sourit Louis \u00e0 sa lecture.<\/p>\n<p>Un jeune loup&#8230; qui \u00e9coute religieusement les conseils d&rsquo;un vieux sage. Nicolas Sarkozy lui prodigue ainsi des conseils personnalis\u00e9s. \u00ab Il m&rsquo;a dit : &lsquo;Tu es jeune, c&rsquo;est tr\u00e8s bien. Les gens votent pour des jeunes. Mais ils doivent rassurer deux fois plus.&rsquo;\u00bb Malin, il lui a aussi conseill\u00e9 de maintenir son annonce de candidature au 8 septembre, jour de la chute du Premier ministre, Fran\u00e7ois Bayrou. \u00ab Je voulais d\u00e9caler. Il m&rsquo;a dit : &lsquo;Tu es compl\u00e8tement con, maintiens, tu seras le seul. Tout le monde t&rsquo;accuse d&rsquo;\u00eatre le candidat national. Mais toi, tu parles \u00e0 Menton, tu te fiches de ce qu&rsquo;il se passe \u00e0 Paris !&rsquo; C&rsquo;est le genre de truc qu&rsquo;il sort en un claquement de doigts et dont tu te dis &lsquo;Pourquoi je n&rsquo;y ai pas pens\u00e9 !&rsquo; \u00bb En mars 2026, lors des \u00e9lections municipales, Louis aura encore 28 ans. L&rsquo;\u00e2ge auquel son p\u00e8re a \u00e9t\u00e9 \u00e9lu \u00e0 la t\u00eate de Neuilly-sur-Seine. \u00ab L&rsquo;id\u00e9e d&rsquo;\u00eatre maire au m\u00eame \u00e2ge que mon p\u00e8re, je peux vous assurer que c&rsquo;est une bonne motivation. \u00c7a aide \u00e0 se lever le matin ! \u00bb<\/p>\n","protected":false},"excerpt":{"rendered":"Se lancer en politique ? \u00c0 peu pr\u00e8s tout son entourage a tent\u00e9 de l&rsquo;en dissuader. \u00c0 commencer&hellip;\n","protected":false},"author":2,"featured_media":381084,"comment_status":"","ping_status":"","sticky":false,"template":"","format":"standard","meta":{"footnotes":""},"categories":[1359],"tags":[58,59,1011,27,973],"class_list":{"0":"post-381083","1":"post","2":"type-post","3":"status-publish","4":"format-standard","5":"has-post-thumbnail","7":"category-people","8":"tag-divertissement","9":"tag-entertainment","10":"tag-fr","11":"tag-france","12":"tag-people"},"share_on_mastodon":{"url":"https:\/\/pubeurope.com\/@fr\/115181894185305182","error":""},"_links":{"self":[{"href":"https:\/\/www.europesays.com\/fr\/wp-json\/wp\/v2\/posts\/381083","targetHints":{"allow":["GET"]}}],"collection":[{"href":"https:\/\/www.europesays.com\/fr\/wp-json\/wp\/v2\/posts"}],"about":[{"href":"https:\/\/www.europesays.com\/fr\/wp-json\/wp\/v2\/types\/post"}],"author":[{"embeddable":true,"href":"https:\/\/www.europesays.com\/fr\/wp-json\/wp\/v2\/users\/2"}],"replies":[{"embeddable":true,"href":"https:\/\/www.europesays.com\/fr\/wp-json\/wp\/v2\/comments?post=381083"}],"version-history":[{"count":0,"href":"https:\/\/www.europesays.com\/fr\/wp-json\/wp\/v2\/posts\/381083\/revisions"}],"wp:featuredmedia":[{"embeddable":true,"href":"https:\/\/www.europesays.com\/fr\/wp-json\/wp\/v2\/media\/381084"}],"wp:attachment":[{"href":"https:\/\/www.europesays.com\/fr\/wp-json\/wp\/v2\/media?parent=381083"}],"wp:term":[{"taxonomy":"category","embeddable":true,"href":"https:\/\/www.europesays.com\/fr\/wp-json\/wp\/v2\/categories?post=381083"},{"taxonomy":"post_tag","embeddable":true,"href":"https:\/\/www.europesays.com\/fr\/wp-json\/wp\/v2\/tags?post=381083"}],"curies":[{"name":"wp","href":"https:\/\/api.w.org\/{rel}","templated":true}]}}