{"id":381085,"date":"2025-09-10T20:29:13","date_gmt":"2025-09-10T20:29:13","guid":{"rendered":"https:\/\/www.europesays.com\/fr\/381085\/"},"modified":"2025-09-10T20:29:13","modified_gmt":"2025-09-10T20:29:13","slug":"une-entree-toute-blanche-reprend-des-couleurs-dans-cet-appart-plein-de-personnalite","status":"publish","type":"post","link":"https:\/\/www.europesays.com\/fr\/381085\/","title":{"rendered":"une entr\u00e9e toute blanche reprend des couleurs dans cet appart&rsquo; plein de personnalit\u00e9"},"content":{"rendered":"<p>\n                Habitable en l&rsquo;\u00e9tat, mais trop neutre c\u00f4t\u00e9 d\u00e9co, ce duplex n&rsquo;attendait qu&rsquo;une r\u00e9novation pour refl\u00e9ter le style de ses nouveaux propri\u00e9taires. Trois mois durant, Studio Bluen et Little Worker ont imagin\u00e9 une transformation haute en couleur. Focus sur l&rsquo;espace d&rsquo;accueil des lieux, qui avait grand besoin d&rsquo;\u00eatre r\u00e9veill\u00e9.            <\/p>\n<p data-end=\"561\" data-start=\"107\">C&rsquo;est au 5\u1d49 \u00e9tage d&rsquo;un immeuble du VI\u1d49 arrondissement de Lyon, l&rsquo;un des quartiers les plus pris\u00e9s de la ville, que Laure et Romain ont pos\u00e9 leurs valises apr\u00e8s plusieurs ann\u00e9es pass\u00e9es en Gr\u00e8ce. Leur nouveau duplex de 180\u00a0m\u00b2, en partie sous les toits, avec poutres apparentes, chemin\u00e9es et mezzanine \u00e0 am\u00e9nager, offrait un terrain de jeu unique. Inspir\u00e9s par leur vie au soleil, ils avaient des envies d&rsquo;int\u00e9rieur chaleureux, vivant et empreint de cet esprit m\u00e9diterran\u00e9en.<\/p>\n<p data-end=\"1178\" data-start=\"563\">Pour transformer ce grand espace tout blanc, trop blanc, ils ont fait appel \u00e0 Bluen de Pr\u00e9neuf, fondatrice du Studio Bluen, qui a collabor\u00e9 pour la premi\u00e8re fois avec Little Worker, l&rsquo;agence de reconditionnement immobilier qu&rsquo;on ne pr\u00e9sente plus. Ensemble, ils ont redonn\u00e9 caract\u00e8re et couleurs \u00e0 l&rsquo;appartement. Bleu Majorelle, corail, jaune\u00a0: la palette audacieuse a guid\u00e9 toute la r\u00e9novation.<\/p>\n<p data-end=\"1178\" data-start=\"563\">Le charme de l&rsquo;ancien a \u00e9t\u00e9 pr\u00e9serv\u00e9 et sublim\u00e9 par une d\u00e9coration contemporaine ponctu\u00e9e de clins d&rsquo;\u0153il au voyage, d&rsquo;une touche de street art et d&rsquo;astuces de rangement int\u00e9gr\u00e9es partout. R\u00e9sultat\u00a0: un appartement cr\u00e9atif et lumineux, qui m\u00eale style affirm\u00e9 et air de vacances sans quitter Lyon.<\/p>\n<p>\u00c0 commencer par son entr\u00e9e.\u00a0Quand la famille pousse la porte de leur nouveau logis\u00a0pour la premi\u00e8re fois, elle d\u00e9couvre une entr\u00e9e \u00e0 l&rsquo;image du reste du duplex :\u00a0toute blanche, en attente de couleur et de personnalit\u00e9.<\/p>\n<p><a class=\"fancy\" href=\"https:\/\/www.europesays.com\/fr\/wp-content\/uploads\/2025\/09\/40045038.jpg\"><img decoding=\"async\" alt=\"entree-apres-travaux-coloree\" src=\"https:\/\/www.europesays.com\/fr\/wp-content\/uploads\/2025\/09\/40045038.jpg\"\/><\/a><\/p>\n<p>\u00a9\u00a0Eva Sanchez<\/p>\n<p data-end=\"434\" data-start=\"77\">Apr\u00e8s le passage de la designer d&rsquo;espace et de d\u00e9coration int\u00e9rieur, Bluen de Pr\u00e9neuf et de Little Worker,\u00a0le ton est donn\u00e9 ! Le duplex refl\u00e8te enfin la personnalit\u00e9 de la famille. Les murs, habill\u00e9s d&rsquo;un bleu cobalt, apportent du caract\u00e8re et s&rsquo;accordent parfaitement avec le parquet d&rsquo;origine, ponc\u00e9 et vitrifi\u00e9. Baptis\u00e9 Perl, en clin d&rsquo;\u0153il \u00e0 la perle rare recherch\u00e9e par Laure et Romain, le projet accompagne d\u00e9sormais le quotidien de leurs deux ados.<\/p>\n<p data-end=\"346\" data-start=\"106\">De la sobri\u00e9t\u00e9 d&rsquo;origine \u00e0 l&rsquo;audace des couleurs, ce duplex a trouv\u00e9 sa v\u00e9ritable identit\u00e9. Un lieu lumineux et cr\u00e9atif, fid\u00e8le aux envies de ses habitants, o\u00f9 le charme de l&rsquo;ancien dialogue avec l&rsquo;\u00e9nergie d&rsquo;un int\u00e9rieur pens\u00e9 pour durer.\u00a0<\/p>\n","protected":false},"excerpt":{"rendered":"Habitable en l&rsquo;\u00e9tat, mais trop neutre c\u00f4t\u00e9 d\u00e9co, ce duplex n&rsquo;attendait qu&rsquo;une r\u00e9novation pour refl\u00e9ter le style de&hellip;\n","protected":false},"author":2,"featured_media":381086,"comment_status":"","ping_status":"","sticky":false,"template":"","format":"standard","meta":{"footnotes":""},"categories":[1358],"tags":[1348,1384,1385,1386,58,59,1011,27],"class_list":{"0":"post-381085","1":"post","2":"type-post","3":"status-publish","4":"format-standard","5":"has-post-thumbnail","7":"category-arts-et-design","8":"tag-arts","9":"tag-arts-and-design","10":"tag-arts-et-design","11":"tag-design","12":"tag-divertissement","13":"tag-entertainment","14":"tag-fr","15":"tag-france"},"share_on_mastodon":{"url":"https:\/\/pubeurope.com\/@fr\/115181896732895074","error":""},"_links":{"self":[{"href":"https:\/\/www.europesays.com\/fr\/wp-json\/wp\/v2\/posts\/381085","targetHints":{"allow":["GET"]}}],"collection":[{"href":"https:\/\/www.europesays.com\/fr\/wp-json\/wp\/v2\/posts"}],"about":[{"href":"https:\/\/www.europesays.com\/fr\/wp-json\/wp\/v2\/types\/post"}],"author":[{"embeddable":true,"href":"https:\/\/www.europesays.com\/fr\/wp-json\/wp\/v2\/users\/2"}],"replies":[{"embeddable":true,"href":"https:\/\/www.europesays.com\/fr\/wp-json\/wp\/v2\/comments?post=381085"}],"version-history":[{"count":0,"href":"https:\/\/www.europesays.com\/fr\/wp-json\/wp\/v2\/posts\/381085\/revisions"}],"wp:featuredmedia":[{"embeddable":true,"href":"https:\/\/www.europesays.com\/fr\/wp-json\/wp\/v2\/media\/381086"}],"wp:attachment":[{"href":"https:\/\/www.europesays.com\/fr\/wp-json\/wp\/v2\/media?parent=381085"}],"wp:term":[{"taxonomy":"category","embeddable":true,"href":"https:\/\/www.europesays.com\/fr\/wp-json\/wp\/v2\/categories?post=381085"},{"taxonomy":"post_tag","embeddable":true,"href":"https:\/\/www.europesays.com\/fr\/wp-json\/wp\/v2\/tags?post=381085"}],"curies":[{"name":"wp","href":"https:\/\/api.w.org\/{rel}","templated":true}]}}