{"id":381091,"date":"2025-09-10T20:32:14","date_gmt":"2025-09-10T20:32:14","guid":{"rendered":"https:\/\/www.europesays.com\/fr\/381091\/"},"modified":"2025-09-10T20:32:14","modified_gmt":"2025-09-10T20:32:14","slug":"slimane-transforme-loin-de-la-lumiere-retour-a-lessentiel-avec-sa-fille-esmeralda","status":"publish","type":"post","link":"https:\/\/www.europesays.com\/fr\/381091\/","title":{"rendered":"Slimane transform\u00e9 : loin de la lumi\u00e8re, retour \u00e0 l\u2019essentiel avec sa fille Esmeralda"},"content":{"rendered":"<p>            <img loading=\"lazy\" decoding=\"async\" src=\"https:\/\/www.europesays.com\/fr\/wp-content\/uploads\/2025\/09\/15559a7e4ed390c9-35x35-1.jpg\" class=\"author-article-picture\" width=\"35\" height=\"35\"\/><\/p>\n<p>                Par<br \/>\n                                    Tiffany Iacomacci<br \/>\n                                                    | R\u00e9dactrice<\/p>\n<p>\n                Ils se sont s\u00e9par\u00e9s \u00e0 la suite d\u2019une tromperie ? Passionn\u00e9e par la vie des people, raconter leurs histoires a \u00e9t\u00e9 une \u00e9vidence. Conna\u00eetre la derni\u00e8re actualit\u00e9 de la famille royale ? Cela fait \u00e9galement partie des plaisirs de Tiffany. Curieuse de nature, elle ne se tient jamais loin des r\u00e9seaux sociaux afin d\u2019\u00eatre s\u00fbre de ne rien manquer concernant ses c\u00e9l\u00e9brit\u00e9s pr\u00e9f\u00e9r\u00e9es.\n            <\/p>\n<p>\n    Slimane a d\u00e9voil\u00e9 une adorable vid\u00e9o dans sa story Instagram ce mercredi 10 septembre 2025. Le chanteur, qui a entam\u00e9 une transformation physique tr\u00e8s remarqu\u00e9e, a profit\u00e9 d\u2019une petite pause pour se ressourcer aupr\u00e8s de sa fille Esmeralda avec laquelle il a partag\u00e9 un moment de complicit\u00e9 au moment du repas.\n<\/p>\n<p>                            <img loading=\"lazy\" decoding=\"async\" class=\"player-thumbnail\" src=\"https:\/\/www.europesays.com\/fr\/wp-content\/uploads\/2025\/09\/59ea683854ff42ee-580x326-3.jpg\" width=\"580\" height=\"326\"\/><\/p>\n<p>                    Slimane transform\u00e9 : loin de la lumi\u00e8re, retour \u00e0 l\u2019essentiel avec sa fille Esmeralda<\/p>\n<p>La suite apr\u00e8s la publicit\u00e9<\/p>\n<p>Apr\u00e8s la pluie, le beau temps. <a href=\"https:\/\/www.purepeople.com\/people\/slimane_p547128\" rel=\"nofollow noopener\" target=\"_blank\">Slimane <\/a>fait partie des personnalit\u00e9s publiques qui ont r\u00e9cemment \u00e9t\u00e9 au centre de l\u2019attention. Loin de la m\u00e9diatisation,<a href=\"https:\/\/www.purepeople.com\/article\/la-silhouette-de-slimane-toujours-plus-affinee-les-videos-parlent-delles-memes_a542313\/1\" rel=\"nofollow noopener\" target=\"_blank\"> le chanteur a opt\u00e9 pour une transformation physique<\/a> qu\u2019il partage avec ses abonn\u00e9s sur ses r\u00e9seaux sociaux &#8211; mais pas que.<strong> Papa d\u2019une petite fille pr\u00e9nomm\u00e9e Esmeralda, elle fait son plus grand bonheur et l&rsquo;artiste de 35 ans aime le faire savoir.<\/strong> Dans sa story Instagram ce mercredi 10 septembre, Slimane a d\u00e9voil\u00e9 une adorable vid\u00e9o dans laquelle on peut le voir aux c\u00f4t\u00e9s d\u2019Esmeralda. P\u00e8re et fille pr\u00e9parent \u00e0 manger et les internautes ont pu d\u00e9couvrir que cette derni\u00e8re est tr\u00e8s investie.\u00a0<\/p>\n<p>Slimane fait les gestes principaux et il est ensuite imit\u00e9 par Esmeralda qui n\u2019h\u00e9site pas \u00e0 lui donner quelques consignes. \u201cOn fait comme \u00e7a\u201d, dit-elle tout en mimant un geste r\u00e9alis\u00e9 par son papa quelques secondes plus t\u00f4t. <strong>Assez bavarde, la petite fille a une conversation avec son p\u00e8re qui, de son c\u00f4t\u00e9, semble \u00eatre tr\u00e8s amus\u00e9 par cet \u00e9change. <\/strong>Alors qu\u2019elle sent la nourriture qu\u2019elle est en train de pr\u00e9parer, Esmeralda affirme notamment : \u201cMoi, je n\u2019aime pas \u00e7a.\u201d Ce qui provoque l\u2019hilarit\u00e9 de Slimane. Ce <a href=\"https:\/\/www.purepeople.com\/article\/slimane-papa-photo-de-son-adorable-fille-au-prenom-precieux-grandit-trop-vite_a520909\/1\" rel=\"nofollow noopener\" target=\"_blank\">moment de complicit\u00e9 entre le chanteur et sa fille<\/a> a s\u00fbrement attendri les internautes mais aussi Slimane qui profite ainsi d\u2019une parenth\u00e8se pour faire un break.\u00a0<\/p>\n<p>Slimane, un papa complice et protecteur<\/p>\n<p>Esmeralda, \u00e2g\u00e9e de 3 ans, fait le plus grand bonheur du chanteur. <strong>Ce n\u2019est d&rsquo;ailleurs pas la premi\u00e8re fois que Slimane partage des images en sa compagnie.<\/strong> Dimanche 7 septembre, il avait d\u00e9j\u00e0 montr\u00e9 \u00e0 ses abonn\u00e9s qu\u2019il passait du temps en cuisine avec sa petite fille. \u201cWaouh, il va \u00eatre bon notre g\u00e2teau, tu crois ?\u201d, avait-il notamment demand\u00e9 \u00e0 Esmeralda qui a r\u00e9pondu positivement. Quelques mois plus t\u00f4t, en janvier dernier, Slimane avait d\u00e9j\u00e0 fait une session p\u00e2tisserie pour le plus grand bonheur de sa fille. Assise sur ses genoux, Esmeralda s\u2019amusait avec un fouet et un bol \u00e0 pr\u00e9parer un dessert au chocolat. De tendres moments de complicit\u00e9 qui font plaisir aux fans du chanteur.\u00a0<\/p>\n<p>Avant d\u2019\u00eatre un artiste tr\u00e8s appr\u00e9ci\u00e9, <strong>Slimane est un papa tr\u00e8s fier de sa fille<\/strong>. Le 4 septembre dernier, il a d\u00e9voil\u00e9 une adorable photo, pr\u00e9cisant en l\u00e9gende de sa publication que <a href=\"https:\/\/www.purepeople.com\/article\/jai-deja-envie-de-esmeralda-la-fille-de-slimane-passe-un-grand-cap-a-3-ans-un-moment-immortalise-en-photo_a542117\/1\" rel=\"nofollow noopener\" target=\"_blank\">Esmeralda faisait sa rentr\u00e9e des classes<\/a>. \u201cPremier jour d\u2019\u00e9cole, j\u2019ai d\u00e9j\u00e0 envie de pleurer\u201d, a-t-il affirm\u00e9. Les internautes ont pu d\u00e9couvrir qu\u2019elle avait opt\u00e9 pour une robe bleue et un sac La reine des neiges. Le visage de la petite fille a \u00e9t\u00e9 dissimul\u00e9 derri\u00e8re un \u00e9moji puisque Slimane souhaite la prot\u00e9ger de la m\u00e9diatisation. S\u2019il accepte de partager d&rsquo;agr\u00e9ables moments avec ses abonn\u00e9s, il est hors de question pour lui d\u2019en montrer davantage.\u00a0<\/p>\n<p>        <img decoding=\"async\" class=\"thumb-img-100 thumb-img\" src=\"https:\/\/www.europesays.com\/fr\/wp-content\/uploads\/2025\/09\/c75571a2038f2aae-320x180-2.jpg\" alt=\"&quot;J'ai d\u00e9j\u00e0 envie de...&quot; : Esmeralda, la fille de Slimane, passe un grand cap \u00e0 3 ans ! Un moment immortalis\u00e9 en photo\" width=\"320\" height=\"180\" loading=\"lazy\" role=\"presentation\"\/><\/p>\n<p>                                            \u00ab\u00a0J&rsquo;ai d\u00e9j\u00e0 envie de&#8230;\u00a0\u00bb : Esmeralda, la fille de Slimane, passe un grand cap \u00e0 3 ans ! Un moment immortalis\u00e9 en photo<\/p>\n<p>        <img decoding=\"async\" class=\"thumb-img-100 thumb-img\" src=\"https:\/\/www.europesays.com\/fr\/wp-content\/uploads\/2025\/09\/32dda6d011257d52-320x180-2.jpg\" alt=\"La silhouette de Slimane toujours plus affin\u00e9e, les vid\u00e9os parlent d'elles-m\u00eames !\" width=\"320\" height=\"180\" loading=\"lazy\" role=\"presentation\"\/><\/p>\n<p>                                            La silhouette de Slimane toujours plus affin\u00e9e, les vid\u00e9os parlent d&rsquo;elles-m\u00eames !<\/p>\n<p>        <img decoding=\"async\" class=\"thumb-img-100 thumb-img\" src=\"https:\/\/www.europesays.com\/fr\/wp-content\/uploads\/2025\/09\/6131f2571f962ced-320x180-2.jpg\" alt=\"Slimane s\u2019offre une parenth\u00e8se dans un lieu paradisiaque \u00e0 15 000km de Paris avec sa fille Esmeralda\" width=\"320\" height=\"180\" loading=\"lazy\" role=\"presentation\"\/><\/p>\n<p>                                            Slimane s\u2019offre une parenth\u00e8se dans un lieu paradisiaque \u00e0 15 000km de Paris avec sa fille Esmeralda<\/p>\n","protected":false},"excerpt":{"rendered":"Par Tiffany Iacomacci | R\u00e9dactrice Ils se sont s\u00e9par\u00e9s \u00e0 la suite d\u2019une tromperie ? Passionn\u00e9e par la&hellip;\n","protected":false},"author":2,"featured_media":381092,"comment_status":"","ping_status":"","sticky":false,"template":"","format":"standard","meta":{"footnotes":""},"categories":[1355],"tags":[58,59,1011,27,1361,873],"class_list":{"0":"post-381091","1":"post","2":"type-post","3":"status-publish","4":"format-standard","5":"has-post-thumbnail","7":"category-musique","8":"tag-divertissement","9":"tag-entertainment","10":"tag-fr","11":"tag-france","12":"tag-music","13":"tag-musique"},"share_on_mastodon":{"url":"https:\/\/pubeurope.com\/@fr\/115181908759664761","error":""},"_links":{"self":[{"href":"https:\/\/www.europesays.com\/fr\/wp-json\/wp\/v2\/posts\/381091","targetHints":{"allow":["GET"]}}],"collection":[{"href":"https:\/\/www.europesays.com\/fr\/wp-json\/wp\/v2\/posts"}],"about":[{"href":"https:\/\/www.europesays.com\/fr\/wp-json\/wp\/v2\/types\/post"}],"author":[{"embeddable":true,"href":"https:\/\/www.europesays.com\/fr\/wp-json\/wp\/v2\/users\/2"}],"replies":[{"embeddable":true,"href":"https:\/\/www.europesays.com\/fr\/wp-json\/wp\/v2\/comments?post=381091"}],"version-history":[{"count":0,"href":"https:\/\/www.europesays.com\/fr\/wp-json\/wp\/v2\/posts\/381091\/revisions"}],"wp:featuredmedia":[{"embeddable":true,"href":"https:\/\/www.europesays.com\/fr\/wp-json\/wp\/v2\/media\/381092"}],"wp:attachment":[{"href":"https:\/\/www.europesays.com\/fr\/wp-json\/wp\/v2\/media?parent=381091"}],"wp:term":[{"taxonomy":"category","embeddable":true,"href":"https:\/\/www.europesays.com\/fr\/wp-json\/wp\/v2\/categories?post=381091"},{"taxonomy":"post_tag","embeddable":true,"href":"https:\/\/www.europesays.com\/fr\/wp-json\/wp\/v2\/tags?post=381091"}],"curies":[{"name":"wp","href":"https:\/\/api.w.org\/{rel}","templated":true}]}}