{"id":381093,"date":"2025-09-10T20:33:13","date_gmt":"2025-09-10T20:33:13","guid":{"rendered":"https:\/\/www.europesays.com\/fr\/381093\/"},"modified":"2025-09-10T20:33:13","modified_gmt":"2025-09-10T20:33:13","slug":"une-bonne-nouvelle-qui-rassure-pour-le-nouveau-film-du-realisateur-devanouis","status":"publish","type":"post","link":"https:\/\/www.europesays.com\/fr\/381093\/","title":{"rendered":"une bonne nouvelle qui rassure pour le nouveau film du r\u00e9alisateur d\u2019\u00c9vanouis"},"content":{"rendered":"<p><strong>Le reboot de <a href=\"https:\/\/www.ecranlarge.com\/films\/untitled-resident-evil-reboot\" data-type=\"films\" data-id=\"1295903\" rel=\"nofollow noopener\" target=\"_blank\">Resident Evil<\/a> par <a href=\"https:\/\/www.ecranlarge.com\/personnalite\/725082-zach-cregger\" data-type=\"people\" data-id=\"188109\" rel=\"nofollow noopener\" target=\"_blank\">Zach Cregger<\/a> (\u00c9vanouis) a fait appel \u00e0 un directeur de la photographie prestigieux.<\/strong> <\/p>\n<p>On ne pensait plus dire \u00e7a un jour, mais on a envie de croire dans le nouveau film <strong>Resident Evil<\/strong>. M\u00eame si une partie d\u00e9viante de la r\u00e9daction d\u2019\u00c9cran Large appr\u00e9cie la saga de Paul W.S. Anderson, on esp\u00e8re que la vision de Zach Cregger sera plus en accord avec l\u2019ambiance de la saga culte du survival horror. Le cin\u00e9aste a le vent en poupe depuis le succ\u00e8s de <strong>Barbare<\/strong> et d\u2019<strong>\u00c9vanouis<\/strong>, et il semblerait qu\u2019il ait une certaine latitude artistique avec le projet. <\/p>\n<p>                    <img decoding=\"async\" alt=\"\" class=\"wp-image-518375\" style=\"object-fit:cover;width:25px;height:25px\" src=\"https:\/\/www.ecranlarge.com\/content\/uploads\/2023\/09\/arrow-right-circle.svg\"\/><\/p>\n<p>Apr\u00e8s tout, il a lui-m\u00eame confirm\u00e9 que sa version de <strong>Resident Evil<\/strong> veut surtout traduire l\u2019exp\u00e9rience du joueur, et non une trame d\u2019un des opus. Le film devrait aller <strong>\u00ab\u00a0au-del\u00e0 des personnages des jeux\u00a0\u00bb<\/strong>. Une d\u00e9marche d\u2019adaptation qui ne peut que rassurer sur le plan horrifique, et qui vient de se confirmer par un ajout de taille dans son \u00e9quipe technique. <\/p>\n<p><a href=\"https:\/\/www.ecranlarge.com\/content\/uploads\/2022\/07\/077415.jpg\" rel=\"nofollow noopener\" target=\"_blank\"><\/p>\n<p><img loading=\"lazy\" decoding=\"async\" alt=\"resident evil chapitre final\" src=\"https:\/\/www.europesays.com\/fr\/wp-content\/uploads\/2025\/09\/077415-1260x839.jpg\" width=\"1260\" height=\"839\"  \/><\/p>\n<p><\/a>\u00c7a ne peut qu\u2019\u00eatre mieuxResident Evil, mais bien \u00e9clair\u00e9<\/p>\n<p>Selon World of Reel, <strong>Zach Cregger a choisi pour directeur de la photographie <a href=\"https:\/\/www.ecranlarge.com\/personnalite\/658969-dariusz-wolski\" data-type=\"people\" data-id=\"310494\" rel=\"nofollow noopener\" target=\"_blank\">Dariusz Wolski<\/a><\/strong> pour son reboot de <strong>Resident Evil<\/strong>. L\u2019information a pu \u00eatre confirm\u00e9e parce que le tournage a d\u00e9but\u00e9 en Pologne. Et c\u2019est une excellente nouvelle, car Wolski est non seulement l\u2019un des meilleurs chefs op\u00e9rateurs en activit\u00e9, mais son style semble totalement adapt\u00e9 \u00e0 l\u2019ambiance de <strong>Resident Evil<\/strong>. <\/p>\n<p>D\u2019abord rep\u00e9r\u00e9 gr\u00e2ce aux mondes nocturnes, pluvieux et inqui\u00e9tants de <strong>The Crow<\/strong> et <strong>Dark City<\/strong> d\u2019Alex Proyas, Wolski a pioch\u00e9 dans une inspiration du film Noir afin d\u2019affirmer un style o\u00f9 le contraste des textures et des couleurs s\u2019accompagne d\u2019une d\u00e9saturation \u00e0 l\u2019extr\u00eame.<\/p>\n<p><img loading=\"lazy\" decoding=\"async\" width=\"1200\" height=\"800\" alt=\"milla jovovich resident evil retribution\" src=\"https:\/\/www.europesays.com\/fr\/wp-content\/uploads\/2025\/08\/20132331.jpg\"  \/><\/p>\n<p>Un peu moins aseptis\u00e9, \u00e7a serait pas mal<\/p>\n<p>Parfait pour repr\u00e9senter des univers malades, ou empreints d\u2019une dimension horrifique particuli\u00e8re, <strong>cette approche a fait des merveilles sur la trilogie Pirates des Cara\u00efbes ou encore sur Sweeney Todd ou Sicario 2<\/strong>. Depuis, Wolski a surtout trouv\u00e9 en Ridley Scott un collaborateur privil\u00e9gi\u00e9. Depuis <strong>Prometheus<\/strong>, il a r\u00e9alis\u00e9 la photographie de tous ses films jusqu\u2019\u00e0 <strong>Napol\u00e9on<\/strong>. Ses derniers projets en date sont <strong>To the Moon<\/strong> de Greg Berlanti et <strong>Nuremberg<\/strong> de James Vanderbilt. <\/p>\n<p>Pour le moment, ce genre d\u2019informations tend \u00e0 confirmer que ce <strong>Resident Evil<\/strong> met les petits plats dans les grands. On sait que Zach Cregger co-\u00e9crit le sc\u00e9nario avec Shay Hatten (<strong>Army of the Dead, Rebel Moon<\/strong>), et que le r\u00f4le principal sera tenu par <a href=\"https:\/\/www.ecranlarge.com\/personnalite\/998981-austin-abrams\" data-type=\"people\" data-id=\"478385\" rel=\"nofollow noopener\" target=\"_blank\">Austin Abrams<\/a> (<strong>Euphoria<\/strong>). <strong>Le film est pr\u00e9vu pour sortir dans les salles am\u00e9ricaines le 18 septembre 2026. <\/strong><\/p>\n","protected":false},"excerpt":{"rendered":"Le reboot de Resident Evil par Zach Cregger (\u00c9vanouis) a fait appel \u00e0 un directeur de la photographie&hellip;\n","protected":false},"author":2,"featured_media":381094,"comment_status":"","ping_status":"","sticky":false,"template":"","format":"standard","meta":{"footnotes":""},"categories":[1354],"tags":[58,59,1346,1011,27,1360],"class_list":{"0":"post-381093","1":"post","2":"type-post","3":"status-publish","4":"format-standard","5":"has-post-thumbnail","7":"category-films","8":"tag-divertissement","9":"tag-entertainment","10":"tag-films","11":"tag-fr","12":"tag-france","13":"tag-movies"},"share_on_mastodon":{"url":"https:\/\/pubeurope.com\/@fr\/115181912685175914","error":""},"_links":{"self":[{"href":"https:\/\/www.europesays.com\/fr\/wp-json\/wp\/v2\/posts\/381093","targetHints":{"allow":["GET"]}}],"collection":[{"href":"https:\/\/www.europesays.com\/fr\/wp-json\/wp\/v2\/posts"}],"about":[{"href":"https:\/\/www.europesays.com\/fr\/wp-json\/wp\/v2\/types\/post"}],"author":[{"embeddable":true,"href":"https:\/\/www.europesays.com\/fr\/wp-json\/wp\/v2\/users\/2"}],"replies":[{"embeddable":true,"href":"https:\/\/www.europesays.com\/fr\/wp-json\/wp\/v2\/comments?post=381093"}],"version-history":[{"count":0,"href":"https:\/\/www.europesays.com\/fr\/wp-json\/wp\/v2\/posts\/381093\/revisions"}],"wp:featuredmedia":[{"embeddable":true,"href":"https:\/\/www.europesays.com\/fr\/wp-json\/wp\/v2\/media\/381094"}],"wp:attachment":[{"href":"https:\/\/www.europesays.com\/fr\/wp-json\/wp\/v2\/media?parent=381093"}],"wp:term":[{"taxonomy":"category","embeddable":true,"href":"https:\/\/www.europesays.com\/fr\/wp-json\/wp\/v2\/categories?post=381093"},{"taxonomy":"post_tag","embeddable":true,"href":"https:\/\/www.europesays.com\/fr\/wp-json\/wp\/v2\/tags?post=381093"}],"curies":[{"name":"wp","href":"https:\/\/api.w.org\/{rel}","templated":true}]}}