{"id":381095,"date":"2025-09-10T20:34:11","date_gmt":"2025-09-10T20:34:11","guid":{"rendered":"https:\/\/www.europesays.com\/fr\/381095\/"},"modified":"2025-09-10T20:34:11","modified_gmt":"2025-09-10T20:34:11","slug":"lobesite-devient-la-premiere-forme-de-malnutrition-chez-les-enfants-avant-la-sous-alimentation","status":"publish","type":"post","link":"https:\/\/www.europesays.com\/fr\/381095\/","title":{"rendered":"L\u2019ob\u00e9sit\u00e9 devient la premi\u00e8re forme de malnutrition chez les enfants, avant la sous-alimentation"},"content":{"rendered":"\n<p class=\"asset asset-text\" data-lettrine=\"\">NUTRITION &#8211; Autre temps, autres maux. Alors que la sous-nutrition \u00e9tait jusqu\u2019ici la premi\u00e8re <a href=\"https:\/\/www.huffingtonpost.fr\/life\/article\/etre-en-surpoids-n-accroit-pas-le-risque-de-deces-au-contraire-de-l-obesite-dit-cette-nouvelle-etude_220264.html\" rel=\"nofollow noopener\" target=\"_blank\">forme de malnutrition<\/a> chez les enfants, c\u2019est <a href=\"https:\/\/www.huffingtonpost.fr\/life\/article\/6-adultes-sur-10-pourraient-etre-obeses-ou-en-surpoids-d-ici-2050-s-alarme-une-etude-parue-dans-the-lancet_246975.html\" rel=\"nofollow noopener\" target=\"_blank\">d\u00e9sormais l\u2019ob\u00e9sit\u00e9 qui remporte <\/a>ce titre. Cette maladie s\u2019est envol\u00e9e ces derni\u00e8res ann\u00e9es chez les enfants et adolescents matraqu\u00e9s par la publicit\u00e9 pour la malbouffe, surtout chez les 5-19\u00a0ans dans le monde, alerte mardi 9\u00a0septembre l\u2019Unicef.<\/p>\n<p class=\"asset asset-text\">\u00ab\u00a0Aujourd\u2019hui, lorsque nous parlons de malnutrition, nous ne faisons plus uniquement r\u00e9f\u00e9rence aux enfants pr\u00e9sentant une insuffisance pond\u00e9rale\u00a0\u00bb, commente la patronne de l\u2019agence onusienne Catherine\u00a0Russell. \u00ab\u00a0<a href=\"https:\/\/www.huffingtonpost.fr\/life\/article\/l-obesite-ne-l-oublions-pas-est-une-maladie-mais-pas-une-fatalite_205902.html\" rel=\"nofollow noopener\" target=\"_blank\">L\u2019ob\u00e9sit\u00e9 est un probl\u00e8me<\/a> de plus en plus pr\u00e9occupant qui peut avoir des r\u00e9percussions sur la sant\u00e9 et le d\u00e9veloppement des enfants\u00a0\u00bb.<\/p>\n<p class=\"asset asset-text\">Alors que la lutte pour r\u00e9duire la faim dans le monde porte en partie ses fruits, la pr\u00e9valence de l\u2019insuffisance pond\u00e9rale chez les enfants et adolescents suit une pente descendante, passant de 13 \u00e0 10\u00a0% entre 2000 et 2022 chez les 5-19\u00a0ans, selon des donn\u00e9es r\u00e9colt\u00e9es dans 190 pays.<\/p>\n<p> La lecture de ce contenu est susceptible d\u2019entra\u00eener un d\u00e9p\u00f4t de cookies de la part de l\u2019op\u00e9rateur tiers qui l\u2019h\u00e9berge. Compte-tenu des choix que vous avez exprim\u00e9s en mati\u00e8re de d\u00e9p\u00f4t de cookies, nous avons bloqu\u00e9 l\u2019affichage de ce contenu. Si vous souhaitez y acc\u00e9der, vous devez accepter la cat\u00e9gorie de cookies \u201cContenus tiers\u201d en cliquant sur le bouton ci-dessous. <\/p>\n<p> Lire la Vid\u00e9o        163\u00a0millions d\u2019enfants concern\u00e9s    <\/p>\n<p class=\"asset asset-text\">Mais sur la m\u00eame p\u00e9riode, le surpoids est mont\u00e9 en fl\u00e8che, le nombre des 5-19\u00a0ans touch\u00e9s doublant entre 2000 et 2022 (194 \u00e0 391\u00a0millions).<\/p>\n<p class=\"asset asset-text\">Et la hausse est encore plus marqu\u00e9e pour l\u2019ob\u00e9sit\u00e9, forme plus grave du surpoids associ\u00e9e \u00e0 des d\u00e9sordres m\u00e9taboliques comme le diab\u00e8te, et \u00e0 certains cancers, et parfois accompagn\u00e9e d\u2019une faible estime de soi, d\u2019anxi\u00e9t\u00e9 et de d\u00e9pression.<\/p>\n<p class=\"asset asset-text\">Ainsi, en 2022, 8\u00a0% des 5-19\u00a0ans dans le monde (163\u00a0millions) souffraient d\u2019ob\u00e9sit\u00e9, contre 3\u00a0% en 2000.<\/p>\n<p>    \u00ab\u00a0\u00c9chec de la soci\u00e9t\u00e9\u00a0\u00bb    <\/p>\n<p class=\"asset asset-text\">Sur la base des deux tendances inverses, l\u2019Unicef estime que \u00ab\u00a02025 marque un tournant historique\u00a0\u00bb\u00a0: \u00ab\u00a0Pour la premi\u00e8re fois, la pr\u00e9valence mondiale de l\u2019ob\u00e9sit\u00e9 chez les enfants et adolescents en \u00e2ge scolaire d\u00e9passe celle de l\u2019insuffisance pond\u00e9rale (9,4\u00a0% contre 9,2\u00a0%)\u00a0\u00bb.<\/p>\n<p class=\"asset asset-text\">Ainsi, 188\u00a0millions d\u2019enfants et adolescents de 5 \u00e0 19\u00a0ans vivent avec cette maladie chronique, selon ces projections.<\/p>\n<p class=\"asset asset-text\">Premier coupable\u00a0: un environnement toxique cr\u00e9\u00e9 par l\u2019industrie des aliments ultra transform\u00e9s et ses \u00ab\u00a0pratiques commerciales contraires \u00e0 l\u2019\u00e9thique\u00a0\u00bb destin\u00e9e \u00e0 faire des profits, met en cause l\u2019Unicef.<\/p>\n<p class=\"asset asset-text\">Les enfants \u00ab\u00a0sont bombard\u00e9s par le marketing alimentaire malsain\u00a0\u00bb, y compris \u00e0 l\u2019\u00e9cole o\u00f9 sont expos\u00e9s boissons ultra sucr\u00e9es ou encas ultra transform\u00e9s pauvres en nutriments, explique \u00e0 l\u2019AFP Katherine Shats, une des auteurs du rapport. Des produits souvent moins chers que les aliments frais, fruits, l\u00e9gumes ou prot\u00e9ines qu\u2019ils remplacent petit \u00e0 petit dans le r\u00e9gime alimentaire des familles.<\/p>\n<p>                     Un \u00ab\u00a0\u00e9chec de la soci\u00e9t\u00e9\u00a0\u00bb    <\/p>\n<p class=\"asset asset-text\">Mais l\u2019Unicef insiste\u00a0: la faute n\u2019en revient ni aux enfants, ni \u00e0 leurs familles, mais \u00e0 un \u00ab\u00a0\u00e9chec de la soci\u00e9t\u00e9\u00a0\u00bb. L\u2019agence rejette aussi le \u00ab\u00a0mythe\u00a0\u00bb autour du sport\u00a0: il est \u00ab\u00a0impossible d\u2019\u00e9chapper aux cons\u00e9quences sur la sant\u00e9\u00a0\u00bb de la malbouffe \u00ab\u00a0seulement par l\u2019activit\u00e9 physique\u00a0\u00bb.<\/p>\n<p class=\"asset asset-text\">Historiquement, la pr\u00e9valence du surpoids chez les enfants et adolescents \u00e9tait plus importante dans les pays d\u00e9velopp\u00e9s. Elle reste \u00e9lev\u00e9e par exemple au Chili (27\u00a0% des 5-19\u00a0ans) ou aux Etats-Unis (21\u00a0%). Mais depuis 2000, l\u2019\u00e9cart entre pays riches et pauvres se r\u00e9duit, avec des taux d\u2019ob\u00e9sit\u00e9 qui s\u2019envolent dans certaines \u00eeles du Pacifique o\u00f9 les importations remplacent les produits traditionnels, comme Niou\u00e9 (38\u00a0%), les \u00eeles Cook (37\u00a0%) ou Nauru (33\u00a0%).<\/p>\n<p class=\"asset asset-text\">Et pour certains pays, c\u2019est la double peine, avec la coexistence de la sous-nutrition et de l\u2019ob\u00e9sit\u00e9.<\/p>\n<p>                     Appel \u00e0 des mesures contraignantes    <\/p>\n<p class=\"asset asset-text\">Comme dans certaines zones en crise humanitaire, o\u00f9 des grandes entreprises du secteur \u00ab\u00a0donnent de grandes quantit\u00e9s de malbouffe\u00a0\u00bb pour promouvoir leur image, et o\u00f9 des enfants qui ont faim se retrouvent \u00e0 n\u2019avoir acc\u00e8s qu\u2019\u00e0 des aliments n\u00e9fastes pour leur sant\u00e9, d\u00e9plore Katherine Shats.<\/p>\n<p class=\"asset asset-text\">\u00ab\u00a0Il est urgent d\u2019instaurer des politiques qui aident les parents et les personnes s\u2019occupant d\u2019enfants \u00e0 acc\u00e9der \u00e0 des aliments nutritifs et sains\u00a0\u00bb, plaide Catherine Russell.<\/p>\n<p class=\"asset asset-text\">L\u2019Unicef appelle notamment les gouvernements \u00e0 des mesures contraignantes, comme des restrictions publicitaires, des taxes sur les boissons sucr\u00e9es et aliments n\u00e9fastes, un meilleur \u00e9tiquetage di\u00e9t\u00e9tique ou des politiques pour r\u00e9orienter le syst\u00e8me agroalimentaire vers la production de produits frais.<\/p>\n","protected":false},"excerpt":{"rendered":"NUTRITION &#8211; Autre temps, autres maux. Alors que la sous-nutrition \u00e9tait jusqu\u2019ici la premi\u00e8re forme de malnutrition chez&hellip;\n","protected":false},"author":2,"featured_media":381096,"comment_status":"","ping_status":"","sticky":false,"template":"","format":"standard","meta":{"footnotes":""},"categories":[10],"tags":[1719,1011,27,72,5656,7925,4991,233,71],"class_list":{"0":"post-381095","1":"post","2":"type-post","3":"status-publish","4":"format-standard","5":"has-post-thumbnail","7":"category-sante","8":"tag-enfants","9":"tag-fr","10":"tag-france","11":"tag-health","12":"tag-life","13":"tag-malnutrition","14":"tag-nutrition","15":"tag-obesite","16":"tag-sante"},"share_on_mastodon":{"url":"https:\/\/pubeurope.com\/@fr\/115181916442296401","error":""},"_links":{"self":[{"href":"https:\/\/www.europesays.com\/fr\/wp-json\/wp\/v2\/posts\/381095","targetHints":{"allow":["GET"]}}],"collection":[{"href":"https:\/\/www.europesays.com\/fr\/wp-json\/wp\/v2\/posts"}],"about":[{"href":"https:\/\/www.europesays.com\/fr\/wp-json\/wp\/v2\/types\/post"}],"author":[{"embeddable":true,"href":"https:\/\/www.europesays.com\/fr\/wp-json\/wp\/v2\/users\/2"}],"replies":[{"embeddable":true,"href":"https:\/\/www.europesays.com\/fr\/wp-json\/wp\/v2\/comments?post=381095"}],"version-history":[{"count":0,"href":"https:\/\/www.europesays.com\/fr\/wp-json\/wp\/v2\/posts\/381095\/revisions"}],"wp:featuredmedia":[{"embeddable":true,"href":"https:\/\/www.europesays.com\/fr\/wp-json\/wp\/v2\/media\/381096"}],"wp:attachment":[{"href":"https:\/\/www.europesays.com\/fr\/wp-json\/wp\/v2\/media?parent=381095"}],"wp:term":[{"taxonomy":"category","embeddable":true,"href":"https:\/\/www.europesays.com\/fr\/wp-json\/wp\/v2\/categories?post=381095"},{"taxonomy":"post_tag","embeddable":true,"href":"https:\/\/www.europesays.com\/fr\/wp-json\/wp\/v2\/tags?post=381095"}],"curies":[{"name":"wp","href":"https:\/\/api.w.org\/{rel}","templated":true}]}}