{"id":381097,"date":"2025-09-10T20:35:11","date_gmt":"2025-09-10T20:35:11","guid":{"rendered":"https:\/\/www.europesays.com\/fr\/381097\/"},"modified":"2025-09-10T20:35:11","modified_gmt":"2025-09-10T20:35:11","slug":"je-noublierai-jamais-lambiance-du-velodrome-le-message-dadieu-dadrien-rabiot-a-lom-lequipe","status":"publish","type":"post","link":"https:\/\/www.europesays.com\/fr\/381097\/","title":{"rendered":"\u00ab Je n&#039;oublierai jamais l&#039;ambiance du V\u00e9lodrome \u00bb : le message d&#039;adieu d&#039;Adrien Rabiot \u00e0 l&#039;OM &#8211; L&#039;\u00c9quipe"},"content":{"rendered":"<ol>\n<li><a href=\"https:\/\/news.google.com\/rss\/articles\/CBMi1gFBVV95cUxNd0g5QUYyZzVSUVdOT2ZkbzJESVVjY0JPV28xUG9JYVkxMDhoTnhEV0dlS24xRVBfMGtPN2xiUkdvbWUtTlFBQTd6dDZEaS1PQmR0cWJuYzhkYWFETU5qT215eXR2dXBaenV4UGl0Zm9Fd1NlbkhPZWtqQWVTUWRQQ2hobzN0Q2FfZFN5cHNqWl9KU2FKb3FNOXFYQ3ZmNlJsWXp3UXVuSVdZcF9JQm1QdDhsdlVZMGZSWHhMa2JianYwRTI2SjIwX1ZpbExObTU1bmhWaENn?oc=5\" target=\"_blank\" rel=\"nofollow noopener\">\u00ab Je n&rsquo;oublierai jamais l&rsquo;ambiance du V\u00e9lodrome \u00bb : le message d&rsquo;adieu d&rsquo;Adrien Rabiot \u00e0 l&rsquo;OM<\/a>&nbsp;&nbsp;L&rsquo;\u00c9quipe<\/li>\n<li><a href=\"https:\/\/news.google.com\/rss\/articles\/CBMikAFBVV95cUxQSjBWUEc1RjRZanpVdGI0X1Zlc2NVTUduVXZuVnNPZ3ljLVNaS2JISlMxTElScEQxYU0xOGpob2dweW9qU3NQV0FLaEhlSUIyMUJ6bnJlVGk2Q2hYUk5SeUdoM2JwWlVMVmM2OXNrMXRBc3VkUTM1emJDYTA3Y1FfYzB1cVM2S1VfNDAyOXc3cTA?oc=5\" target=\"_blank\" rel=\"nofollow noopener\">OM : Adrien Rabiot prend enfin la parole<\/a>&nbsp;&nbsp;Foot Mercato<\/li>\n<li><a href=\"https:\/\/news.google.com\/rss\/articles\/CBMipwFBVV95cUxOTkp1MElGbGZzMnZXMmZFZUU4ODE4d1hHN2NiR1Vua1BWanUtRXJ6aGM3bHF5MW1jWDJOdXl0RXhtNG1KRnNaRzA5Zzd5U1lOMy10WWJ3Yzhob3VpU3pTdmlVOXhnRkFSRU44eGRCWmROWmJSNzZGTXM0R2ZPek1JVEFOV0Y1ZVNTeEpMcjJubjRkdnU0bHJueTMxTXI4dXNOTThfTDNEQQ?oc=5\" target=\"_blank\" rel=\"nofollow noopener\">OM : Adrien Rabiot fait ses adieux aux supporters<\/a>&nbsp;&nbsp;Le Figaro<\/li>\n<li><a href=\"https:\/\/news.google.com\/rss\/articles\/CBMikwJBVV95cUxNem9OVnhVX2doN1ZaOUtzV056WGJBOGI5RVdCSG5FZmdyTzJfMWhfR0FOOWFSVzRuejR0U2ZiSU5hQlJmd2l3dUdjM0JzQzlZSlR5dWZTelJIVkM4NHo2V0NZNkRhcVA2eFVDczJGc1BDSlNyM0tnWFp2TXFKZjJFOUgwczJ0SUNvLTVldENQWlJoRVc5cHZ2ZUZEMTdIWC16QURzVWNOV1RqdUYxTG1uc1NDaXpxVm1XX0dBR0lFWXg3dmlIX1hqRHFuaEZLallqTlhSQnc5c3hfd2pmbTBMTFBxMUEzZldtTDRXNkRFTHhYSmZhVUpqeUtsaWI4eTlBWmZoM3pwYk1heEJEajJhWVNENA?oc=5\" target=\"_blank\" rel=\"nofollow noopener\">\u00ab Une ville et un club unique en France \u00bb : Adrien Rabiot sort du silence apr\u00e8s son d\u00e9part de l\u2019OM<\/a>&nbsp;&nbsp;Ouest-France<\/li>\n<li><a href=\"https:\/\/news.google.com\/rss\/articles\/CBMilgJBVV95cUxPTUhqSy1WVUVPdVcxajYwcUtMc3lnTjNWNTdzR1I0cGllLXJSVlNWdWxCR2xuRWpTQjF6NDNoQ3dhNHJpd1hiUnFwM192Qjc1Q2tlZVk5U1I2VnNMd1Z0LWtZR3puRzJjejRkODFLQVo4ekJVRFlzeVI3SzlTbEhEcHJpbUQtNHdZZEFpbXZraEtwUGJHcHNNRE1xM3RaQVBNSkVSZHdwTGs4ci1lTmdxbVlIalhIMkxHeGVGMzNBV3VWVER0b251S2F4Sk8tMDNsbGRkdldpYlZaSnhZS3BxNExZbDlNb0Vsa2ZGZTdkcENYTHVKdnJWSlFZaU9VNHNjQ0hlMEYwMDBQbVhnUk1mRksweEtJUQ?oc=5\" target=\"_blank\" rel=\"nofollow noopener\">\u00ab\u00a0Une ville et un club unique en France\u00a0\u00bb: Rabiot s&rsquo;adresse aux supporters de l&rsquo;OM apr\u00e8s son d\u00e9part pol\u00e9mique<\/a>&nbsp;&nbsp;RMC Sport<\/li>\n<\/ol>\n","protected":false},"excerpt":{"rendered":"\u00ab Je n&rsquo;oublierai jamais l&rsquo;ambiance du V\u00e9lodrome \u00bb : le message d&rsquo;adieu d&rsquo;Adrien Rabiot \u00e0 l&rsquo;OM&nbsp;&nbsp;L&rsquo;\u00c9quipe OM :&hellip;\n","protected":false},"author":2,"featured_media":381098,"comment_status":"","ping_status":"","sticky":false,"template":"","format":"standard","meta":{"footnotes":""},"categories":[9],"tags":[1011,27,60],"class_list":{"0":"post-381097","1":"post","2":"type-post","3":"status-publish","4":"format-standard","5":"has-post-thumbnail","7":"category-sports","8":"tag-fr","9":"tag-france","10":"tag-sports"},"share_on_mastodon":{"url":"https:\/\/pubeurope.com\/@fr\/115181920327266636","error":""},"_links":{"self":[{"href":"https:\/\/www.europesays.com\/fr\/wp-json\/wp\/v2\/posts\/381097","targetHints":{"allow":["GET"]}}],"collection":[{"href":"https:\/\/www.europesays.com\/fr\/wp-json\/wp\/v2\/posts"}],"about":[{"href":"https:\/\/www.europesays.com\/fr\/wp-json\/wp\/v2\/types\/post"}],"author":[{"embeddable":true,"href":"https:\/\/www.europesays.com\/fr\/wp-json\/wp\/v2\/users\/2"}],"replies":[{"embeddable":true,"href":"https:\/\/www.europesays.com\/fr\/wp-json\/wp\/v2\/comments?post=381097"}],"version-history":[{"count":0,"href":"https:\/\/www.europesays.com\/fr\/wp-json\/wp\/v2\/posts\/381097\/revisions"}],"wp:featuredmedia":[{"embeddable":true,"href":"https:\/\/www.europesays.com\/fr\/wp-json\/wp\/v2\/media\/381098"}],"wp:attachment":[{"href":"https:\/\/www.europesays.com\/fr\/wp-json\/wp\/v2\/media?parent=381097"}],"wp:term":[{"taxonomy":"category","embeddable":true,"href":"https:\/\/www.europesays.com\/fr\/wp-json\/wp\/v2\/categories?post=381097"},{"taxonomy":"post_tag","embeddable":true,"href":"https:\/\/www.europesays.com\/fr\/wp-json\/wp\/v2\/tags?post=381097"}],"curies":[{"name":"wp","href":"https:\/\/api.w.org\/{rel}","templated":true}]}}