{"id":381099,"date":"2025-09-10T20:36:09","date_gmt":"2025-09-10T20:36:09","guid":{"rendered":"https:\/\/www.europesays.com\/fr\/381099\/"},"modified":"2025-09-10T20:36:09","modified_gmt":"2025-09-10T20:36:09","slug":"emma-willis-sexprime-apres-avoir-ete-durement-critiquee-pour-avoir-demenage-bruce-willis-le-huffpost","status":"publish","type":"post","link":"https:\/\/www.europesays.com\/fr\/381099\/","title":{"rendered":"Emma Willis s\u2019exprime apr\u00e8s avoir \u00e9t\u00e9 durement critiqu\u00e9e pour avoir d\u00e9m\u00e9nag\u00e9 Bruce Willis &#8211; Le HuffPost"},"content":{"rendered":"<ol>\n<li><a href=\"https:\/\/news.google.com\/rss\/articles\/CBMi_gFBVV95cUxQSzFPRFlOWUdWV0Zhb3A0UGx1ZXhxOEFzTldhMDNydk0yaFdiX3NsVlo1dXZSS09lWmsxbzlLRHEwQ0U5NVBmcXYtVVY4S3h0Wld6RjhyS0ZSV05jdWZXSEkwQTdfcEhybkkwenloWEkyckdaazlrV3dVbXVnWGNZdmxOTDU0blVNb1lqc3cxemF0dUZBcVBvOEN5VGd3V1pXZ2YwQklJOUFROG5Ocy1xMWctVUZrNERBdlhSMjEtZU14MnhoUHRxdjdmOG5WR1JSNl9jdzd4VU5UeEZfNjJCTzduczZVQ3owd0VQclJfT2Y2QnJNNlBvTjlVMTZodw?oc=5\" target=\"_blank\" rel=\"nofollow noopener\">Emma Willis s\u2019exprime apr\u00e8s avoir \u00e9t\u00e9 durement critiqu\u00e9e pour avoir d\u00e9m\u00e9nag\u00e9 Bruce Willis<\/a>&nbsp;&nbsp;Le HuffPost<\/li>\n<li><a href=\"https:\/\/news.google.com\/rss\/articles\/CBMijAJBVV95cUxQRWNUMHZMMElNLWpnTllNeXRNUU1ha0h3YWRESzBScUhKSVJRU2NEMS0tU0h1UXV3dlFlY3JNcjRicWxrWW9FRGZXenhUSlZGX2JqakRFYk9adTJpMlJHWWtyYml2X1gxd2Q3YzA2Q0VyaTBuQ292dXV3c0pEWlhLdG1qSGZaa2lVTHZad3hpYkFPWDZ1MGFxM2Q1bk5obGFDYmpENkJZOVJSdVBkZHlVRmxWUFFSTzRkNWl1RXZXN2hjaWxfeHExSVptbGd4UkRnbDF3TGdGd25sazRTMFF2SHVXdWVaZzZra3k2dHFsSE1rTlgxdmhvSkFwMTFjVFZidFFpN2d3UWZELUJx?oc=5\" target=\"_blank\" rel=\"nofollow noopener\">\u00ab\u00a0Les pr\u00e9parer \u00e0 sa mort\u00a0\u00bb : dans un t\u00e9moignage bouleversant, la femme de Bruce Willis justifie son choix de s\u00e9parer l\u2019acteur de ses filles<\/a>&nbsp;&nbsp;Midi Libre<\/li>\n<li><a href=\"https:\/\/news.google.com\/rss\/articles\/CBMiuwFBVV95cUxOV1BzX05CMkFzcUcwTHVPdHE4T2FFMEdjR3lDUWdUSGtGYXI0aE8xSkRHZExWSXVXREZfaUZnM3l3S19lcmNBLWRyVU1EVVhxakdSdkFZWS1zYkdlSl9Sb2xHSUp5RXNadkl2d1NtRXBZajA4WGRucXU1RlpkWFVadEN3b2dvQjJpbExSOWo5a2xHVnBWT0JuaENyNW15ZVFrbURfNms2SUFjcDcyM1Jaay1QeGVRZHdlWC1N0gHAAUFVX3lxTE5EejlHWmZNSDgyZmNGalFRZlNuNHFWVEhzdml1b1R6VzVHcFgxdmwtdndNODJHZ0E4X3RJUlVFU081azZ5NkQyTGFjMmpCb0NKNVA5M21LYzRnZjhLZkxQY1pHTHlyNlEwaHdBYndpYncwa1lHWmF2c1E5UHFVR0xIVG9rWkNkeUhJd0s3dXRYQ19jNzlYZG5rWHVWNnpiZUNwbUxFMm1nSUpXN2tSbTltenp2RncxYXFMQWZ3bURfWQ?oc=5\" target=\"_blank\" rel=\"nofollow noopener\">\u00abPr\u00e9parer ses filles \u00e0 sa mort\u00bb : l&rsquo;\u00e9pouse de Bruce Willis explique pourquoi l&rsquo;acteur ne vit plus avec elles<\/a>&nbsp;&nbsp;CNews<\/li>\n<li><a href=\"https:\/\/news.google.com\/rss\/articles\/CBMiggFBVV95cUxPUGNuS1liLU5PN3lyWE90ZzRHbVVNd3luVkVpN3gyeFdlVmpWV01TRk9WZnJwQVp3b3Z3M2Z0Y3diX0hEaDJadXVwQ2ZjSWtERUVQejFSY0V3U1NzbUJaNGNqR0l6OVRRSFZQb21Ud0RfOUF6Yi1ZZmdxc1RTTy00UEFn?oc=5\" target=\"_blank\" rel=\"nofollow noopener\">\u201cPas sujet \u00e0 d\u00e9bat\u201d : Emma Heming d\u00e9fend fermement sa d\u00e9cision de faire vivre Bruce Willis dans une maison s\u00e9par\u00e9e<\/a>&nbsp;&nbsp;Yahoo Actualit\u00e9s<\/li>\n<li><a href=\"https:\/\/news.google.com\/rss\/articles\/CBMiwAFBVV95cUxQUEE5R0ZPaEJjOU1UYnpfUHlIUDN0Q0JJbUZDTzg1UjRIVkdNZTBJcTZkUExweC1Ib2VCTnk3Qy1HUThWanFSMl85LTJqZ1RkZ3VHTWFVT0pYcHFOOTdRbGFVVlFpeTQtME1jNjBzQURmSzZxTzZabEpOc3FLamRHaU9kNWlicVY4WEhCY01QWW9kVlJpY1FRVUFURC1sSTlNRFM1dGstdl9xUm1iYklQTVFsWkcwaUhtWThWOXBXX0s?oc=5\" target=\"_blank\" rel=\"nofollow noopener\">CE JEUDI DANS GALA &#8211; Bruce Willis face \u00e0 la maladie, d\u00e9couvrez notre enqu\u00eate !<\/a>&nbsp;&nbsp;Gala<\/li>\n<\/ol>\n","protected":false},"excerpt":{"rendered":"Emma Willis s\u2019exprime apr\u00e8s avoir \u00e9t\u00e9 durement critiqu\u00e9e pour avoir d\u00e9m\u00e9nag\u00e9 Bruce Willis&nbsp;&nbsp;Le HuffPost \u00ab\u00a0Les pr\u00e9parer \u00e0 sa&hellip;\n","protected":false},"author":2,"featured_media":1445,"comment_status":"","ping_status":"","sticky":false,"template":"","format":"standard","meta":{"footnotes":""},"categories":[8],"tags":[58,59,1011,27],"class_list":{"0":"post-381099","1":"post","2":"type-post","3":"status-publish","4":"format-standard","5":"has-post-thumbnail","7":"category-divertissement","8":"tag-divertissement","9":"tag-entertainment","10":"tag-fr","11":"tag-france"},"share_on_mastodon":{"url":"https:\/\/pubeurope.com\/@fr\/115181924340548128","error":""},"_links":{"self":[{"href":"https:\/\/www.europesays.com\/fr\/wp-json\/wp\/v2\/posts\/381099","targetHints":{"allow":["GET"]}}],"collection":[{"href":"https:\/\/www.europesays.com\/fr\/wp-json\/wp\/v2\/posts"}],"about":[{"href":"https:\/\/www.europesays.com\/fr\/wp-json\/wp\/v2\/types\/post"}],"author":[{"embeddable":true,"href":"https:\/\/www.europesays.com\/fr\/wp-json\/wp\/v2\/users\/2"}],"replies":[{"embeddable":true,"href":"https:\/\/www.europesays.com\/fr\/wp-json\/wp\/v2\/comments?post=381099"}],"version-history":[{"count":0,"href":"https:\/\/www.europesays.com\/fr\/wp-json\/wp\/v2\/posts\/381099\/revisions"}],"wp:featuredmedia":[{"embeddable":true,"href":"https:\/\/www.europesays.com\/fr\/wp-json\/wp\/v2\/media\/1445"}],"wp:attachment":[{"href":"https:\/\/www.europesays.com\/fr\/wp-json\/wp\/v2\/media?parent=381099"}],"wp:term":[{"taxonomy":"category","embeddable":true,"href":"https:\/\/www.europesays.com\/fr\/wp-json\/wp\/v2\/categories?post=381099"},{"taxonomy":"post_tag","embeddable":true,"href":"https:\/\/www.europesays.com\/fr\/wp-json\/wp\/v2\/tags?post=381099"}],"curies":[{"name":"wp","href":"https:\/\/api.w.org\/{rel}","templated":true}]}}