{"id":381105,"date":"2025-09-10T20:40:09","date_gmt":"2025-09-10T20:40:09","guid":{"rendered":"https:\/\/www.europesays.com\/fr\/381105\/"},"modified":"2025-09-10T20:40:09","modified_gmt":"2025-09-10T20:40:09","slug":"pourquoi-la-nomination-de-lecornu-a-matignon-conforte-retailleau-a-beauvau","status":"publish","type":"post","link":"https:\/\/www.europesays.com\/fr\/381105\/","title":{"rendered":"Pourquoi la nomination de Lecornu \u00e0 Matignon conforte Retailleau \u00e0 Beauvau"},"content":{"rendered":"<p><strong>D\u00c9CRYPTAGE &#8211; <\/strong>Depuis l\u2019annonce d\u2019une chute probable de Fran\u00e7ois Bayrou, le transfuge des R\u00e9publicains et le ministre de l\u2019Int\u00e9rieur d\u00e9missionnaire ont multipli\u00e9 les contacts et tiss\u00e9 de nouveaux liens.<\/p>\n<p class=\"fig-paragraph\">La logique, si raide, des statistiques a quelque chose de myst\u00e9rieux. Ce myst\u00e8re repose dans la marge d\u2019erreur. \u00ab\u00a0Franchement, qui, mais qui, aurait pu pr\u00e9dire tout cela pour la droite, il y a un an\u00a0? Bruno a une sacr\u00e9e bonne \u00e9toile\u00a0!\u00a0\u00bb, se r\u00e9jouit ce t\u00e9nor Les R\u00e9publicains (LR), mardi soir. Enthousiasme h\u00e2tif ou l\u00e9gitime\u00a0? Une chose est bien certaine\u00a0: \u00e0 Beauvau,\u00a0<a href=\"http:\/\/www.lefigaro.fr\/politique\/sebastien-lecornu-a-matignon-la-recompense-d-un-fidele-du-president-20250909\" target=\"_blank\" data-fig-type=\"Article\" rel=\"noopener\" data-gtm-custom-categorie=\"navigation\" data-gtm-custom-action=\"crossclick\" data-gtm-custom-label=\"Contextuel\" data-gtm-event=\"customEventSPE\" data-fig-domain=\"LEFIGARO\">l\u2019arriv\u00e9e de S\u00e9bastien Lecornu \u00e0 Matignon<\/a>\u00a0\u00e9tait la nomination qu\u2019on esp\u00e9rait le plus.<\/p>\n<p class=\"fig-paragraph\"><a href=\"http:\/\/www.lefigaro.fr\/politique\/les-republicains-posent-leurs-conditions-sur-la-table-du-nouveau-premier-ministre-sebastien-lecornu-20250909\" target=\"_blank\" data-fig-type=\"Article\" rel=\"noopener\" data-gtm-custom-categorie=\"navigation\" data-gtm-custom-action=\"crossclick\" data-gtm-custom-label=\"Contextuel\" data-gtm-event=\"customEventSPE\" data-fig-domain=\"LEFIGARO\">Qualifi\u00e9 jadis de \u00ab\u00a0tra\u00eetre\u00a0\u00bb par une partie de la droite<\/a>, ce d\u00e9sormais simple \u00ab\u00a0transfuge\u00a0\u00bb LR b\u00e9n\u00e9ficie d\u2019une r\u00e9elle d\u2019indulgence de la part de son ancienne famille politique. Bien s\u00fbr, LR mart\u00e8le ses \u00ab\u00a0conditions\u00a0\u00bb, insiste sur l\u2019\u00e9laboration d\u2019un \u00ab\u00a0accord\u00a0\u00bb avant de discuter de sa participation au gouvernement. \u00ab\u00a0Mais on ne va pas se mentir, nous avons tout pour nous entendre\u00a0\u00bb, sourit-on, c\u00f4t\u00e9 S\u00e9nat. Avant d\u2019imager avec toute l\u2019assurance du monde\u00a0: \u00ab\u00a0Saint-S\u00e9bastien eut le corps transperc\u00e9\u2026<\/p>\n<p class=\"fig-premium-paywall__infos\">\n        Cet article est r\u00e9serv\u00e9 aux abonn\u00e9s.        Il vous reste 87% \u00e0 d\u00e9couvrir.\n    <\/p>\n<p>                <img  data- alt=\"Le Figaro\" class=\"fig-img--complete fig-img\"\/><\/p>\n<p class=\"fig-premium-paywall__title\">Vous avez envie de lire la suite ?<\/p>\n<p class=\"fig-premium-paywall__subtitle\">D\u00e9bloquez tous les articles imm\u00e9diatement.<\/p>\n<p class=\"fig-premium-paywall__connect\">\n                D\u00e9j\u00e0 abonn\u00e9\u00a0?                <a class=\"fig-premium-paywall__connect-link\" href=\"https:\/\/connect.lefigaro.fr\/login?client=horizon_web&amp;type=main&amp;redirect_uri=https%3A%2F%2Fwww.lefigaro.fr%2Fpolitique%2Fpourquoi-la-nomination-de-lecornu-a-matignon-conforte-retailleau-a-beauvau-20250910\" data-js-gtm=\"{&quot;customCategorie&quot;: &quot;conversion&quot;, &quot;customAction&quot;: &quot;before_Landing_Connexion_paywall_auto&quot;, &quot;customLabel&quot;: &quot;bGVmaWdhcm8uZnJfXzFmMDhlMmY3LTc4MmMtNjdhMi1iOGJiLWFiNDBmYTZmZjM4N19fQXJ0aWNsZQ==_Pourquoi la nomination de Lecornu \u00e0 Matignon conforte Retailleau \u00e0 Beauvau_523&quot;, &quot;customIDSPE&quot;: &quot;bGVmaWdhcm8uZnJfXzFmMDhlMmY3LTc4MmMtNjdhMi1iOGJiLWFiNDBmYTZmZjM4N19fQXJ0aWNsZQ==&quot;, &quot;event&quot;: &quot;customEventSPE&quot;}\" target=\"_blank\" rel=\"noopener\"><br \/>\n                    Connectez-vous<br \/>\n                <\/a>\n            <\/p>\n","protected":false},"excerpt":{"rendered":"D\u00c9CRYPTAGE &#8211; Depuis l\u2019annonce d\u2019une chute probable de Fran\u00e7ois Bayrou, le transfuge des R\u00e9publicains et le ministre de&hellip;\n","protected":false},"author":2,"featured_media":381106,"comment_status":"","ping_status":"","sticky":false,"template":"","format":"standard","meta":{"footnotes":""},"categories":[4],"tags":[11,1013,1011,27,5639,6319,12,25,11067],"class_list":{"0":"post-381105","1":"post","2":"type-post","3":"status-publish","4":"format-standard","5":"has-post-thumbnail","7":"category-france","8":"tag-actualites","9":"tag-bruno-retailleau","10":"tag-fr","11":"tag-france","12":"tag-laurent-wauquiez","13":"tag-les-republicains","14":"tag-news","15":"tag-republique-francaise","16":"tag-sebastien-lecornu"},"share_on_mastodon":{"url":"https:\/\/pubeurope.com\/@fr\/115181940064932926","error":""},"_links":{"self":[{"href":"https:\/\/www.europesays.com\/fr\/wp-json\/wp\/v2\/posts\/381105","targetHints":{"allow":["GET"]}}],"collection":[{"href":"https:\/\/www.europesays.com\/fr\/wp-json\/wp\/v2\/posts"}],"about":[{"href":"https:\/\/www.europesays.com\/fr\/wp-json\/wp\/v2\/types\/post"}],"author":[{"embeddable":true,"href":"https:\/\/www.europesays.com\/fr\/wp-json\/wp\/v2\/users\/2"}],"replies":[{"embeddable":true,"href":"https:\/\/www.europesays.com\/fr\/wp-json\/wp\/v2\/comments?post=381105"}],"version-history":[{"count":0,"href":"https:\/\/www.europesays.com\/fr\/wp-json\/wp\/v2\/posts\/381105\/revisions"}],"wp:featuredmedia":[{"embeddable":true,"href":"https:\/\/www.europesays.com\/fr\/wp-json\/wp\/v2\/media\/381106"}],"wp:attachment":[{"href":"https:\/\/www.europesays.com\/fr\/wp-json\/wp\/v2\/media?parent=381105"}],"wp:term":[{"taxonomy":"category","embeddable":true,"href":"https:\/\/www.europesays.com\/fr\/wp-json\/wp\/v2\/categories?post=381105"},{"taxonomy":"post_tag","embeddable":true,"href":"https:\/\/www.europesays.com\/fr\/wp-json\/wp\/v2\/tags?post=381105"}],"curies":[{"name":"wp","href":"https:\/\/api.w.org\/{rel}","templated":true}]}}