{"id":381109,"date":"2025-09-10T20:42:18","date_gmt":"2025-09-10T20:42:18","guid":{"rendered":"https:\/\/www.europesays.com\/fr\/381109\/"},"modified":"2025-09-10T20:42:18","modified_gmt":"2025-09-10T20:42:18","slug":"le-chambon-feugerolles-du-nouveau-a-la-direction-du-college-massenet-fourneyron","status":"publish","type":"post","link":"https:\/\/www.europesays.com\/fr\/381109\/","title":{"rendered":"Le Chambon-Feugerolles. Du nouveau \u00e0 la direction du coll\u00e8ge Massenet-Fourneyron"},"content":{"rendered":"<p>Nicolas Gougis n\u2019a pas choisi ce coll\u00e8ge par hasard. \u00ab\u00a0J\u2019ai eu une tr\u00e8s belle exp\u00e9rience \u00e0 La Ricamarie, j\u2019avais envie de continuer en r\u00e9seau d\u2019\u00e9ducation prioritaire, mais cette fois compl\u00e9t\u00e9e par une Segpa. En Rep, plus que dans les autres \u00e9tablissements hors r\u00e9seau, les \u00e9l\u00e8ves ont besoin que l\u2019on soit exigeant et bienveillant\u00a0\u00bb, rapporte le nouveau principal, ravi de relever le d\u00e9fi.<\/p>\n<p>Des professeurs \u00ab\u00a0attach\u00e9s \u00e0 la vie du coll\u00e8ge\u00a0\u00bb<\/p>\n<p>Un effectif proche de l\u2019an dernier avec 522 \u00e9l\u00e8ves, 24 classes et une \u00e9quipe d\u2019enseignants stable pour cette rentr\u00e9e. \u00ab\u00a0Nos professeurs restent attach\u00e9s \u00e0 la vie du coll\u00e8ge, et \u00e0 la r\u00e9ussite scolaire des coll\u00e9giens. S\u2019il faut veiller \u00e0 travailler l\u2019ambition&#8230;<\/p>\n","protected":false},"excerpt":{"rendered":"Nicolas Gougis n\u2019a pas choisi ce coll\u00e8ge par hasard. \u00ab\u00a0J\u2019ai eu une tr\u00e8s belle exp\u00e9rience \u00e0 La Ricamarie,&hellip;\n","protected":false},"author":2,"featured_media":381110,"comment_status":"","ping_status":"","sticky":false,"template":"","format":"standard","meta":{"footnotes":""},"categories":[9653],"tags":[1111,11,2430,12162,3599,7539,1057,1777,674,1011,27,12161,12,25,4001],"class_list":{"0":"post-381109","1":"post","2":"type-post","3":"status-publish","4":"format-standard","5":"has-post-thumbnail","7":"category-saint-etienne","8":"tag-actu","9":"tag-actualites","10":"tag-auvergne-rhone-alpes","11":"tag-chambon-feugerolles-ville","12":"tag-college-lycee","13":"tag-edition-loire-sud","14":"tag-education","15":"tag-eu","16":"tag-europe","17":"tag-fr","18":"tag-france","19":"tag-le-chambon-feugerolles","20":"tag-news","21":"tag-republique-francaise","22":"tag-saint-etienne"},"share_on_mastodon":{"url":"https:\/\/pubeurope.com\/@fr\/115181947825236432","error":""},"_links":{"self":[{"href":"https:\/\/www.europesays.com\/fr\/wp-json\/wp\/v2\/posts\/381109","targetHints":{"allow":["GET"]}}],"collection":[{"href":"https:\/\/www.europesays.com\/fr\/wp-json\/wp\/v2\/posts"}],"about":[{"href":"https:\/\/www.europesays.com\/fr\/wp-json\/wp\/v2\/types\/post"}],"author":[{"embeddable":true,"href":"https:\/\/www.europesays.com\/fr\/wp-json\/wp\/v2\/users\/2"}],"replies":[{"embeddable":true,"href":"https:\/\/www.europesays.com\/fr\/wp-json\/wp\/v2\/comments?post=381109"}],"version-history":[{"count":0,"href":"https:\/\/www.europesays.com\/fr\/wp-json\/wp\/v2\/posts\/381109\/revisions"}],"wp:featuredmedia":[{"embeddable":true,"href":"https:\/\/www.europesays.com\/fr\/wp-json\/wp\/v2\/media\/381110"}],"wp:attachment":[{"href":"https:\/\/www.europesays.com\/fr\/wp-json\/wp\/v2\/media?parent=381109"}],"wp:term":[{"taxonomy":"category","embeddable":true,"href":"https:\/\/www.europesays.com\/fr\/wp-json\/wp\/v2\/categories?post=381109"},{"taxonomy":"post_tag","embeddable":true,"href":"https:\/\/www.europesays.com\/fr\/wp-json\/wp\/v2\/tags?post=381109"}],"curies":[{"name":"wp","href":"https:\/\/api.w.org\/{rel}","templated":true}]}}