{"id":381113,"date":"2025-09-10T20:44:39","date_gmt":"2025-09-10T20:44:39","guid":{"rendered":"https:\/\/www.europesays.com\/fr\/381113\/"},"modified":"2025-09-10T20:44:39","modified_gmt":"2025-09-10T20:44:39","slug":"des-zones-de-gratuite-dans-les-bu-pour-lutter-contre-la-precarite-etudiante-factuel","status":"publish","type":"post","link":"https:\/\/www.europesays.com\/fr\/381113\/","title":{"rendered":"Des zones de gratuit\u00e9 dans les BU pour lutter contre la pr\u00e9carit\u00e9 \u00e9tudiante &#8211; Factuel"},"content":{"rendered":"<p>Temps de lecture : 1 minute<\/p>\n<p> <strong>Les biblioth\u00e8ques universitaires de Lorraine organisent pour la troisi\u00e8me fois des zones de gratuit\u00e9 pour lutter contre la pr\u00e9carit\u00e9 \u00e9tudiante, les 22 et 23 septembre 2025.\u00a0<\/strong><\/p>\n<p class=\"MsoNormal\" style=\"margin-bottom: 18.0pt;line-height: normal;background: white\">Un large appel aux dons a permis de r\u00e9colter de nombreux objets utiles au quotidien : fournitures scolaires, petit \u00e9lectrom\u00e9nager, vaisselle, linge de maison, d\u00e9coration, sacs, fournitures de bureau, petits outils, jeux de soci\u00e9t\u00e9, livres, etc.\u00a0<\/p>\n<p class=\"MsoNormal\" style=\"margin-bottom: 18.0pt;line-height: normal;background: white\">Si vous \u00eates \u00e9tudiante ou \u00e9tudiant et que vous avez besoin de vous \u00e9quiper pour cette rentr\u00e9e universitaire, n\u2019h\u00e9sitez pas \u00e0 profiter des zones de gratuit\u00e9 qui se tiendront les 22 et 23 septembre dans les BU et sites suivants :\u00a0<\/p>\n<p class=\"MsoNormal\" style=\"text-indent: -18.0pt;line-height: normal;background: white;margin: 0cm 0cm .0001pt 72.0pt\">\u00b7\u00a0\u00a0\u00a0\u00a0\u00a0\u00a0\u00a0\u00a0 <strong>\u00c9pinal\u00a0<\/strong>: BU IUT \u2013 Hubert Curien<\/p>\n<p class=\"MsoNormal\" style=\"text-indent: -18.0pt;line-height: normal;background: white;margin: 0cm 0cm .0001pt 72.0pt\">\u00b7\u00a0\u00a0\u00a0\u00a0\u00a0\u00a0\u00a0\u00a0 <strong>Longwy\u00a0<\/strong>: IUT \u2013 Henri Poincar\u00e9<\/p>\n<p class=\"MsoNormal\" style=\"text-indent: -18.0pt;line-height: normal;background: white;margin: 0cm 0cm .0001pt 72.0pt\">\u00b7\u00a0\u00a0\u00a0\u00a0\u00a0\u00a0\u00a0\u00a0 <strong>Metz\u00a0<\/strong>: BU Saulcy<\/p>\n<p class=\"MsoNormal\" style=\"text-indent: -18.0pt;line-height: normal;background: white;margin: 0cm 0cm .0001pt 72.0pt\">\u00b7\u00a0\u00a0\u00a0\u00a0\u00a0\u00a0\u00a0\u00a0 <strong>Nancy\u00a0<\/strong>: BU Lettres &amp; SHS, BU Droit &amp; Sciences \u00e9co, BU Sant\u00e9, BU Sciences &amp; Techniques, M\u00e9diath\u00e8que du campus Artem, BU INSP\u00c9 Max\u00e9ville, BU Ing\u00e9nieurs Polytech<\/p>\n<p class=\"MsoNormal\" style=\"margin-bottom: 18.0pt;line-height: normal;background: white\">Pour compl\u00e9ter les zones de gratuit\u00e9, le Service de Sant\u00e9 \u00e9tudiante sera pr\u00e9sent dans les BU Saulcy, Lettres et Sant\u00e9 les 23 et 24 septembre entre 12h et 13h30. <\/p>\n<p><\/p>\n","protected":false},"excerpt":{"rendered":"Temps de lecture : 1 minute Les biblioth\u00e8ques universitaires de Lorraine organisent pour la troisi\u00e8me fois des zones&hellip;\n","protected":false},"author":2,"featured_media":381114,"comment_status":"","ping_status":"","sticky":false,"template":"","format":"standard","meta":{"footnotes":""},"categories":[9635],"tags":[1111,11,1777,674,1011,27,775,1702,12,25],"class_list":{"0":"post-381113","1":"post","2":"type-post","3":"status-publish","4":"format-standard","5":"has-post-thumbnail","7":"category-nancy","8":"tag-actu","9":"tag-actualites","10":"tag-eu","11":"tag-europe","12":"tag-fr","13":"tag-france","14":"tag-grand-est","15":"tag-nancy","16":"tag-news","17":"tag-republique-francaise"},"share_on_mastodon":{"url":"https:\/\/pubeurope.com\/@fr\/115181955999660773","error":""},"_links":{"self":[{"href":"https:\/\/www.europesays.com\/fr\/wp-json\/wp\/v2\/posts\/381113","targetHints":{"allow":["GET"]}}],"collection":[{"href":"https:\/\/www.europesays.com\/fr\/wp-json\/wp\/v2\/posts"}],"about":[{"href":"https:\/\/www.europesays.com\/fr\/wp-json\/wp\/v2\/types\/post"}],"author":[{"embeddable":true,"href":"https:\/\/www.europesays.com\/fr\/wp-json\/wp\/v2\/users\/2"}],"replies":[{"embeddable":true,"href":"https:\/\/www.europesays.com\/fr\/wp-json\/wp\/v2\/comments?post=381113"}],"version-history":[{"count":0,"href":"https:\/\/www.europesays.com\/fr\/wp-json\/wp\/v2\/posts\/381113\/revisions"}],"wp:featuredmedia":[{"embeddable":true,"href":"https:\/\/www.europesays.com\/fr\/wp-json\/wp\/v2\/media\/381114"}],"wp:attachment":[{"href":"https:\/\/www.europesays.com\/fr\/wp-json\/wp\/v2\/media?parent=381113"}],"wp:term":[{"taxonomy":"category","embeddable":true,"href":"https:\/\/www.europesays.com\/fr\/wp-json\/wp\/v2\/categories?post=381113"},{"taxonomy":"post_tag","embeddable":true,"href":"https:\/\/www.europesays.com\/fr\/wp-json\/wp\/v2\/tags?post=381113"}],"curies":[{"name":"wp","href":"https:\/\/api.w.org\/{rel}","templated":true}]}}