{"id":381115,"date":"2025-09-10T20:45:13","date_gmt":"2025-09-10T20:45:13","guid":{"rendered":"https:\/\/www.europesays.com\/fr\/381115\/"},"modified":"2025-09-10T20:45:13","modified_gmt":"2025-09-10T20:45:13","slug":"grand-nancy-innovation-lance-un-nouveau-programme-daccompagnement","status":"publish","type":"post","link":"https:\/\/www.europesays.com\/fr\/381115\/","title":{"rendered":"Grand Nancy Innovation lance un nouveau programme d\u2019accompagnement"},"content":{"rendered":"<p>Ils sont neuf porteurs de projets \u00e0 suivre un programme intensif pendant trois mois\u00a0; bienvenue au sein de la nouvelle promotion du <a href=\"https:\/\/www.lasemaine.fr\/economie\/incubateurs-de-lorraine-mode-demploi-de-ces-soutiens-aux-porteurs-de-projets\/\" data-type=\"post\" data-id=\"322339\" rel=\"nofollow noopener\" target=\"_blank\">programme de pr\u00e9-incubation<\/a> de Grand Nancy Innovation. Comme beaucoup, ils ont fait leur rentr\u00e9e d\u00e9but septembre, apr\u00e8s une semaine d\u2019int\u00e9gration et de formation acc\u00e9l\u00e9r\u00e9e pour acqu\u00e9rir rapidement les bases de la cr\u00e9ation d\u2019entreprise\u00a0: analyse des opportunit\u00e9s, structurer son pitch, marketing et storytelling, m\u00e9thode dite des \u00ab\u00a010C\u00a0\u00bb,\u00a0etc. L\u2019objectif, \u00ab\u00a0passer de z\u00e9ro \u00e0 un\u00a0\u00bb ou, pour \u00eatre plus explicite, passer d\u2019une simple id\u00e9e \u00e0 un projet concret, explique Vincent Godbert, chef de projet <a href=\"https:\/\/www.lasemaine.fr\/economie\/innovation\/une-start-up-developpee-a-nancy-va-sexporter-a-paris\/\" data-type=\"post\" data-id=\"394490\" rel=\"nofollow noopener\" target=\"_blank\">incubation<\/a>. Arriv\u00e9 il y a \u00e0 peine six mois au sein de la structure, c\u2019est lui qui a imagin\u00e9 cette toute nouvelle version du programme, lanc\u00e9e cette ann\u00e9e. Cr\u00e9\u00e9 il y a deux ans, le programme \u2013 anciennement intitul\u00e9 \u00ab\u00a0\u00c0 bord\u00a0\u00bb \u2013 a depuis fait l\u2019objet de plusieurs ajustements et connu diff\u00e9rents formats\u00a0: coaching individuel, sous forme de promotion, en rendez-vous hebdomadaires\u2026<\/p>\n<p>Un \u00e9chec entrepreneurial et un passage au Stanford College, dans la Sillicon Valley, lui ont en quelque sorte ouvert les yeux. \u00ab\u00a0Lorsque j\u2019ai mont\u00e9 ma bo\u00eete, je suis \u00e9galement pass\u00e9 par un incubateur mais il me manquait toujours quelque chose.\u00a0\u00bb Fort de cette exp\u00e9rience personnelle, il a ainsi imagin\u00e9 le programme d\u2019accompagnement qu\u2019il \u00ab\u00a0aurait aim\u00e9 avoir\u00a0\u00bb. Il tient tout de m\u00eame \u00e0 pr\u00e9ciser qu\u2019il \u00ab\u00a0n\u2019existe pas de recette magique\u00a0\u00bb qui fonctionnerait \u00e0 tous les coups pour monter son entreprise et que les incubateurs, comme Grand Nancy Innovation, sont avant tout et surtout des bo\u00eetes \u00e0 outils pour accompagner les porteurs de projets dans leur cr\u00e9ation d\u2019entreprise. Une bo\u00eete \u00e0 outils essentielle, d\u2019autant plus lorsque l\u2019on sait que \u00ab\u00a090\u00a0% des start-up \u00e9chouent entre un et trois ans d\u2019existence\u00a0\u00bb, souligne Vincent Godbert. \u00ab\u00a0C\u2019est bien d\u2019avoir une id\u00e9e mais, avant toute chose, il faut se demander si l\u2019on r\u00e9pond \u00e0 un besoin.\u00a0\u00bb<\/p>\n<p><img loading=\"lazy\" data-lazyloaded=\"1\" decoding=\"async\" width=\"1024\" height=\"768\" src=\"https:\/\/www.europesays.com\/fr\/wp-content\/uploads\/2025\/09\/thumbnail_IMG_4414-1024x768.jpg\" alt=\"\" class=\"wp-image-401660\"  data-\/>\u00a9 La Semaine\u00ab\u00a0Minimum viable product\u00a0\u00bb<\/p>\n<p>Ces trois mois seront ponctu\u00e9s d\u2019ateliers th\u00e9matiques \u00e0 raison d\u2019une session toutes les deux semaines avec des interventions d\u2019experts sur diff\u00e9rentes th\u00e9matiques. Entre chaque atelier, les membres de la promotion ont acc\u00e8s aux espaces de coworking du site et peuvent solliciter le personnel de l\u2019incubateur. \u00ab\u00a0Nous ne sommes pas l\u00e0 pour faire \u00e0 leur place mais pour leur donner les cl\u00e9s et les aider \u00e0 trouver la solution eux-m\u00eames. Pour apprendre, il faut faire des erreurs. Il ne faut donc pas avoir peur de faire beaucoup d\u2019erreurs rapidement. Au contraire, \u00e7a permet de gagner du temps.\u00a0En France, on a tendance \u00e0 d\u00e9couper les comp\u00e9tences alors que l\u2019entreprise touche des domaines aussi divers que vari\u00e9s. Il est n\u00e9cessaire d\u2019avoir une vision \u00e0 360\u00b0 d\u00e8s le d\u00e9part.\u00a0En ce qui me concerne, il m\u2019a fallu trois ans et un \u00e9chec pour comprendre tout \u00e7a.\u00a0\u00bb Objectif \u00e0 la fin de ces trois mois intensifs, repartir avec son \u00ab\u00a0MVP\u00a0\u00bb (minimum viable product) comme on dit dans le jargon. Autrement dit, la premi\u00e8re version commercialisable d\u2019un produit.<\/p>\n<p>Ce qui se passe en Meurthe-et-Moselle<\/p>\n<p>Un investissement non n\u00e9gligeable qui repr\u00e9sente entre 8\u00a0000\u00a0et 10\u00a0000 euros par projets, subventionn\u00e9 par la M\u00e9tropole du Grand Nancy, la R\u00e9gion Grand Est et le Fonds europ\u00e9en de d\u00e9veloppement r\u00e9gional (Feder). Les participants doivent, quant \u00e0 eux, s\u2019acquitter du reste \u00e0 charge. \u00c0 noter que les porteurs de projets issus du <a href=\"https:\/\/www.lasemaine.fr\/economie\/entrepreneuriat\/lorraine-le-peel-leader-national-de-son-domaine\/\" data-type=\"post\" data-id=\"364615\" rel=\"nofollow noopener\" target=\"_blank\">PeeL (P\u00f4le entrepreneuriat \u00e9tudiant de Lorraine)<\/a> b\u00e9n\u00e9ficient d\u2019un tarif r\u00e9duit gr\u00e2ce \u00e0 un partenariat entre les deux structures. \u00ab\u00a0Notre but n\u2019est pas d\u2019\u00eatre\u00a0en concurrence mais plut\u00f4t d\u2019\u00eatre compl\u00e9mentaires.\u00a0\u00bb Pour postuler, les porteurs de projets doivent proposer des \u00ab\u00a0solutions innovantes\u00a0\u00bb. M\u00eame s\u2019il s\u2019agit d\u2019un crit\u00e8re important, il n\u2019est pas le seul \u00e0 \u00eatre pris en compte. \u00ab\u00a0Nous ne recrutons pas uniquement sur la base de l\u2019id\u00e9e propos\u00e9e. Le profil du candidat et sa motivation sont des \u00e9l\u00e9ments tout aussi importants, voire plus. Entreprendre, c\u2019est un engagement personnel et il faut savoir faire preuve de r\u00e9silience\u00a0\u00bb, insiste Vincent Godbert. Avec un rythme de trois promotions par an, la prochaine session se tiendra en 2026.<\/p>\n","protected":false},"excerpt":{"rendered":"Ils sont neuf porteurs de projets \u00e0 suivre un programme intensif pendant trois mois\u00a0; bienvenue au sein de&hellip;\n","protected":false},"author":2,"featured_media":381116,"comment_status":"","ping_status":"","sticky":false,"template":"","format":"standard","meta":{"footnotes":""},"categories":[9635],"tags":[1111,11,1777,674,1011,27,775,1702,12,25],"class_list":{"0":"post-381115","1":"post","2":"type-post","3":"status-publish","4":"format-standard","5":"has-post-thumbnail","7":"category-nancy","8":"tag-actu","9":"tag-actualites","10":"tag-eu","11":"tag-europe","12":"tag-fr","13":"tag-france","14":"tag-grand-est","15":"tag-nancy","16":"tag-news","17":"tag-republique-francaise"},"share_on_mastodon":{"url":"https:\/\/pubeurope.com\/@fr\/115181959683944145","error":""},"_links":{"self":[{"href":"https:\/\/www.europesays.com\/fr\/wp-json\/wp\/v2\/posts\/381115","targetHints":{"allow":["GET"]}}],"collection":[{"href":"https:\/\/www.europesays.com\/fr\/wp-json\/wp\/v2\/posts"}],"about":[{"href":"https:\/\/www.europesays.com\/fr\/wp-json\/wp\/v2\/types\/post"}],"author":[{"embeddable":true,"href":"https:\/\/www.europesays.com\/fr\/wp-json\/wp\/v2\/users\/2"}],"replies":[{"embeddable":true,"href":"https:\/\/www.europesays.com\/fr\/wp-json\/wp\/v2\/comments?post=381115"}],"version-history":[{"count":0,"href":"https:\/\/www.europesays.com\/fr\/wp-json\/wp\/v2\/posts\/381115\/revisions"}],"wp:featuredmedia":[{"embeddable":true,"href":"https:\/\/www.europesays.com\/fr\/wp-json\/wp\/v2\/media\/381116"}],"wp:attachment":[{"href":"https:\/\/www.europesays.com\/fr\/wp-json\/wp\/v2\/media?parent=381115"}],"wp:term":[{"taxonomy":"category","embeddable":true,"href":"https:\/\/www.europesays.com\/fr\/wp-json\/wp\/v2\/categories?post=381115"},{"taxonomy":"post_tag","embeddable":true,"href":"https:\/\/www.europesays.com\/fr\/wp-json\/wp\/v2\/tags?post=381115"}],"curies":[{"name":"wp","href":"https:\/\/api.w.org\/{rel}","templated":true}]}}