{"id":381119,"date":"2025-09-10T20:47:17","date_gmt":"2025-09-10T20:47:17","guid":{"rendered":"https:\/\/www.europesays.com\/fr\/381119\/"},"modified":"2025-09-10T20:47:17","modified_gmt":"2025-09-10T20:47:17","slug":"un-homme-grievement-blesse-par-balles-a-lyon","status":"publish","type":"post","link":"https:\/\/www.europesays.com\/fr\/381119\/","title":{"rendered":"Un homme gri\u00e8vement bless\u00e9 par balles \u00e0 Lyon"},"content":{"rendered":"<tr wp_automatic_readability=\"4.8695652173913\">\n<td valign=\"middle\" align=\"center\" class=\"col-logo\" wp_automatic_readability=\"5\">\n    <img decoding=\"async\" src=\"https:\/\/maville.com\/design\/images\/logo-of-monetise.svg?version=20130627\" alt=\"logo Ouest-France\" height=\"66\"\/><\/p>\n<p>Contenu r\u00e9serv\u00e9 aux abonn\u00e9s<\/p>\n<\/td>\n<td class=\"col-titre\">\n\t\t\tMercredi 10 septembre 2025 20:57<br \/>\n\t\t\t<a class=\"icon-bulle sizeL count\" href=\"#ancreAvis\"><br \/>\n\t&#8230;<br \/>\n<\/a><\/td>\n<\/tr>\n<p>\t\t<a class=\"mavillebox2 elmt-photo\" href=\"https:\/\/maville.com\/photosmvi\/2025\/09\/10\/P35454585D6969655G.jpg\" title=\" Une enqu\u00eate pour tentative de meurtre a \u00e9t\u00e9 ouverte. Photo d\u2019illustration.  \u00a9  MARC OLLIVIER \/ OUEST FRANCE  &lt;!--TAG-BLC credit--&gt;\" rel=\"galerie_actu noopener\" target=\"_blank\"><br \/>\n\t<img decoding=\"async\" src=\"https:\/\/www.europesays.com\/fr\/wp-content\/uploads\/2025\/09\/P35454585D6969655G_crop_640-330_.jpg\" alt=\"photo  une enqu\u00eate pour tentative de meurtre a \u00e9t\u00e9 ouverte. photo d\u2019illustration.  \u00a9  marc ollivier \/ ouest france \"\/><br \/>\n\t1<br \/>\n<\/a><\/p>\n<p class=\"elmt-legende\"> Une enqu\u00eate pour tentative de meurtre a \u00e9t\u00e9 ouverte. Photo d\u2019illustration.  \u00a9  MARC OLLIVIER \/ OUEST FRANCE  <\/p>\n<p>\t\tUne enqu\u00eate pour tentative de meurtre a \u00e9t\u00e9 ouverte apr\u00e8s qu\u2019un homme de 22\u00a0ans a \u00e9t\u00e9 bless\u00e9 par balles mercredi soir. Les tirs \u00ab\u00a0seraient survenus \u00e0 la suite d\u2019une rixe\u00a0\u00bb. Les auteurs sont toujours recherch\u00e9s.<\/p>\n<p><b>Cet article est r\u00e9serv\u00e9 aux abonn\u00e9s<\/b><\/p>\n<p>Pour un acc\u00e8s imm\u00e9diat, abonnez-vous<\/p>\n<p><b>1\u00e8re semaine offerte<\/b><\/p>\n<p>\t\tOuest-France<\/p>\n<p>\t\t&#13;<\/p>\n","protected":false},"excerpt":{"rendered":"Contenu r\u00e9serv\u00e9 aux abonn\u00e9s Mercredi 10 septembre 2025 20:57 &#8230; 1 Une enqu\u00eate pour tentative de meurtre a&hellip;\n","protected":false},"author":2,"featured_media":381120,"comment_status":"","ping_status":"","sticky":false,"template":"","format":"standard","meta":{"footnotes":""},"categories":[9619],"tags":[1111,11,7951,3916,1777,674,1011,27,3915,4933,2428,12,882,25,2310],"class_list":{"0":"post-381119","1":"post","2":"type-post","3":"status-publish","4":"format-standard","5":"has-post-thumbnail","7":"category-toulon","8":"tag-actu","9":"tag-actualites","10":"tag-balles","11":"tag-blesse","12":"tag-eu","13":"tag-europe","14":"tag-fr","15":"tag-france","16":"tag-grievement","17":"tag-homme","18":"tag-lyon","19":"tag-news","20":"tag-provence-alpes-cote-dazur","21":"tag-republique-francaise","22":"tag-toulon"},"share_on_mastodon":{"url":"https:\/\/pubeurope.com\/@fr\/115181967746093746","error":""},"_links":{"self":[{"href":"https:\/\/www.europesays.com\/fr\/wp-json\/wp\/v2\/posts\/381119","targetHints":{"allow":["GET"]}}],"collection":[{"href":"https:\/\/www.europesays.com\/fr\/wp-json\/wp\/v2\/posts"}],"about":[{"href":"https:\/\/www.europesays.com\/fr\/wp-json\/wp\/v2\/types\/post"}],"author":[{"embeddable":true,"href":"https:\/\/www.europesays.com\/fr\/wp-json\/wp\/v2\/users\/2"}],"replies":[{"embeddable":true,"href":"https:\/\/www.europesays.com\/fr\/wp-json\/wp\/v2\/comments?post=381119"}],"version-history":[{"count":0,"href":"https:\/\/www.europesays.com\/fr\/wp-json\/wp\/v2\/posts\/381119\/revisions"}],"wp:featuredmedia":[{"embeddable":true,"href":"https:\/\/www.europesays.com\/fr\/wp-json\/wp\/v2\/media\/381120"}],"wp:attachment":[{"href":"https:\/\/www.europesays.com\/fr\/wp-json\/wp\/v2\/media?parent=381119"}],"wp:term":[{"taxonomy":"category","embeddable":true,"href":"https:\/\/www.europesays.com\/fr\/wp-json\/wp\/v2\/categories?post=381119"},{"taxonomy":"post_tag","embeddable":true,"href":"https:\/\/www.europesays.com\/fr\/wp-json\/wp\/v2\/tags?post=381119"}],"curies":[{"name":"wp","href":"https:\/\/api.w.org\/{rel}","templated":true}]}}