{"id":381125,"date":"2025-09-10T20:50:12","date_gmt":"2025-09-10T20:50:12","guid":{"rendered":"https:\/\/www.europesays.com\/fr\/381125\/"},"modified":"2025-09-10T20:50:12","modified_gmt":"2025-09-10T20:50:12","slug":"pres-de-rouen-une-toute-nouvelle-enseigne-debarque-dans-ce-centre-commercial","status":"publish","type":"post","link":"https:\/\/www.europesays.com\/fr\/381125\/","title":{"rendered":"Pr\u00e8s de Rouen, une toute nouvelle enseigne d\u00e9barque dans ce centre commercial"},"content":{"rendered":"<p>            Par<br \/>\n        <strong><br \/>\n            <a href=\"https:\/\/actu.fr\/auteur\/emilien-jacques\" title=\"Consulter tous les articles de Emilien Jacques\" target=\"_blank\" rel=\"noopener\">Emilien Jacques<\/a><br \/>\n        <\/strong><\/p>\n<p>        Publi\u00e9 le<\/p>\n<p>            10 sept. 2025 \u00e0 22h18        <\/p>\n<p>Le centre commercial de <a href=\"https:\/\/actu.fr\/normandie\/tourville-la-riviere_76705\" target=\"_blank\" rel=\"noopener\">Tourville-la-Rivi\u00e8re (Seine-Maritime)<\/a> compte un commerce de plus. Le 29\u00a0ao\u00fbt 2025, \u00e0 c\u00f4t\u00e9 de l\u2019opticien Krys, dans la galerie marchande, l\u2019enseigne <b>Milome <\/b>a ouvert un magasin au style tr\u00e8s reconnaissable.<\/p>\n<p class=\" wall-content\">\u00ab\u2009Des gens croyaient que c\u2019\u00e9tait un bar\u2009\u00bb, s\u2019amuse la g\u00e9rante, H\u00e9l\u00e8ne Cl\u00e9men\u00e7on. Ce n\u2019est pourtant pas un d\u00e9bit de boissons qui s\u2019est install\u00e9, mais bien l\u2019unique magasin <b>d\u2019ameublement <\/b>de la galerie.<\/p>\n<p>Une enseigne fran\u00e7aise en plein essor<\/p>\n<p class=\" wall-content\">Ancienne enseignante \u00e0 La Vaupali\u00e8re, H\u00e9l\u00e8ne Cl\u00e9men\u00e7on a r\u00e9cemment d\u00e9cid\u00e9 de se r\u00e9orienter dans le <b>commerce<\/b>. \u00ab\u2009Je voulais me lancer seule, mais c\u2019\u00e9tait compliqu\u00e9\u2009\u00bb, admet-elle. Alors, lorsqu\u2019elle entend parler de la <b>franchise <\/b>Milome, elle saisit l\u2019opportunit\u00e9\u2009: \u00ab\u2009J\u2019ai d\u00e9couvert Milome par hasard, \u00e7a m\u2019a beaucoup aid\u00e9.\u2009\u00bb<\/p>\n<p class=\" wall-content\">Elle soumet l\u2019id\u00e9e de s\u2019installer dans la <b>galerie marchande<\/b> du centre commercial de Tourville-la-Rivi\u00e8re, dans un local laiss\u00e9 vacant depuis plus d\u2019un an, suite \u00e0 la fermeture du magasin Le\u00e7on de mode.<\/p>\n<p class=\" wall-content\">Une aubaine pour la soci\u00e9t\u00e9 Milome, en expansion depuis sa cr\u00e9ation en 2015. \u00ab\u2009Leur mod\u00e8le est de s\u2019installer dans les <b>centres commerciaux<\/b>\u2009\u00bb, pr\u00e9cise la nouvelle g\u00e9rante.<\/p>\n<p>Vid\u00e9os : en ce moment sur Actu<\/p>\n<p class=\" wall-content\">Avec <b>5\u00a0millions<\/b> de visiteurs par an, celui de Tourville-la-Rivi\u00e8re a \u00e9t\u00e9 une \u00e9vidence. \u00ab\u2009L\u2019avantage est qu\u2019il n\u2019y avait plus du tout de boutique d\u2019ameublement et de d\u00e9coration\u2009\u00bb, ajoute H\u00e9l\u00e8ne Cl\u00e9men\u00e7on. Probl\u00e8me r\u00e9solu.<\/p>\n<p>Des produits fabriqu\u00e9s uniquement en Europe<\/p>\n<p class=\" wall-content\">Milome poss\u00e8de aujourd\u2019hui 28 magasins dans toute la France, et travaille avec une soixantaine de partenaires <b>exclusivement europ\u00e9ens<\/b>, dont la plupart fran\u00e7ais, ce qui fait sa force.<\/p>\n<p>Votre r\u00e9gion, votre actu !<\/p>\n<p>Recevez chaque jour les infos qui comptent pour vous.<\/p>\n<p>\t<a href=\"https:\/\/actu.fr\/newsletter\" class=\"ac-btn ac-btn--corner ac-btn--medium ac-btn--blue800\" target=\"_blank\" rel=\"noopener\">S&rsquo;incrire<\/a><\/p>\n<blockquote class=\"ac-article-quote wall-content\">\n<p>Nous travaillons en circuit court, c\u2019est ce qu\u2019il y a de plus important. On commande directement au fabricant, ce qui nous permet d\u2019\u00eatre tr\u00e8s comp\u00e9titifs sur les prix.<\/p>\n<p>H\u00e9l\u00e8ne Cl\u00e9men\u00e7on, g\u00e9rante du magasin Milome<\/p><\/blockquote>\n<p class=\" wall-content\">Ainsi, des produits moyen et haut de gamme sont propos\u00e9s \u00e0 des prix \u00ab\u2009tr\u00e8s abordables avec de la <b>qualit\u00e9\u2009<\/b>\u00bb.\u00a0Plus de 300 r\u00e9f\u00e9rences sont disponibles en magasin, avec aussi la possibilit\u00e9 de passer commande sur le site de la marque.<\/p>\n<p>Tables en c\u00e9ramiques, canap\u00e9s, luminaires\u2026<\/p>\n<p class=\" wall-content\">La sp\u00e9cialit\u00e9 de Milome\u2009: des <b>tables en c\u00e9ramique<\/b> pour la plupart de fabrication fran\u00e7aise et des <b>canap\u00e9s<\/b>. Ceux-ci sont expos\u00e9s parmi d\u2019autres produits tels que les tapis, luminaires, et autres objets de <b>d\u00e9coration<\/b>.<\/p>\n<p class=\" wall-content\">Parmi tous ces articles, certains sont impos\u00e9s par la franchise, et d\u2019autres choisis par H\u00e9l\u00e8ne Cl\u00e9men\u00e7on elle-m\u00eame dans le <b>catalogue <\/b>Milome. \u00ab\u2009Il y a un <b>r\u00e9assort <\/b>r\u00e9gulier avec de nouvelles choses qui arrivent tr\u00e8s souvent. On se renouvelle beaucoup\u2009\u00bb, assure-t-elle.<\/p>\n<p class=\" wall-content\">Il semble que le nouveau magasin \u00e0 l\u2019agencement tr\u00e8s soign\u00e9 ait d\u00e9j\u00e0 attir\u00e9 l\u2019\u0153il de certains passants. \u00ab\u2009On a eu beaucoup de <b>compliments <\/b>sur la boutique\u2009\u00bb, t\u00e9moigne H\u00e9l\u00e8ne Cl\u00e9men\u00e7on, qui affirme \u00e9galement avoir \u00ab\u2009beaucoup de retours de gens qui sont contents de trouver ce genre de boutique dans la galerie\u2009\u00bb.<\/p>\n<p class=\" wall-content\">De quoi envisager l\u2019avenir avec optimisme. \u00ab\u2009Pour le moment on a pas mal de passage, remarque la g\u00e9rante. Je suis tr\u00e8s confiante pour la suite, les autres boutiques Milome de France fonctionnent tr\u00e8s bien, je ne vois pas pourquoi \u00e7a ne marcherait pas ici\u2009!\u2009\u00bb<\/p>\n<p class=\" wall-content\">Personnalisez votre actualit\u00e9 en ajoutant vos villes et m\u00e9dias en favori avec <a href=\"https:\/\/moncompte.actu.fr\" title=\"D\u00e9couvez Mon Actu\" rel=\"nofollow noopener\" data-trk=\"{&quot;cta&quot;:{&quot;action&quot;:&quot;https:\\\/\\\/moncompte.actu.fr&quot;,&quot;category&quot;:&quot;mon compte&quot;,&quot;from&quot;:&quot;article footer&quot;,&quot;name&quot;:&quot;Mon actu&quot;,&quot;type&quot;:&quot;cta&quot;}}\" target=\"_blank\">Mon Actu<\/a>.<\/p>\n","protected":false},"excerpt":{"rendered":"Par Emilien Jacques Publi\u00e9 le 10 sept. 2025 \u00e0 22h18 Le centre commercial de Tourville-la-Rivi\u00e8re (Seine-Maritime) compte un&hellip;\n","protected":false},"author":2,"featured_media":381126,"comment_status":"","ping_status":"","sticky":false,"template":"","format":"standard","meta":{"footnotes":""},"categories":[9587],"tags":[1111,11,215,1777,674,1011,27,12,5161,3147,25,9590,104],"class_list":{"0":"post-381125","1":"post","2":"type-post","3":"status-publish","4":"format-standard","5":"has-post-thumbnail","7":"category-rouen","8":"tag-actu","9":"tag-actualites","10":"tag-commerce","11":"tag-eu","12":"tag-europe","13":"tag-fr","14":"tag-france","15":"tag-news","16":"tag-normandie","17":"tag-nouveaux-commerces","18":"tag-republique-francaise","19":"tag-rouen","20":"tag-societe"},"share_on_mastodon":{"url":"https:\/\/pubeurope.com\/@fr\/115181979335645600","error":""},"_links":{"self":[{"href":"https:\/\/www.europesays.com\/fr\/wp-json\/wp\/v2\/posts\/381125","targetHints":{"allow":["GET"]}}],"collection":[{"href":"https:\/\/www.europesays.com\/fr\/wp-json\/wp\/v2\/posts"}],"about":[{"href":"https:\/\/www.europesays.com\/fr\/wp-json\/wp\/v2\/types\/post"}],"author":[{"embeddable":true,"href":"https:\/\/www.europesays.com\/fr\/wp-json\/wp\/v2\/users\/2"}],"replies":[{"embeddable":true,"href":"https:\/\/www.europesays.com\/fr\/wp-json\/wp\/v2\/comments?post=381125"}],"version-history":[{"count":0,"href":"https:\/\/www.europesays.com\/fr\/wp-json\/wp\/v2\/posts\/381125\/revisions"}],"wp:featuredmedia":[{"embeddable":true,"href":"https:\/\/www.europesays.com\/fr\/wp-json\/wp\/v2\/media\/381126"}],"wp:attachment":[{"href":"https:\/\/www.europesays.com\/fr\/wp-json\/wp\/v2\/media?parent=381125"}],"wp:term":[{"taxonomy":"category","embeddable":true,"href":"https:\/\/www.europesays.com\/fr\/wp-json\/wp\/v2\/categories?post=381125"},{"taxonomy":"post_tag","embeddable":true,"href":"https:\/\/www.europesays.com\/fr\/wp-json\/wp\/v2\/tags?post=381125"}],"curies":[{"name":"wp","href":"https:\/\/api.w.org\/{rel}","templated":true}]}}