{"id":381131,"date":"2025-09-10T20:54:12","date_gmt":"2025-09-10T20:54:12","guid":{"rendered":"https:\/\/www.europesays.com\/fr\/381131\/"},"modified":"2025-09-10T20:54:12","modified_gmt":"2025-09-10T20:54:12","slug":"les-lycees-sevigne-et-saint-vincent-participent-au-goncourt-des-lyceens","status":"publish","type":"post","link":"https:\/\/www.europesays.com\/fr\/381131\/","title":{"rendered":"Les lyc\u00e9es S\u00e9vign\u00e9 et Saint-Vincent participent au Goncourt des lyc\u00e9ens"},"content":{"rendered":"<p>C\u2019est parti pour la 38e \u00e9dition du Prix Goncourt des lyc\u00e9ens. Durant deux mois environ, 2\u00a0000\u00a0\u00e9l\u00e8ves de toute la France vont lire les 14\u00a0romans de la s\u00e9lection Goncourt pour \u00e9lire leur laur\u00e9at. Son nom sera d\u00e9voil\u00e9 \u00e0 Rennes le 27\u00a0novembre 2025 \u00e0 Rennes.<\/p>\n<p>Cette ann\u00e9e deux lyc\u00e9es bretilliens participent \u00e0 l\u2019op\u00e9ration, le lyc\u00e9e Saint-Vincent de Rennes et le lyc\u00e9e S\u00e9vign\u00e9 de Cesson.<\/p>\n<p><a href=\"https:\/\/rennes.maville.com\/actu\/actudet_-emmanuel-carrere-nathacha-appanah...-decouvrez-les-quinze-auteurs-en-lice-pour-le-prix-goncourt-_54135-6958642_actu.Htm\" target=\"_self\" rel=\"nofollow noopener\">Les quatorze romans en lice sont\u00a0:<\/a> Nathacha Appanah, La nuit au c\u0153ur (Gallimard), Emmanuel Carr\u00e8re, Kolkhoze (P.O.L), David Deneufgermain, L\u2019adieu au visage (Marchialy), Ghislaine Dunant, Un amour infini (Albin Michel), Paul Gasnier, La collision (Gallimard), Yanick Lahens, Passag\u00e8res de nuit (Sabine Wespieser), Caroline Lamarche, Le bel obscur (Seuil), H\u00e9l\u00e8ne Laurain, Tambora (Verdier),, Charif Majdalani, Le nom des rois (Stock), Laurent Mauvignier, La maison vide (Minuit), Alfred de Montesquiou, Le cr\u00e9puscule des hommes (Robert Laffont), Guillaume Poix, Perp\u00e9tuit\u00e9 (Verticales), Maria Pourchet, Tressaillir (Stock), David Thomas, Un fr\u00e8re (L\u2019Olivier)\u00a0;<\/p>\n<p>La liste ne comprend pas le livre de David Diopp d\u00e9j\u00e0 laur\u00e9at du Goncourt des lyc\u00e9ens en 2018<\/p>\n<p>En 2024, le Prix Goncourt des Lyc\u00e9ens a \u00e9t\u00e9 d\u00e9cern\u00e9 \u00e0 <a href=\"https:\/\/rennes.maville.com\/actu\/actudet_-sandrine-collette-remporte-le-prix-goncourt-des-lyceens-pour-son-roman-madelaine-avant-l-aube-_7-6573212_actu.Htm\" target=\"_self\" rel=\"nofollow noopener\">Sandrine Collette pour son roman <\/a>  <a href=\"https:\/\/rennes.maville.com\/actu\/actudet_-sandrine-collette-remporte-le-prix-goncourt-des-lyceens-pour-son-roman-madelaine-avant-l-aube-_7-6573212_actu.Htm\" target=\"_self\" rel=\"nofollow noopener\">Madelaine avant l\u2019aube<\/a>  (\u00e9ditions JC Latt\u00e8s).<\/p>\n<p>\u00a0<\/p>\n","protected":false},"excerpt":{"rendered":"C\u2019est parti pour la 38e \u00e9dition du Prix Goncourt des lyc\u00e9ens. Durant deux mois environ, 2\u00a0000\u00a0\u00e9l\u00e8ves de toute&hellip;\n","protected":false},"author":2,"featured_media":381132,"comment_status":"","ping_status":"","sticky":false,"template":"","format":"standard","meta":{"footnotes":""},"categories":[2821],"tags":[1111,11,829,1777,674,1011,27,51438,15387,21194,12,12213,584,25,51437,51436],"class_list":{"0":"post-381131","1":"post","2":"type-post","3":"status-publish","4":"format-standard","5":"has-post-thumbnail","7":"category-rennes","8":"tag-actu","9":"tag-actualites","10":"tag-bretagne","11":"tag-eu","12":"tag-europe","13":"tag-fr","14":"tag-france","15":"tag-goncourt","16":"tag-lyceens","17":"tag-lycees","18":"tag-news","19":"tag-participent","20":"tag-rennes","21":"tag-republique-francaise","22":"tag-saint-vincent","23":"tag-sevigne"},"share_on_mastodon":{"url":"https:\/\/pubeurope.com\/@fr\/115181994950243161","error":""},"_links":{"self":[{"href":"https:\/\/www.europesays.com\/fr\/wp-json\/wp\/v2\/posts\/381131","targetHints":{"allow":["GET"]}}],"collection":[{"href":"https:\/\/www.europesays.com\/fr\/wp-json\/wp\/v2\/posts"}],"about":[{"href":"https:\/\/www.europesays.com\/fr\/wp-json\/wp\/v2\/types\/post"}],"author":[{"embeddable":true,"href":"https:\/\/www.europesays.com\/fr\/wp-json\/wp\/v2\/users\/2"}],"replies":[{"embeddable":true,"href":"https:\/\/www.europesays.com\/fr\/wp-json\/wp\/v2\/comments?post=381131"}],"version-history":[{"count":0,"href":"https:\/\/www.europesays.com\/fr\/wp-json\/wp\/v2\/posts\/381131\/revisions"}],"wp:featuredmedia":[{"embeddable":true,"href":"https:\/\/www.europesays.com\/fr\/wp-json\/wp\/v2\/media\/381132"}],"wp:attachment":[{"href":"https:\/\/www.europesays.com\/fr\/wp-json\/wp\/v2\/media?parent=381131"}],"wp:term":[{"taxonomy":"category","embeddable":true,"href":"https:\/\/www.europesays.com\/fr\/wp-json\/wp\/v2\/categories?post=381131"},{"taxonomy":"post_tag","embeddable":true,"href":"https:\/\/www.europesays.com\/fr\/wp-json\/wp\/v2\/tags?post=381131"}],"curies":[{"name":"wp","href":"https:\/\/api.w.org\/{rel}","templated":true}]}}