{"id":381141,"date":"2025-09-10T20:59:11","date_gmt":"2025-09-10T20:59:11","guid":{"rendered":"https:\/\/www.europesays.com\/fr\/381141\/"},"modified":"2025-09-10T20:59:11","modified_gmt":"2025-09-10T20:59:11","slug":"la-renovation-de-leglise-du-gesu-dans-le-vieux-nice-est-une-priorite-pour-la-ville","status":"publish","type":"post","link":"https:\/\/www.europesays.com\/fr\/381141\/","title":{"rendered":"La r\u00e9novation de l\u2019\u00e9glise du Ges\u00f9 dans le Vieux-Nice est \u00ab\u00a0une priorit\u00e9\u00a0\u00bb pour la Ville"},"content":{"rendered":"<p>\u00ab\u00a0Le chantier durera trois &#8211; quatre ans \u00ab\u00a0, a annonc\u00e9 Anthony Borr\u00e9, le premier adjoint au maire de Nice, au sujet de la r\u00e9novation de l\u2019\u00e9glise Saint-Jacques-le-Majeur, dite du Ges\u00f9, qui commence \u00e0 se d\u00e9t\u00e9riorer. \u00ab\u00a0La r\u00e9novation de l\u2019\u00e9glise du Ges\u00f9 doit \u00eatre une priorit\u00e9\u00a0\u00bb, assure-t-il.<\/p>\n<p>Il faut dire que l\u2019\u00e9difice a \u00e9t\u00e9 b\u00e2ti au XVIIe si\u00e8cle, dans un style baroque. L\u2019inspiration? L\u2019\u00e9glise du Ges\u00f9 de Rome. Notre b\u00e2timent ni\u00e7ois en reprend le trac\u00e9 de la nef, entour\u00e9 de six chapelles. Ses caract\u00e9ristiques et son histoire ont conduit \u00e0 la classer monument historique en 1971.<\/p>\n<p>D\u00e9but des travaux en 2026<\/p>\n<p>Ainsi que le souligne l\u2019\u00e9lu ni\u00e7ois: \u00ab\u00a0Nous avons eu des \u00e9changes avec le maire de Nice, la Drac [Direction r\u00e9gionale des affaires culturelles] et le pr\u00e9fet de R\u00e9gion. Nous avons obtenu un financement d\u2019\u00c9tat pour commencer les travaux en 2026.\u00a0\u00bb<\/p>\n<p>La Ville de Nice confirme avoir \u00ab\u00a0men\u00e9 un diagnostic complet du p\u00e9rim\u00e8tre de l\u2019\u00e9glise du Ges\u00f9 et de la Semeuse, permettant de d\u00e9finir un programme de travaux de restauration, tant pour l\u2019ext\u00e9rieur que l\u2019int\u00e9rieur.\u00a0\u00bb Dans le d\u00e9tail, elle indique qu\u2019elle \u00ab\u00a0va lancer, d\u2019ici le d\u00e9but de l\u2019ann\u00e9e de 2026, la proc\u00e9dure de s\u00e9lection d\u2019une \u00e9quipe de ma\u00eetrise d\u2019\u0153uvre sous la direction d\u2019un architecte en chef des Monuments historiques ou architecte du patrimoine, accompagn\u00e9 de bureaux d\u2019\u00e9tudes sp\u00e9cialis\u00e9s en vue de conduire les \u00e9tudes n\u00e9cessaires \u00e0 ce projet patrimonial.\u00a0\u00bb<\/p>\n","protected":false},"excerpt":{"rendered":"\u00ab\u00a0Le chantier durera trois &#8211; quatre ans \u00ab\u00a0, a annonc\u00e9 Anthony Borr\u00e9, le premier adjoint au maire de&hellip;\n","protected":false},"author":2,"featured_media":381142,"comment_status":"","ping_status":"","sticky":false,"template":"","format":"standard","meta":{"footnotes":""},"categories":[2819],"tags":[1111,11,1777,674,1011,27,12,2401,882,4020,25],"class_list":{"0":"post-381141","1":"post","2":"type-post","3":"status-publish","4":"format-standard","5":"has-post-thumbnail","7":"category-nice","8":"tag-actu","9":"tag-actualites","10":"tag-eu","11":"tag-europe","12":"tag-fr","13":"tag-france","14":"tag-news","15":"tag-nice","16":"tag-provence-alpes-cote-dazur","17":"tag-religion","18":"tag-republique-francaise"},"share_on_mastodon":{"url":"https:\/\/pubeurope.com\/@fr\/115182014617717429","error":""},"_links":{"self":[{"href":"https:\/\/www.europesays.com\/fr\/wp-json\/wp\/v2\/posts\/381141","targetHints":{"allow":["GET"]}}],"collection":[{"href":"https:\/\/www.europesays.com\/fr\/wp-json\/wp\/v2\/posts"}],"about":[{"href":"https:\/\/www.europesays.com\/fr\/wp-json\/wp\/v2\/types\/post"}],"author":[{"embeddable":true,"href":"https:\/\/www.europesays.com\/fr\/wp-json\/wp\/v2\/users\/2"}],"replies":[{"embeddable":true,"href":"https:\/\/www.europesays.com\/fr\/wp-json\/wp\/v2\/comments?post=381141"}],"version-history":[{"count":0,"href":"https:\/\/www.europesays.com\/fr\/wp-json\/wp\/v2\/posts\/381141\/revisions"}],"wp:featuredmedia":[{"embeddable":true,"href":"https:\/\/www.europesays.com\/fr\/wp-json\/wp\/v2\/media\/381142"}],"wp:attachment":[{"href":"https:\/\/www.europesays.com\/fr\/wp-json\/wp\/v2\/media?parent=381141"}],"wp:term":[{"taxonomy":"category","embeddable":true,"href":"https:\/\/www.europesays.com\/fr\/wp-json\/wp\/v2\/categories?post=381141"},{"taxonomy":"post_tag","embeddable":true,"href":"https:\/\/www.europesays.com\/fr\/wp-json\/wp\/v2\/tags?post=381141"}],"curies":[{"name":"wp","href":"https:\/\/api.w.org\/{rel}","templated":true}]}}