{"id":381143,"date":"2025-09-10T21:00:27","date_gmt":"2025-09-10T21:00:27","guid":{"rendered":"https:\/\/www.europesays.com\/fr\/381143\/"},"modified":"2025-09-10T21:00:27","modified_gmt":"2025-09-10T21:00:27","slug":"construction-de-500-logements-acceleree","status":"publish","type":"post","link":"https:\/\/www.europesays.com\/fr\/381143\/","title":{"rendered":"Construction de 500 logements acc\u00e9l\u00e9r\u00e9e"},"content":{"rendered":"<p>                            <strong>Un protocole de partenariat a \u00e9t\u00e9 sign\u00e9 par Nantes M\u00e9tropole, le Groupe Caisse des D\u00e9p\u00f4ts et la Samoa. Le cap fix\u00e9 ? Acc\u00e9l\u00e9rer la construction de 500 logements, la plupart sur l\u2019\u00eele de Nantes, d\u2019ici 2027.<\/strong><\/p>\n<p>L\u2019initiative s\u2019inscrit dans le programme national \u00ab Territoires Engag\u00e9s pour le Logement \u00bb. Un protocole de partenariat vient d\u2019\u00eatre sign\u00e9 afin de construire plus rapidement 500 logements sur l\u2019\u00cele de Nantes en particulier. Les signataires sont Nantes M\u00e9tropole, le Groupe Caisse des D\u00e9p\u00f4ts et ses filiales ainsi que la Samoa avec comme horizon 2027.\u00a0<\/p>\n<p><strong><a href=\"https:\/\/hellogazettenantes.fr\/decryptage-pourquoi-nantes-metropole-lance-deux-lignes-de-covoiturage-en-2026\/\" rel=\"nofollow noopener\" target=\"_blank\">Nantes M\u00e9tropole<\/a><\/strong> a en effet \u00e9t\u00e9 retenue \u00ab dans le cadre du programme port\u00e9 par l\u2019Etat devant permettre d\u2019acc\u00e9l\u00e9rer la sortie de 1500 logements d\u2019ici 2027 (livr\u00e9s ou autoris\u00e9s) sur l\u2019\u00eele de Nantes et la ZAC Pirmil-Les Isles \u00bb indiquent Nantes M\u00e9tropole et la Samoa. Mais difficile de les voir sortir de terre dans une situation de crise du logement.<\/p>\n<p>Ce nouveau protocole vise \u00ab \u00e0 soutenir des op\u00e9rations immobili\u00e8res, aujourd\u2019hui bloqu\u00e9es, pour leur permettre de retrouver un \u00e9quilibre \u00e9conomique plus soutenable, mais aussi de d\u00e9velopper de nouveaux projets de logements\u00a0\u00bb est-il expliqu\u00e9. Avec l\u2019accent mis sur 500 logements donc.            <\/p>\n<p><img decoding=\"async\" alt=\"Advertisement\" src=\"data:image\/svg+xml,%3Csvg%20xmlns=\" http:=\"\" data-lazy-src=\"https:\/\/www.europesays.com\/fr\/wp-content\/uploads\/2025\/04\/Application-mobile-hello-gazette-nantes.gif\"\/><\/p>\n","protected":false},"excerpt":{"rendered":"Un protocole de partenariat a \u00e9t\u00e9 sign\u00e9 par Nantes M\u00e9tropole, le Groupe Caisse des D\u00e9p\u00f4ts et la Samoa.&hellip;\n","protected":false},"author":2,"featured_media":381144,"comment_status":"","ping_status":"","sticky":false,"template":"","format":"standard","meta":{"footnotes":""},"categories":[2818],"tags":[1111,11,1777,674,1011,27,766,12,2636,25],"class_list":{"0":"post-381143","1":"post","2":"type-post","3":"status-publish","4":"format-standard","5":"has-post-thumbnail","7":"category-nantes","8":"tag-actu","9":"tag-actualites","10":"tag-eu","11":"tag-europe","12":"tag-fr","13":"tag-france","14":"tag-nantes","15":"tag-news","16":"tag-pays-de-la-loire","17":"tag-republique-francaise"},"share_on_mastodon":{"url":"https:\/\/pubeurope.com\/@fr\/115182018583981441","error":""},"_links":{"self":[{"href":"https:\/\/www.europesays.com\/fr\/wp-json\/wp\/v2\/posts\/381143","targetHints":{"allow":["GET"]}}],"collection":[{"href":"https:\/\/www.europesays.com\/fr\/wp-json\/wp\/v2\/posts"}],"about":[{"href":"https:\/\/www.europesays.com\/fr\/wp-json\/wp\/v2\/types\/post"}],"author":[{"embeddable":true,"href":"https:\/\/www.europesays.com\/fr\/wp-json\/wp\/v2\/users\/2"}],"replies":[{"embeddable":true,"href":"https:\/\/www.europesays.com\/fr\/wp-json\/wp\/v2\/comments?post=381143"}],"version-history":[{"count":0,"href":"https:\/\/www.europesays.com\/fr\/wp-json\/wp\/v2\/posts\/381143\/revisions"}],"wp:featuredmedia":[{"embeddable":true,"href":"https:\/\/www.europesays.com\/fr\/wp-json\/wp\/v2\/media\/381144"}],"wp:attachment":[{"href":"https:\/\/www.europesays.com\/fr\/wp-json\/wp\/v2\/media?parent=381143"}],"wp:term":[{"taxonomy":"category","embeddable":true,"href":"https:\/\/www.europesays.com\/fr\/wp-json\/wp\/v2\/categories?post=381143"},{"taxonomy":"post_tag","embeddable":true,"href":"https:\/\/www.europesays.com\/fr\/wp-json\/wp\/v2\/tags?post=381143"}],"curies":[{"name":"wp","href":"https:\/\/api.w.org\/{rel}","templated":true}]}}