{"id":381145,"date":"2025-09-10T21:01:36","date_gmt":"2025-09-10T21:01:36","guid":{"rendered":"https:\/\/www.europesays.com\/fr\/381145\/"},"modified":"2025-09-10T21:01:36","modified_gmt":"2025-09-10T21:01:36","slug":"le-gros-de-leffort-de-greve-debutera-le-18-septembre-a-nantes-un-10-septembre-aux-allures-de-tour-de-chauffe","status":"publish","type":"post","link":"https:\/\/www.europesays.com\/fr\/381145\/","title":{"rendered":"\u00ab\u00a0Le gros de l\u2019effort de gr\u00e8ve d\u00e9butera le 18\u00a0septembre\u00a0\u00bb\u00a0: \u00e0 Nantes, un 10\u00a0septembre aux allures de tour de chauffe"},"content":{"rendered":"<p>Envoy\u00e9 sp\u00e9cial, Nantes (Loire-Atlantique).<\/p>\n<p>Le jour n\u2019est pas encore lev\u00e9 que des petits groupes afflux place Rosa-Parks, \u00e0 Nantes. Ce rond-point strat\u00e9gique \u00e9tait cibl\u00e9 par les partisans du 10\u00a0septembre. Le rendez-vous \u00e9tait donn\u00e9 \u00e0 6\u00a0heures du matin. Gilet jaune sur les \u00e9paules, sans se r\u00e9clamer de ce mouvement, Anna fait partie des 300\u00a0personnes qui tentent d\u2019occuper l\u2019axe de circulation.<\/p>\n<p>\u00ab\u00a0La France cr\u00e8ve alors que les riches se gavent. Le d\u00e9part de Bayrou ne change rien. Il \u00e9tait certain que Macron allait continuer sa politique lib\u00e9rale. Il nous faut d\u00e9sormais bloquer l\u2019\u00e9conomie\u00a0\u00bb, assure la jeune enseignante. Alors que la nasse polici\u00e8re se forme, la militante, habitu\u00e9e des cort\u00e8ges autonome nantais, glisse \u00e0 ses amis\u00a0: \u00ab\u00a0Pour l\u2019instant, c\u2019est une d\u00e9monstration de force de l\u2019\u00c9tat.\u00a0\u00bb<\/p>\n<p>Convergence des initiatives autonomes et syndicales <\/p>\n<p>Dans la capitale de Loire-Atlantique, les derni\u00e8res assembl\u00e9es g\u00e9n\u00e9rales en amont du 10\u00a0septembre avaient rassembl\u00e9 plus de 400\u00a0personnes. En r\u00e9ponse, le dispositif policier est cons\u00e9quent avec, sur Rosa-Parks, <a href=\"https:\/\/www.humanite.fr\/politique\/bruno-retailleau\/10-septembre-le-gouvernement-mobilise-matraques-et-des-lacrymos-contre-la-colere-sociale\" data-type=\"post\" data-id=\"3176047\" target=\"_blank\" rel=\"noopener\">pas moins d\u2019une vingtaine de camions de CRS<\/a>. <\/p>\n<p>Sans le rapport de force pour bloquer, <a href=\"https:\/\/www.humanite.fr\/politique\/bruno-retailleau\/10-septembre-le-gouvernement-mobilise-matraques-et-des-lacrymos-contre-la-colere-sociale\" target=\"_blank\" rel=\"noopener\">les manifestants<\/a> d\u00e9cident de jouer au jeu du chat et de la souris avec les policiers dans les rues adjacentes. Ailleurs dans la ville, les moyens employ\u00e9s par la pr\u00e9fecture sont similaires. \u00ab\u00a0\u00c7a ne prend pas non plus \u00e0 l\u2019esplanade du Cardo\u00a0\u00bb, peut-on lire sur une des discussions sur la messagerie crypt\u00e9e Signal du noyau dur nantais. <\/p>\n<p>Peu avant 7\u00a0heures, le groupe tente de rejoindre l\u2019incin\u00e9rateur Valo\u2019Loire, \u00e0 une quarantaine de minutes \u00e0 pied, bloqu\u00e9 par la CGT. <\/p>\n<p>Parmi les militants chevronn\u00e9s, autonomes, black blocs ou syndicalistes, de rares primo-manifestants en dehors des cadres syndicaux sont tout de m\u00eame pr\u00e9sents. Comme, Christelle, enseignante\u00a0: \u00ab\u00a0Je n\u2019\u00e9tais pas venue lors des gilets jaunes, mais cette fois, Macron est all\u00e9 trop loin avec ses projets aust\u00e9ritaires et son non-respect des urnes. Nous devons faire peur au pouvoir. La nomination de Lecornu est une nouvelle provocation.\u00a0\u00bb <\/p>\n<p>Derri\u00e8re ses lunettes rondes, <a href=\"https:\/\/www.humanite.fr\/social-et-economie\/10-septembre\/10-septembre-pourquoi-ils-vont-tout-bloquer\" target=\"_blank\" rel=\"noopener\">la m\u00e8re de famille<\/a> n\u2019en d\u00e9mord pas\u00a0: \u00ab\u00a0Je n\u2019ai pas les moyens d\u2019enseigner convenablement \u00e0 mes \u00e9l\u00e8ves. Mon mari, infirmier, non plus.\u00a0\u00bb<\/p>\n<p>\u00ab\u00a0Le gros de l\u2019effort de gr\u00e8ve d\u00e9butera le 18\u00a0septembre\u00a0\u00bb<\/p>\n<p>Trois heures plus tard, une petite centaine de manifestants parmi les plus d\u00e9termin\u00e9s parvient \u00e0 rejoindre le piquet de gr\u00e8ve, depuis le p\u00e9riph\u00e9rique, encadr\u00e9s par les CRS. Sur place, une trentaine d\u2019agents tiennent un rassemblement devant l\u2019incin\u00e9rateur, alors que 95\u00a0% du personnel est en gr\u00e8ve. <\/p>\n<p>\u00ab\u00a0Aucun camion ne va sortir aujourd\u2019hui. Nous sommes en soutien au 10, mais nous revendiquons aussi pour nos conditions de travail. C\u2019est un coup d\u2019essai, en attendant la journ\u00e9e de l\u2019intersyndicale du 18\u00a0septembre, insiste Patrick, technicien de maintenance et d\u00e9l\u00e9gu\u00e9 syndical CGT de Valo\u2019Loire. L\u2019\u00c9tat et la pr\u00e9fecture ont mis les moyens pour emp\u00eacher les blocages. Mais ici, on tient\u00a0! Bayrou, Lecornu ou un autre, il faudra un mouvement social pour r\u00e9pondre \u00e0 nos besoins.\u00a0\u00bb <\/p>\n<p>En parall\u00e8le, d\u00e8s 4\u00a0heures du matin, <a href=\"https:\/\/www.humanite.fr\/social-et-economie\/10-septembre\/10-septembre-la-cgt-appelle-ses-syndicats-a-construire-la-greve-pour-une-premiere-etape-reussie\" target=\"_blank\" rel=\"noopener\">une importante mobilisation de la CGT<\/a> a permis de tenir un gros barrage filtrant aux abords de l\u2019a\u00e9roport.<\/p>\n<p>Le syndicat avait donn\u00e9 rendez-vous \u00e0 11\u00a0heures, place du Commerce, pour faire converger les diff\u00e9rentes initiatives. Sur les coups de midi, plus de 1\u00a0500\u00a0personnes, principalement des jeunes, se regroupent. Des gr\u00e9vistes, aussi, cheminots, enseignants, personnels de la sant\u00e9 et de la culture mobilis\u00e9s avec leurs syndicats.<\/p>\n<p>\u00ab\u00a0Le gros de l\u2019effort de gr\u00e8ve d\u00e9butera le 18\u00a0septembre\u00a0\u00bb, assure Aur\u00e9lien, technicien de maintenance \u00e0 la SNCF. Dans son atelier, 25\u00a0% des effectifs ont tout de m\u00eame cess\u00e9 le travail. \u00ab\u00a0En plus de l\u2019aust\u00e9rit\u00e9, nous devons combattre les cons\u00e9quences de l\u2019ouverture \u00e0 la concurrence qui nivelle par le bas nos conditions de travail\u00a0\u00bb, poursuit le cheminot de 28\u00a0ans.<\/p>\n<p>Plus loin sur l\u2019art\u00e8re, Catherine, femme au foyer et<a href=\"https:\/\/www.humanite.fr\/social-et-economie\/education-nationale\/soignants-profs-agents-de-lenergie-les-creusets-du-ras-le-bol-general-face-aux-politiques-austeritaires\" target=\"_blank\" rel=\"noopener\"> gilet jaune de la premi\u00e8re heure<\/a>, se prend \u00e0 esp\u00e9rer\u00a0: \u00ab\u00a0Pourquoi ne pas occuper une place, y dormir avec des tentes et installer des barbecues d\u00e8s ce soir\u00a0?\u00a0\u00bb <\/p>\n<p>Alors que la pluie commence \u00e0 s\u2019abattre, un groupe de 200 manifestants, emmen\u00e9 par les black blocs, tente de rentrer dans le centre-ville de Nantes, sans violence. Ni une ni deux, les CRS dispersent la foule avec des gaz lacrymog\u00e8nes, puis \u00e9vacuent l\u2019ensemble de la place. Si ce rassemblement du 10\u00a0septembre se termine ainsi, l\u2019automne social ne fait que commencer.<\/p>\n<p>Le journal des intelligences libres<\/p>\n<p>\u00ab C\u2019est par des informations \u00e9tendues et exactes que nous voudrions donner \u00e0 toutes les intelligences libres <strong>le moyen de comprendre et de juger elles-m\u00eames les \u00e9v\u00e9nements du monde<\/strong>. \u00bb<br \/>Tel \u00e9tait <strong>\u00ab\u00a0Notre but\u00a0\u00bb<\/strong>, comme l\u2019\u00e9crivait Jean Jaur\u00e8s dans le premier \u00e9ditorial de l\u2019Humanit\u00e9.<br \/><strong>120 ans plus tard, il n\u2019a pas chang\u00e9. <br \/>Gr\u00e2ce \u00e0 vous. <\/strong><br \/>Soutenez-nous\u00a0! Votre don sera d\u00e9fiscalis\u00e9\u00a0: donner 5\u20ac vous reviendra \u00e0 1.65\u20ac. Le prix d\u2019un caf\u00e9.<br \/><a href=\"https:\/\/www.humanite.fr\/lhumanite-cest-vous\" target=\"_blank\" rel=\"noopener\">Je veux en savoir plus\u00a0!<\/a><\/p>\n","protected":false},"excerpt":{"rendered":"Envoy\u00e9 sp\u00e9cial, Nantes (Loire-Atlantique). Le jour n\u2019est pas encore lev\u00e9 que des petits groupes afflux place Rosa-Parks, \u00e0&hellip;\n","protected":false},"author":2,"featured_media":381146,"comment_status":"","ping_status":"","sticky":false,"template":"","format":"standard","meta":{"footnotes":""},"categories":[2818],"tags":[48300,1111,11,16995,1271,1777,674,1011,27,766,12,2636,25],"class_list":{"0":"post-381145","1":"post","2":"type-post","3":"status-publish","4":"format-standard","5":"has-post-thumbnail","7":"category-nantes","8":"tag-10-septembre","9":"tag-actu","10":"tag-actualites","11":"tag-black-blocs","12":"tag-cgt","13":"tag-eu","14":"tag-europe","15":"tag-fr","16":"tag-france","17":"tag-nantes","18":"tag-news","19":"tag-pays-de-la-loire","20":"tag-republique-francaise"},"share_on_mastodon":{"url":"https:\/\/pubeurope.com\/@fr\/115182022367889937","error":""},"_links":{"self":[{"href":"https:\/\/www.europesays.com\/fr\/wp-json\/wp\/v2\/posts\/381145","targetHints":{"allow":["GET"]}}],"collection":[{"href":"https:\/\/www.europesays.com\/fr\/wp-json\/wp\/v2\/posts"}],"about":[{"href":"https:\/\/www.europesays.com\/fr\/wp-json\/wp\/v2\/types\/post"}],"author":[{"embeddable":true,"href":"https:\/\/www.europesays.com\/fr\/wp-json\/wp\/v2\/users\/2"}],"replies":[{"embeddable":true,"href":"https:\/\/www.europesays.com\/fr\/wp-json\/wp\/v2\/comments?post=381145"}],"version-history":[{"count":0,"href":"https:\/\/www.europesays.com\/fr\/wp-json\/wp\/v2\/posts\/381145\/revisions"}],"wp:featuredmedia":[{"embeddable":true,"href":"https:\/\/www.europesays.com\/fr\/wp-json\/wp\/v2\/media\/381146"}],"wp:attachment":[{"href":"https:\/\/www.europesays.com\/fr\/wp-json\/wp\/v2\/media?parent=381145"}],"wp:term":[{"taxonomy":"category","embeddable":true,"href":"https:\/\/www.europesays.com\/fr\/wp-json\/wp\/v2\/categories?post=381145"},{"taxonomy":"post_tag","embeddable":true,"href":"https:\/\/www.europesays.com\/fr\/wp-json\/wp\/v2\/tags?post=381145"}],"curies":[{"name":"wp","href":"https:\/\/api.w.org\/{rel}","templated":true}]}}